{"id":97828,"date":"2023-09-29T13:28:55","date_gmt":"2023-09-29T16:28:55","guid":{"rendered":"https:\/\/www.centraldenoticias.com.ar\/?p=97828"},"modified":"2023-09-29T20:20:42","modified_gmt":"2023-09-29T23:20:42","slug":"semana-de-la-ciencia-salud-sociales-e-ingenieria-salen-al-paseo-jesus-mendia","status":"publish","type":"post","link":"https:\/\/cdnoticias.com\/index.php\/2023\/09\/29\/semana-de-la-ciencia-salud-sociales-e-ingenieria-salen-al-paseo-jesus-mendia\/","title":{"rendered":"Semana de la Ciencia: Salud, Sociales e Ingenier\u00eda salen al Paseo Jes\u00fas Mend\u00eda"},"content":{"rendered":"<p>Habr\u00e1 actividades del 2 al 7 de octubre. Se destaca la propuesta \u201cCiencia en la Plaza\u201d con stands y muestras el mi\u00e9rcoles 4 desde las 10:00.<!--more--><\/p>\n<hr \/>\n<p>Entre el lunes 2 y el s\u00e1bado 7 de octubre se llevar\u00e1n adelante distintas actividades abiertas a la comunidad organizadas por las <strong>Facultades de Ciencias Sociales, Ingenier\u00eda y Ciencias de la Salud,<\/strong> en el marco de la XXI edici\u00f3n de la Semana Nacional de la Ciencia y la Tecnolog\u00eda. Entre ellas se destaca la propuesta <strong>Ciencia en la Plaza.<\/strong><\/p>\n<p>&nbsp;<\/p>\n<p>La <strong>Semana Nacional de la Ciencia y Tecnolog\u00eda<\/strong> es una propuesta que coordina el Ministerio de Ciencia, Tecnolog\u00eda e Innovaci\u00f3n de la Naci\u00f3n en todo el pa\u00eds y propone el encuentro de la comunidad cient\u00edfica con la sociedad a trav\u00e9s de distintas actividades de divulgaci\u00f3n de la ciencia, abriendo las puertas de los espacios de estudio, investigaci\u00f3n y trabajo cotidiano.<\/p>\n<p>&nbsp;<\/p>\n<p>En esta oportunidad, <strong>el mi\u00e9rcoles desde las 10 de la ma\u00f1ana en el Paseo Jes\u00fas Mend\u00eda<\/strong>, se llevar\u00e1 a cabo la jornada Ciencia en la Plaza donde las tres Facultades presentar\u00e1n stands y muestras. Invitan a las escuelas y a la comunidad en general a participar.<\/p>\n<p>&nbsp;<\/p>\n<p>Adem\u00e1s, durante la semana cada unidad acad\u00e9mica presentar\u00e1 diferentes propuestas y se llevar\u00e1 a cabo una <strong>Jornada de Laboratorios Abiertos<\/strong> para que la comunidad estudiantil pueda conocer el mecanismo de trabajo de cada espacio y disciplina.<\/p>\n<p>&nbsp;<\/p>\n<p><img data-recalc-dims=\"1\" loading=\"lazy\" decoding=\"async\" class=\"aligncenter wp-image-24773 size-large\" src=\"https:\/\/i0.wp.com\/cdnoticias.com\/wp-content\/uploads\/2021\/06\/FIO-genero-ingenieria.jpg?resize=800%2C414&#038;ssl=1\" alt=\"\" width=\"800\" height=\"414\" srcset=\"https:\/\/i0.wp.com\/cdnoticias.com\/wp-content\/uploads\/2021\/06\/FIO-genero-ingenieria.jpg?resize=1024%2C530&amp;ssl=1 1024w, https:\/\/i0.wp.com\/cdnoticias.com\/wp-content\/uploads\/2021\/06\/FIO-genero-ingenieria.jpg?resize=300%2C155&amp;ssl=1 300w, https:\/\/i0.wp.com\/cdnoticias.com\/wp-content\/uploads\/2021\/06\/FIO-genero-ingenieria.jpg?resize=768%2C397&amp;ssl=1 768w, https:\/\/i0.wp.com\/cdnoticias.com\/wp-content\/uploads\/2021\/06\/FIO-genero-ingenieria.jpg?w=1200&amp;ssl=1 1200w\" sizes=\"auto, (max-width: 800px) 100vw, 800px\" \/><\/p>\n<p>&nbsp;<\/p>\n<h2>Paseo Jes\u00fas Mend\u00eda \u2013 mi\u00e9rcoles 4 de octubre, de 10 a 14 horas \u2013 Propuestas:<\/h2>\n<p>&nbsp;<\/p>\n<p><strong>Facultad de Ciencias Sociales<\/strong><\/p>\n<p>Stand \u201cInvestigaciones sobre escuela secundaria: Qu\u00e9 est\u00e1 pasando en Olavarr\u00eda\u201d. De 10 a 12 horas.<\/p>\n<p>Stand &#8220;Taller de Memes: humor, imaginaci\u00f3n y cr\u00edtica social&#8221;. Desde las 12.30 horas.<\/p>\n<p>Stand \u201cExperimentar para conocer\u201d. De 10 a 14 horas.<\/p>\n<p>&nbsp;<\/p>\n<p><strong>Facultad de Ciencias de la Salud<\/strong><\/p>\n<p>Muestra: \u00bfC\u00f3mo est\u00e1 compuesta la sangre? De 12 a 14 horas.<\/p>\n<p>Muestra: \u00bfC\u00f3mo se utiliza el DEA? De 10 a 14 horas<\/p>\n<p>&nbsp;<\/p>\n<p><strong>Facultad de Ingenier\u00eda<\/strong><\/p>\n<p>Muestra: \u00bfQu\u00e9 aroma tienen las flores de cannabis?<\/p>\n<p>Stand: Secretos qu\u00edmicos al descubierto. La sorprendente composici\u00f3n de lo que te rodea<\/p>\n<p>Muestra: Uso de casco de realidad virtual. Horario: de 10 a 12 horas.<\/p>\n<p>&nbsp;<\/p>\n","protected":false},"excerpt":{"rendered":"<p>Habr\u00e1 actividades del 2 al 7 de octubre. Se destaca la propuesta \u201cCiencia en la Plaza\u201d con stands y muestras<\/p>\n","protected":false},"author":5,"featured_media":97830,"comment_status":"closed","ping_status":"closed","sticky":false,"template":"","format":"standard","meta":{"_jetpack_memberships_contains_paid_content":false,"footnotes":""},"categories":[5,1],"tags":[],"class_list":["post-97828","post","type-post","status-publish","format-standard","has-post-thumbnail","hentry","category-informacion-general","category-portada"],"jetpack_featured_media_url":"https:\/\/i0.wp.com\/cdnoticias.com\/wp-content\/uploads\/2023\/09\/semana-16.jpg?fit=800%2C445&ssl=1","jetpack_sharing_enabled":true,"_links":{"self":[{"href":"https:\/\/cdnoticias.com\/index.php\/wp-json\/wp\/v2\/posts\/97828","targetHints":{"allow":["GET"]}}],"collection":[{"href":"https:\/\/cdnoticias.com\/index.php\/wp-json\/wp\/v2\/posts"}],"about":[{"href":"https:\/\/cdnoticias.com\/index.php\/wp-json\/wp\/v2\/types\/post"}],"author":[{"embeddable":true,"href":"https:\/\/cdnoticias.com\/index.php\/wp-json\/wp\/v2\/users\/5"}],"replies":[{"embeddable":true,"href":"https:\/\/cdnoticias.com\/index.php\/wp-json\/wp\/v2\/comments?post=97828"}],"version-history":[{"count":0,"href":"https:\/\/cdnoticias.com\/index.php\/wp-json\/wp\/v2\/posts\/97828\/revisions"}],"wp:featuredmedia":[{"embeddable":true,"href":"https:\/\/cdnoticias.com\/index.php\/wp-json\/wp\/v2\/media\/97830"}],"wp:attachment":[{"href":"https:\/\/cdnoticias.com\/index.php\/wp-json\/wp\/v2\/media?parent=97828"}],"wp:term":[{"taxonomy":"category","embeddable":true,"href":"https:\/\/cdnoticias.com\/index.php\/wp-json\/wp\/v2\/categories?post=97828"},{"taxonomy":"post_tag","embeddable":true,"href":"https:\/\/cdnoticias.com\/index.php\/wp-json\/wp\/v2\/tags?post=97828"}],"curies":[{"name":"wp","href":"https:\/\/api.w.org\/{rel}","templated":true}]}}