{"id":97820,"date":"2023-09-29T12:09:11","date_gmt":"2023-09-29T15:09:11","guid":{"rendered":"https:\/\/www.centraldenoticias.com.ar\/?p=97820"},"modified":"2023-09-29T16:31:14","modified_gmt":"2023-09-29T19:31:14","slug":"programa-lote-ar-se-anotaron-2-000-personas","status":"publish","type":"post","link":"https:\/\/cdnoticias.com\/index.php\/2023\/09\/29\/programa-lote-ar-se-anotaron-2-000-personas\/","title":{"rendered":"Programa Lote.Ar: se anotaron 2.000 personas"},"content":{"rendered":"<p>La Secretaria de Desarrollo Humano y Calidad de Vida, Guillermina Amespil, explic\u00f3 c\u00f3mo seguir\u00e1 el Programa de acceso a un centenar de lotes con servicios.<\/p>\n<p><!--more--><\/p>\n<hr \/>\n<p>En la jornada del \u00faltimo martes <strong>concluy\u00f3 el plazo de inscripci\u00f3n para el Programa Lote.Ar<\/strong>, que permitir\u00e1 que <strong>m\u00e1s de 100 familias del Partido de Olavarr\u00eda<\/strong> tengan la posibilidad de <strong>acceder a un lote con servicios<\/strong>, ubicado en el barrio Coronel Dorrego.<\/p>\n<p>&nbsp;<\/p>\n<p>Una de las particularidades del programa es que <strong>la inscripci\u00f3n deb\u00eda desarrollarse de manera personal<\/strong>, por lo que desde la Municipalidad de Olavarr\u00eda, gracias al trabajo mancomunado de distintas \u00e1reas de Gobierno, se despleg\u00f3 un <strong>operativo itinerante<\/strong> que recorri\u00f3 distintos espacios durante las \u00faltimas semanas.<\/p>\n<p>&nbsp;<\/p>\n<blockquote><p>Se destac\u00f3 que con ello, se permiti\u00f3 que alrededor de 2.000 personas se anoten.<\/p><\/blockquote>\n<p>&nbsp;<\/p>\n<p><strong>\u201cHay que destacar el trabajo realizado desde Obras P\u00fablicas, Desarrollo Social y Regularizaci\u00f3n Dominial\u201d<\/strong>, ponder\u00f3 la<strong> Secretaria de Desarrollo Humano y Calidad de Vida, Guillermina Amespil<\/strong>, quien enfatiz\u00f3 que \u201ctrabajaron muy fuerte, es para destacar\u201d, reiter\u00f3.<\/p>\n<p>&nbsp;<\/p>\n<figure id=\"attachment_97315\" aria-describedby=\"caption-attachment-97315\" style=\"width: 800px\" class=\"wp-caption aligncenter\"><img data-recalc-dims=\"1\" loading=\"lazy\" decoding=\"async\" class=\"wp-image-97315 size-full\" src=\"https:\/\/i0.wp.com\/cdnoticias.com\/wp-content\/uploads\/2023\/09\/inscripcion-programa-lotear-fisu.jpg?resize=800%2C445&#038;ssl=1\" alt=\"\" width=\"800\" height=\"445\" srcset=\"https:\/\/i0.wp.com\/cdnoticias.com\/wp-content\/uploads\/2023\/09\/inscripcion-programa-lotear-fisu.jpg?w=800&amp;ssl=1 800w, https:\/\/i0.wp.com\/cdnoticias.com\/wp-content\/uploads\/2023\/09\/inscripcion-programa-lotear-fisu.jpg?resize=300%2C167&amp;ssl=1 300w, https:\/\/i0.wp.com\/cdnoticias.com\/wp-content\/uploads\/2023\/09\/inscripcion-programa-lotear-fisu.jpg?resize=768%2C427&amp;ssl=1 768w\" sizes=\"auto, (max-width: 800px) 100vw, 800px\" \/><figcaption id=\"caption-attachment-97315\" class=\"wp-caption-text\">La inscripci\u00f3n se desarroll\u00f3 durante septiembre.<\/figcaption><\/figure>\n<p>&nbsp;<\/p>\n<p>Cabe recordar que para ser parte del Programa se deb\u00edan reunir distintos<strong> requisitos<\/strong> entre los que sobresal\u00eda el hecho de contar la residencia, como m\u00ednimo, de 5 a\u00f1os en el Partido de Olavarr\u00eda, lo cual pod\u00eda ser acreditado a trav\u00e9s de distintas documentaciones.<\/p>\n<p>&nbsp;<\/p>\n<h2>Segunda etapa<\/h2>\n<p>&nbsp;<\/p>\n<p>La funcionaria municipal expres\u00f3 que ya <strong>se encuentra en marcha la segunda etapa del Programa<\/strong>, que consiste precisamente en el <strong>an\u00e1lisis y validaci\u00f3n del listado de solicitantes<\/strong>. La documentaci\u00f3n elaborada ya fue remitida al SINTyS, el <em>Sistema de Identificaci\u00f3n Nacional Tributario y Social, el cual depende del Consejo Nacional de Coordinaci\u00f3n Pol\u00edticas Sociales de la Rep\u00fablica Argentina.<\/em><\/p>\n<p>&nbsp;<\/p>\n<blockquote><p>\u201cAhora, desde Naci\u00f3n se hace el entrecruzamiento de datos. A partir de ah\u00ed surgen las familias que deben completar documentaci\u00f3n o informaci\u00f3n. Ah\u00ed es donde la Municipalidad, a trav\u00e9s del equipo de Desarrollo Social y Regularizaci\u00f3n Dominial, tambi\u00e9n intervendr\u00e1 de manera activa para acompa\u00f1ar y asesorar a las familias\u201d, explic\u00f3.<\/p><\/blockquote>\n<p>&nbsp;<\/p>\n<figure id=\"attachment_91377\" aria-describedby=\"caption-attachment-91377\" style=\"width: 800px\" class=\"wp-caption aligncenter\"><img data-recalc-dims=\"1\" loading=\"lazy\" decoding=\"async\" class=\"wp-image-91377 size-full\" src=\"https:\/\/i0.wp.com\/cdnoticias.com\/wp-content\/uploads\/2023\/07\/FISU-lotes-chacra398-03.jpg?resize=800%2C445&#038;ssl=1\" alt=\"\" width=\"800\" height=\"445\" srcset=\"https:\/\/i0.wp.com\/cdnoticias.com\/wp-content\/uploads\/2023\/07\/FISU-lotes-chacra398-03.jpg?w=800&amp;ssl=1 800w, https:\/\/i0.wp.com\/cdnoticias.com\/wp-content\/uploads\/2023\/07\/FISU-lotes-chacra398-03.jpg?resize=300%2C167&amp;ssl=1 300w, https:\/\/i0.wp.com\/cdnoticias.com\/wp-content\/uploads\/2023\/07\/FISU-lotes-chacra398-03.jpg?resize=768%2C427&amp;ssl=1 768w\" sizes=\"auto, (max-width: 800px) 100vw, 800px\" \/><figcaption id=\"caption-attachment-91377\" class=\"wp-caption-text\">Los terrenos se ubican en el barrio Coronel Dorrego.<\/figcaption><\/figure>\n<p>&nbsp;<\/p>\n<p>Posteriormente, en lo que se presume que se dar\u00e1 con el correr de las pr\u00f3ximas semanas, se coordinar\u00e1n<strong> encuentros entre el Ministerio de Desarrollo Social de la Naci\u00f3n y la Subsecretar\u00eda de Desarrollo Social del Municipio<\/strong> para consensuar los criterios en cuanto a la adjudicaci\u00f3n de cupos. Amespil puso el acento precisamente en la puesta en marcha de un <strong>\u201csistema de cupos consensuados\u201d<\/strong> entre funcionarios de Naci\u00f3n y de nuestra ciudad.<\/p>\n<p>&nbsp;<\/p>\n<blockquote><p>\u201cLos criterios se van a consensuar entre el Ministerio de Desarrollo Social de Naci\u00f3n y el Municipio para la determinaci\u00f3n, tanto de los cupos como del sistema de adjudicaci\u00f3n\u201d, expres\u00f3 la titular de la Secretar\u00eda de Desarrollo Humano y Calidad de Vida.<\/p><\/blockquote>\n<p>&nbsp;<\/p>\n<p>En ese sentido agreg\u00f3 que, partiendo de un <strong>principio de equidad<\/strong>, \u201cse analizar\u00e1n y valorar\u00e1n\u201d distintas variables vinculadas a la<strong> vulnerabilidad y particularidades de las familias anotadas<\/strong> a fin de determinar los beneficiarios del Programa, quienes tendr\u00e1n la posibilidad de acceder al sue\u00f1o de su propio terreno donde poder construir su hogar.<\/p>\n<p>&nbsp;<\/p>\n<p>Los lotes a entregar est\u00e1n ubicados en la denominada <strong>Chacra 398, del barrio Coronel Dorrego<\/strong>, donde el <a href=\"https:\/\/cdnoticias.com\/index.php\/2023\/08\/23\/viviendas-galli-anuncio-que-se-abrio-la-inscripcion-para-114-lotes-con-servicios\/\" target=\"_blank\" rel=\"noopener\">Municipio llev\u00f3 adelante obras de infraestructura a fin de acondicionar el sector para la construcci\u00f3n de viviendas<\/a>.<\/p>\n<p>&nbsp;<\/p>\n","protected":false},"excerpt":{"rendered":"<p>La Secretaria de Desarrollo Humano y Calidad de Vida, Guillermina Amespil, explic\u00f3 c\u00f3mo seguir\u00e1 el Programa de acceso a un<\/p>\n","protected":false},"author":4,"featured_media":97821,"comment_status":"closed","ping_status":"closed","sticky":false,"template":"","format":"standard","meta":{"_jetpack_memberships_contains_paid_content":false,"footnotes":""},"categories":[5,1],"tags":[],"class_list":["post-97820","post","type-post","status-publish","format-standard","has-post-thumbnail","hentry","category-informacion-general","category-portada"],"jetpack_featured_media_url":"https:\/\/i0.wp.com\/cdnoticias.com\/wp-content\/uploads\/2023\/09\/guillermina-amespil-secretaria.jpg?fit=800%2C445&ssl=1","jetpack_sharing_enabled":true,"_links":{"self":[{"href":"https:\/\/cdnoticias.com\/index.php\/wp-json\/wp\/v2\/posts\/97820","targetHints":{"allow":["GET"]}}],"collection":[{"href":"https:\/\/cdnoticias.com\/index.php\/wp-json\/wp\/v2\/posts"}],"about":[{"href":"https:\/\/cdnoticias.com\/index.php\/wp-json\/wp\/v2\/types\/post"}],"author":[{"embeddable":true,"href":"https:\/\/cdnoticias.com\/index.php\/wp-json\/wp\/v2\/users\/4"}],"replies":[{"embeddable":true,"href":"https:\/\/cdnoticias.com\/index.php\/wp-json\/wp\/v2\/comments?post=97820"}],"version-history":[{"count":0,"href":"https:\/\/cdnoticias.com\/index.php\/wp-json\/wp\/v2\/posts\/97820\/revisions"}],"wp:featuredmedia":[{"embeddable":true,"href":"https:\/\/cdnoticias.com\/index.php\/wp-json\/wp\/v2\/media\/97821"}],"wp:attachment":[{"href":"https:\/\/cdnoticias.com\/index.php\/wp-json\/wp\/v2\/media?parent=97820"}],"wp:term":[{"taxonomy":"category","embeddable":true,"href":"https:\/\/cdnoticias.com\/index.php\/wp-json\/wp\/v2\/categories?post=97820"},{"taxonomy":"post_tag","embeddable":true,"href":"https:\/\/cdnoticias.com\/index.php\/wp-json\/wp\/v2\/tags?post=97820"}],"curies":[{"name":"wp","href":"https:\/\/api.w.org\/{rel}","templated":true}]}}