{"id":97815,"date":"2023-09-29T10:48:56","date_gmt":"2023-09-29T13:48:56","guid":{"rendered":"https:\/\/www.centraldenoticias.com.ar\/?p=97815"},"modified":"2023-09-29T10:48:56","modified_gmt":"2023-09-29T13:48:56","slug":"este-sabado-llega-el-festival-primavera-al-parque-diego-wagner-clar","status":"publish","type":"post","link":"https:\/\/cdnoticias.com\/index.php\/2023\/09\/29\/este-sabado-llega-el-festival-primavera-al-parque-diego-wagner-clar\/","title":{"rendered":"Este s\u00e1bado llega el &#8220;Festival Primavera&#8221; al Parque Diego Wagner Clar"},"content":{"rendered":"<p>Ser\u00e1 desde las 14.30 horas en Circunvalaci\u00f3n y Necochea. Es una iniciativa que lleva adelante Maximiliano Wesner con el acompa\u00f1amiento del Estado Provincial.<\/p>\n<p><!--more--><\/p>\n<hr \/>\n<p><strong>\u201cFestival Primavera\u201d<\/strong> se desarrollar\u00e1 en diferentes <strong>plazas y espacios p\u00fablicos<\/strong> donde las familias podr\u00e1n disfrutar de <strong>diferentes propuestas recreativas y culturales.<\/strong><\/p>\n<p>&nbsp;<\/p>\n<blockquote><p>Este s\u00e1bado desde las 14.30 horas se realizar\u00e1 en el Parque Lineal Diego Wagner Clar (Circunvalaci\u00f3n y Necochea). Los menores deber\u00e1n estar acompa\u00f1ados por un adulto.<\/p><\/blockquote>\n<p>&nbsp;<\/p>\n<p>Durante la jornada habr\u00e1<em> fulbito, tejo, cama el\u00e1stica, inflables, maquillaje y posta de juegos, adem\u00e1s de actividades deportivas art\u00edsticas<\/em>.<\/p>\n<p>&nbsp;<\/p>\n<p>El gobierno provincial busca ofrecer nuevas ofertas recreativas y culturales en todo el territorio bonaerense. Se destac\u00f3 que Es una iniciativa que lleva adelante el candidato a intendente de Uni\u00f3n por la Patria, Maximiliano Wesner con el acompa\u00f1amiento del Estado Provincial.<\/p>\n<p>&nbsp;<\/p>\n","protected":false},"excerpt":{"rendered":"<p>Ser\u00e1 desde las 14.30 horas en Circunvalaci\u00f3n y Necochea. Es una iniciativa que lleva adelante Maximiliano Wesner con el acompa\u00f1amiento<\/p>\n","protected":false},"author":4,"featured_media":97816,"comment_status":"closed","ping_status":"closed","sticky":false,"template":"","format":"standard","meta":{"_jetpack_memberships_contains_paid_content":false,"footnotes":""},"categories":[5,1],"tags":[],"class_list":["post-97815","post","type-post","status-publish","format-standard","has-post-thumbnail","hentry","category-informacion-general","category-portada"],"jetpack_featured_media_url":"https:\/\/i0.wp.com\/cdnoticias.com\/wp-content\/uploads\/2023\/09\/festival-de-la-primavera-00-anuncio.jpg?fit=800%2C445&ssl=1","jetpack_sharing_enabled":true,"_links":{"self":[{"href":"https:\/\/cdnoticias.com\/index.php\/wp-json\/wp\/v2\/posts\/97815","targetHints":{"allow":["GET"]}}],"collection":[{"href":"https:\/\/cdnoticias.com\/index.php\/wp-json\/wp\/v2\/posts"}],"about":[{"href":"https:\/\/cdnoticias.com\/index.php\/wp-json\/wp\/v2\/types\/post"}],"author":[{"embeddable":true,"href":"https:\/\/cdnoticias.com\/index.php\/wp-json\/wp\/v2\/users\/4"}],"replies":[{"embeddable":true,"href":"https:\/\/cdnoticias.com\/index.php\/wp-json\/wp\/v2\/comments?post=97815"}],"version-history":[{"count":0,"href":"https:\/\/cdnoticias.com\/index.php\/wp-json\/wp\/v2\/posts\/97815\/revisions"}],"wp:featuredmedia":[{"embeddable":true,"href":"https:\/\/cdnoticias.com\/index.php\/wp-json\/wp\/v2\/media\/97816"}],"wp:attachment":[{"href":"https:\/\/cdnoticias.com\/index.php\/wp-json\/wp\/v2\/media?parent=97815"}],"wp:term":[{"taxonomy":"category","embeddable":true,"href":"https:\/\/cdnoticias.com\/index.php\/wp-json\/wp\/v2\/categories?post=97815"},{"taxonomy":"post_tag","embeddable":true,"href":"https:\/\/cdnoticias.com\/index.php\/wp-json\/wp\/v2\/tags?post=97815"}],"curies":[{"name":"wp","href":"https:\/\/api.w.org\/{rel}","templated":true}]}}