{"id":97773,"date":"2023-09-29T09:56:00","date_gmt":"2023-09-29T12:56:00","guid":{"rendered":"https:\/\/www.centraldenoticias.com.ar\/?p=97773"},"modified":"2023-09-29T12:09:27","modified_gmt":"2023-09-29T15:09:27","slug":"seguimos-reafirmando-con-hechos-nuestro-compromiso-con-la-seguridad-de-todos-los-olavarrienses","status":"publish","type":"post","link":"https:\/\/cdnoticias.com\/index.php\/2023\/09\/29\/seguimos-reafirmando-con-hechos-nuestro-compromiso-con-la-seguridad-de-todos-los-olavarrienses\/","title":{"rendered":"\u201cSeguimos reafirmando con hechos nuestro compromiso con la seguridad de todos los olavarrienses\u201d"},"content":{"rendered":"<p>Lo dijo el intendente Ezequiel Galli luego de un relevamiento elaborado desde la Subsecretar\u00eda de Seguridad Municipal, donde se indic\u00f3 que se invirtieron m\u00e1s de 500 millones de pesos en seguridad durante el 2023.<\/p>\n<p><!--more--><\/p>\n<hr \/>\n<p>Luego de un relevamiento elaborado desde la Subsecretar\u00eda de Seguridad Municipal, en el que se detalla que <strong>en lo que va del presente a\u00f1o se invirtieron m\u00e1s de 510 millones de pesos para reforzar las tareas preventivas y de seguridad en todo el Partido<\/strong>, el<strong> intendente Ezequiel Galli<\/strong> expres\u00f3: \u201c<em>Seguimos reafirmando con hechos nuestro compromiso con la seguridad de todos los olavarrienses\u201d.<\/em><\/p>\n<p>&nbsp;<\/p>\n<blockquote><p>En ese marco, puede apreciarse que un importante porcentaje de esa cifra corresponde al acompa\u00f1amiento permanente que se le realiza a la polic\u00eda Bonaerense, el cual se traduce, por ejemplo, en la reparaci\u00f3n y combustible de patrulleros, alquiler y mantenimiento de dependencias, como as\u00ed tambi\u00e9n el pago de horas adicionales al personal para que desempe\u00f1e labores preventivas.<\/p><\/blockquote>\n<p>&nbsp;<\/p>\n<p>Vale mencionar que muchas de esas tareas se realizan de manera complementaria con agentes de la <strong>Direcci\u00f3n de Control Urbano<\/strong>, dependencia municipal a la que tambi\u00e9n se le destinan recursos de manera permanente para la ampliaci\u00f3n y modernizaci\u00f3n de la flota, a la par de equipamiento tecnol\u00f3gico, como por ejemplo los alcohol\u00edmetros que se emplean en los dispositivos de control vehicular que se realizan continuamente en todo el Partido.<\/p>\n<p>&nbsp;<\/p>\n<p>En lo que es materia municipal, tambi\u00e9n aparece en el detalle las inversiones para la<strong> adquisici\u00f3n e instalaci\u00f3n de c\u00e1maras de seguridad<\/strong>, sobre lo cual se destaca la ubicaci\u00f3n de dispositivos no s\u00f3lo en cada vez m\u00e1s barrios de la ciudad de Olavarr\u00eda, sino tambi\u00e9n la incorporaci\u00f3n de las localidades serranas a la red de monitoreo.<\/p>\n<p>&nbsp;<\/p>\n<p>Al respecto, esta incorporaci\u00f3n de m\u00e1s c\u00e1maras se traduce tambi\u00e9n en inversiones en materia de soporte y almacenamiento, tanto en el <strong>Centro de Monitoreo<\/strong> como en las delegaciones municipales desde donde tambi\u00e9n puede seguirse lo que registran las c\u00e1maras en las localidades.<\/p>\n<p>&nbsp;<\/p>\n<p>Por \u00faltimo, en el relevamiento tambi\u00e9n sobresale una serie aportes en materia de <strong>iluminaci\u00f3n LED y refuerzo de la red de protecci\u00f3n ciudadana Ojos en Alerta<\/strong>.<\/p>\n","protected":false},"excerpt":{"rendered":"<p>Lo dijo el intendente Ezequiel Galli luego de un relevamiento elaborado desde la Subsecretar\u00eda de Seguridad Municipal, donde se indic\u00f3<\/p>\n","protected":false},"author":6,"featured_media":97774,"comment_status":"closed","ping_status":"closed","sticky":false,"template":"","format":"standard","meta":{"_jetpack_memberships_contains_paid_content":false,"footnotes":""},"categories":[5,1],"tags":[],"class_list":["post-97773","post","type-post","status-publish","format-standard","has-post-thumbnail","hentry","category-informacion-general","category-portada"],"jetpack_featured_media_url":"https:\/\/i0.wp.com\/cdnoticias.com\/wp-content\/uploads\/2023\/09\/Seguridad-Nuevas-Camaras-Barrios-2-1024x685-1.jpg?fit=1024%2C685&ssl=1","jetpack_sharing_enabled":true,"_links":{"self":[{"href":"https:\/\/cdnoticias.com\/index.php\/wp-json\/wp\/v2\/posts\/97773","targetHints":{"allow":["GET"]}}],"collection":[{"href":"https:\/\/cdnoticias.com\/index.php\/wp-json\/wp\/v2\/posts"}],"about":[{"href":"https:\/\/cdnoticias.com\/index.php\/wp-json\/wp\/v2\/types\/post"}],"author":[{"embeddable":true,"href":"https:\/\/cdnoticias.com\/index.php\/wp-json\/wp\/v2\/users\/6"}],"replies":[{"embeddable":true,"href":"https:\/\/cdnoticias.com\/index.php\/wp-json\/wp\/v2\/comments?post=97773"}],"version-history":[{"count":0,"href":"https:\/\/cdnoticias.com\/index.php\/wp-json\/wp\/v2\/posts\/97773\/revisions"}],"wp:featuredmedia":[{"embeddable":true,"href":"https:\/\/cdnoticias.com\/index.php\/wp-json\/wp\/v2\/media\/97774"}],"wp:attachment":[{"href":"https:\/\/cdnoticias.com\/index.php\/wp-json\/wp\/v2\/media?parent=97773"}],"wp:term":[{"taxonomy":"category","embeddable":true,"href":"https:\/\/cdnoticias.com\/index.php\/wp-json\/wp\/v2\/categories?post=97773"},{"taxonomy":"post_tag","embeddable":true,"href":"https:\/\/cdnoticias.com\/index.php\/wp-json\/wp\/v2\/tags?post=97773"}],"curies":[{"name":"wp","href":"https:\/\/api.w.org\/{rel}","templated":true}]}}