{"id":97756,"date":"2023-09-28T17:07:12","date_gmt":"2023-09-28T20:07:12","guid":{"rendered":"https:\/\/www.centraldenoticias.com.ar\/?p=97756"},"modified":"2023-09-28T17:07:12","modified_gmt":"2023-09-28T20:07:12","slug":"el-35-aniversario-de-la-facultad-de-ciencias-sociales-es-de-interes-legislativo","status":"publish","type":"post","link":"https:\/\/cdnoticias.com\/index.php\/2023\/09\/28\/el-35-aniversario-de-la-facultad-de-ciencias-sociales-es-de-interes-legislativo\/","title":{"rendered":"El 35\u00b0 aniversario de la Facultad de Ciencias Sociales es de \u201cinter\u00e9s legislativo\u201d"},"content":{"rendered":"<p>El HCD aprob\u00f3 la declaraci\u00f3n. En el recinto estuvieron presentes integrantes del equipo de gesti\u00f3n de la unidad acad\u00e9mica.<\/p>\n<p><!--more--><\/p>\n<hr \/>\n<p><a href=\"https:\/\/cdnoticias.com\/index.php\/2023\/09\/28\/se-realizo-la-13a-sesion-ordinaria-del-hcd\/\" target=\"_blank\" rel=\"noopener\">Este jueves en la decimotercera sesi\u00f3n ordinaria del Honorable Concejo Deliberante de Olavarr\u00eda<\/a> se declararon de<strong> inter\u00e9s legislativo el 35\u00b0 aniversario de la Facultad de Ciencias Sociales de la Universidad Nacional del Centro de la Provincia de Buenos Aires<\/strong>, a cumplirse el pr\u00f3ximo<strong> 21 de octubre<\/strong>, y las actividades organizadas en este marco.<\/p>\n<p>&nbsp;<\/p>\n<p>En el recinto estuvieron presentes la <strong>vicedecana de la FACSO, Dra. Mar\u00eda Luz Endere<\/strong>; <strong>el secretario de Extensi\u00f3n, Bienestar y Transferencia, Lic. Nicol\u00e1s Casado<\/strong>, y por el <strong>claustro nodocente, la Lic. Gabriela Del\u00eda<\/strong>.<\/p>\n<p>&nbsp;<\/p>\n<blockquote><p>De manera un\u00e1nime, por una parte el Concejo Deliberante declar\u00f3 de Inter\u00e9s Legislativo el 35\u00b0 aniversario de la Facultad de Ciencias Sociales de la UNICEN, primera unidad acad\u00e9mica de la Universidad Nacional del Centro de la Provincia de Buenos Aires creada luego del retorno a la democracia, y al proceso democr\u00e1tico dentro del gobierno de la Facultad de Ciencias Sociales en el marco de los 40 a\u00f1os de recuperaci\u00f3n de Democracia de nuestro pa\u00eds.<\/p><\/blockquote>\n<p>&nbsp;<\/p>\n<p>Mientras tanto,<strong> se declar\u00f3 de Inter\u00e9s Legislativo las actividades realizadas y programadas para el a\u00f1o 2023<\/strong> en el marco del 35\u00b0 aniversario de la Facultad de Ciencias Sociales de la UNICEN, organizadas por la unidad acad\u00e9mica.<\/p>\n<p>&nbsp;<\/p>\n<blockquote><p>Luego de que se votaran ambas resoluciones, se le dio la voz a la Dra. Endere, quien en representaci\u00f3n de la FACSO agradeci\u00f3 al cuerpo de concejales y destac\u00f3 que se trata de \u201cun logro de todos los olavarrienses, desde los que desde las d\u00e9cadas del \u201860 y el \u201870 lucharon porque la Universidad llegue a Olavarr\u00eda; por todas las generaciones que hicieron posible el sue\u00f1o de una Facultad de Ciencias Sociales y que lo materializaron; y por todos los egresaron que pudieron formarse, muchos de ellos primera generaci\u00f3n universitaria de la familia\u201d.<\/p><\/blockquote>\n<p>&nbsp;<\/p>\n<p>La Vicedecana de la FACSO tambi\u00e9n <strong>valor\u00f3 el reconocimiento y apoyo de la Municipalidad de Olavarr\u00eda<\/strong> <em>\u201cque a lo largo de los a\u00f1os y las gestiones ha tenido con la Facultad para el crecimiento y el sostenimiento del proyecto universitario en Olavarr\u00eda\u201d.<\/em><\/p>\n<p>&nbsp;<\/p>\n<h2>Una Facultad con compromiso social<\/h2>\n<p>&nbsp;<\/p>\n<p>En el marco del tratamiento de los proyectos, de cada una de las bloques se pronunciaron con<strong> emoci\u00f3n<\/strong> y <strong>saludaron a la comunidad acad\u00e9mica<\/strong> de la FACSO este aniversario.<\/p>\n<p>&nbsp;<\/p>\n<blockquote><p>La Presidenta del HCD, Lic. Cecilia Krivochen, graduada de la unidad acad\u00e9mica y nodocente de la UNICEN, enfatiz\u00f3 que \u201cla formaci\u00f3n que me dio la Facultad tambi\u00e9n me hizo un poco responsable por la comunidad, por la pol\u00edtica, por transformar la realidad. Es una facultad que nos formo no s\u00f3lo como alumnos sino como ciudadanos responsables y con la comunidad\u201d.<\/p><\/blockquote>\n<p>&nbsp;<\/p>\n<p>Por su parte, el<strong> presidente de la bancada Juntos, Mart\u00edn Endere,<\/strong> realiz\u00f3 un<strong> repaso por la historia de la Facultad<\/strong>, desde su surgimiento hasta la actualidad, sobre lo que destac\u00f3 el rol de la comunidad de Olavarr\u00eda y de la participaci\u00f3n colectiva, clave para determinar que la Nueva Facultad, creada en 1985, se convierta el 21 de octubre de 1988 en la Facultad de Ciencias Sociales.<\/p>\n<p>&nbsp;<\/p>\n<p>Por su parte, la <strong>concejal Bel\u00e9n Vergel, del bloque UCR-Juntos<\/strong>, describi\u00f3 que <em>\u201cen cada lugar donde vamos o estamos trabajando siempre encontramos que hay alg\u00fan alumno o ex alumno que ha pasado por la Facultad, y eso enorgullece a toda la comunidad de Olavarr\u00eda, por la formaci\u00f3n, por la responsabilidad, por el compromiso en el trabajo que hacen con instituciones y organizaciones\u201d.<\/em><\/p>\n<p>&nbsp;<\/p>\n<p>Mientras tanto, <strong>In\u00e9s Creimer, del Interbloque Uni\u00f3n por la Patria<\/strong>, destac\u00f3 la existencia de la<strong> universidad p\u00fablica distribuida de manera federal<\/strong> y la posibilidad de que estudiantes de todo el pa\u00eds y extranjeros tengan posibilidad de acceder a la educaci\u00f3n p\u00fablica.<\/p>\n<p>&nbsp;<\/p>\n","protected":false},"excerpt":{"rendered":"<p>El HCD aprob\u00f3 la declaraci\u00f3n. En el recinto estuvieron presentes integrantes del equipo de gesti\u00f3n de la unidad acad\u00e9mica.<\/p>\n","protected":false},"author":4,"featured_media":97749,"comment_status":"closed","ping_status":"closed","sticky":false,"template":"","format":"standard","meta":{"_jetpack_memberships_contains_paid_content":false,"footnotes":""},"categories":[4,1],"tags":[],"class_list":["post-97756","post","type-post","status-publish","format-standard","has-post-thumbnail","hentry","category-politica","category-portada"],"jetpack_featured_media_url":"https:\/\/i0.wp.com\/cdnoticias.com\/wp-content\/uploads\/2023\/09\/HCD-maria-luz-endere.jpg?fit=800%2C445&ssl=1","jetpack_sharing_enabled":true,"_links":{"self":[{"href":"https:\/\/cdnoticias.com\/index.php\/wp-json\/wp\/v2\/posts\/97756","targetHints":{"allow":["GET"]}}],"collection":[{"href":"https:\/\/cdnoticias.com\/index.php\/wp-json\/wp\/v2\/posts"}],"about":[{"href":"https:\/\/cdnoticias.com\/index.php\/wp-json\/wp\/v2\/types\/post"}],"author":[{"embeddable":true,"href":"https:\/\/cdnoticias.com\/index.php\/wp-json\/wp\/v2\/users\/4"}],"replies":[{"embeddable":true,"href":"https:\/\/cdnoticias.com\/index.php\/wp-json\/wp\/v2\/comments?post=97756"}],"version-history":[{"count":0,"href":"https:\/\/cdnoticias.com\/index.php\/wp-json\/wp\/v2\/posts\/97756\/revisions"}],"wp:featuredmedia":[{"embeddable":true,"href":"https:\/\/cdnoticias.com\/index.php\/wp-json\/wp\/v2\/media\/97749"}],"wp:attachment":[{"href":"https:\/\/cdnoticias.com\/index.php\/wp-json\/wp\/v2\/media?parent=97756"}],"wp:term":[{"taxonomy":"category","embeddable":true,"href":"https:\/\/cdnoticias.com\/index.php\/wp-json\/wp\/v2\/categories?post=97756"},{"taxonomy":"post_tag","embeddable":true,"href":"https:\/\/cdnoticias.com\/index.php\/wp-json\/wp\/v2\/tags?post=97756"}],"curies":[{"name":"wp","href":"https:\/\/api.w.org\/{rel}","templated":true}]}}