{"id":97754,"date":"2023-09-28T12:44:29","date_gmt":"2023-09-28T15:44:29","guid":{"rendered":"https:\/\/www.centraldenoticias.com.ar\/?p=97754"},"modified":"2023-09-28T17:54:17","modified_gmt":"2023-09-28T20:54:17","slug":"se-realizo-la-13a-sesion-ordinaria-del-hcd","status":"publish","type":"post","link":"https:\/\/cdnoticias.com\/index.php\/2023\/09\/28\/se-realizo-la-13a-sesion-ordinaria-del-hcd\/","title":{"rendered":"Se realiz\u00f3 la 13\u00aa sesi\u00f3n ordinaria del HCD"},"content":{"rendered":"<p>Se modific\u00f3 la ordenanza sobre men\u00fa accesible para personas con discapacidad visual, se declar\u00f3 de inter\u00e9s legislativo el 35\u00ba aniversario de la Facultad de Ciencias Sociales y el 125\u00ba aniversario del Instituto Nuestra Se\u00f1ora del Rosario.<\/p>\n<p><!--more--><\/p>\n<hr \/>\n<p>El<strong> Honorable Concejo Deliberante de Olavarr\u00eda<\/strong>, <strong>presidido por la concejal Cecilia Krivochen<\/strong> llev\u00f3 adelante este jueves la<strong> 13\u00aa sesi\u00f3n ordinaria del periodo 2023.<\/strong><\/p>\n<p>&nbsp;<\/p>\n<p>En primer t\u00e9rmino, qued\u00f3 sancionada la <strong>ordenanza 5191\/23<\/strong> que modifica la ordenanza 3985\/16 donde se dispone que<strong> los restaurantes y comercios del rubro gastron\u00f3mico deber\u00e1n tener \u201cuna carta disposici\u00f3n del cliente, expresada en sistema Braille y de manera complementaria (optativa) una tarjeta con c\u00f3digo QR disponible<\/strong>, el cual se tiene que enmarcar el celular entero para hacer la lectura, como as\u00ed tambi\u00e9n la posibilidad de <strong>contar con la carta en formato PDF en Arial 18 para compartir con aquellas personas con disminuci\u00f3n visual.<\/strong> Deber\u00e1n contener la informaci\u00f3n de todos los platos de comida, bebidas, postres, opciones y contenidos en general de la carta de Men\u00faes de cada comercio disponible al p\u00fablico\u201d.<\/p>\n<p>&nbsp;<\/p>\n<p><img data-recalc-dims=\"1\" loading=\"lazy\" decoding=\"async\" class=\"alignnone size-full wp-image-97752\" src=\"https:\/\/i0.wp.com\/cdnoticias.com\/wp-content\/uploads\/2023\/09\/HCD-sebastian-matrella.jpg?resize=800%2C445&#038;ssl=1\" alt=\"\" width=\"800\" height=\"445\" srcset=\"https:\/\/i0.wp.com\/cdnoticias.com\/wp-content\/uploads\/2023\/09\/HCD-sebastian-matrella.jpg?w=800&amp;ssl=1 800w, https:\/\/i0.wp.com\/cdnoticias.com\/wp-content\/uploads\/2023\/09\/HCD-sebastian-matrella.jpg?resize=300%2C167&amp;ssl=1 300w, https:\/\/i0.wp.com\/cdnoticias.com\/wp-content\/uploads\/2023\/09\/HCD-sebastian-matrella.jpg?resize=768%2C427&amp;ssl=1 768w\" sizes=\"auto, (max-width: 800px) 100vw, 800px\" \/><\/p>\n<p><img data-recalc-dims=\"1\" loading=\"lazy\" decoding=\"async\" class=\"alignnone size-full wp-image-97753\" src=\"https:\/\/i0.wp.com\/cdnoticias.com\/wp-content\/uploads\/2023\/09\/HCd-sesion-1.jpg?resize=800%2C445&#038;ssl=1\" alt=\"\" width=\"800\" height=\"445\" srcset=\"https:\/\/i0.wp.com\/cdnoticias.com\/wp-content\/uploads\/2023\/09\/HCd-sesion-1.jpg?w=800&amp;ssl=1 800w, https:\/\/i0.wp.com\/cdnoticias.com\/wp-content\/uploads\/2023\/09\/HCd-sesion-1.jpg?resize=300%2C167&amp;ssl=1 300w, https:\/\/i0.wp.com\/cdnoticias.com\/wp-content\/uploads\/2023\/09\/HCd-sesion-1.jpg?resize=768%2C427&amp;ssl=1 768w\" sizes=\"auto, (max-width: 800px) 100vw, 800px\" \/><\/p>\n<p>&nbsp;<\/p>\n<p>Posteriormente, el Honorable Concejo Deliberante de Olavarr\u00eda declar\u00f3 de<strong> Inter\u00e9s Legislativo Municipal al 35\u00ba aniversario de la Facultad de Ciencias Sociales<\/strong> como as\u00ed tambi\u00e9n la totalidad de las actividades que se llevar\u00e1n adelante en el marco de ese aniversario. En el recinto estuvieron presentes autoridades, docentes y no docentes de la FACSO.<\/p>\n<p>&nbsp;<\/p>\n<p>La <strong>doctora Mar\u00eda Luz Endere, vicedecana de la Facultad de Ciencias Sociales<\/strong>, se dirigi\u00f3 a los concejales y agradeci\u00f3 los reconocimientos sancionados por unanimidad.<\/p>\n<p>&nbsp;<\/p>\n<p>M\u00e1s adelante, el HCD sancion\u00f3 por unanimidad una<strong> comunicaci\u00f3n 018\/23<\/strong> en la que se expresa <strong>preocupaci\u00f3n \u201cante la situaci\u00f3n cr\u00edtica que afecta a los apicultores y a la industria ap\u00edcola en su conjunto<\/strong>, relacionado con el desfasaje en el precio de la miel y el riesgo de la producci\u00f3n ap\u00edcola durante el a\u00f1o venidero\u201d.<\/p>\n<p>&nbsp;<\/p>\n<p><img data-recalc-dims=\"1\" loading=\"lazy\" decoding=\"async\" class=\"alignnone size-full wp-image-97749\" src=\"https:\/\/i0.wp.com\/cdnoticias.com\/wp-content\/uploads\/2023\/09\/HCD-maria-luz-endere.jpg?resize=800%2C445&#038;ssl=1\" alt=\"\" width=\"800\" height=\"445\" srcset=\"https:\/\/i0.wp.com\/cdnoticias.com\/wp-content\/uploads\/2023\/09\/HCD-maria-luz-endere.jpg?w=800&amp;ssl=1 800w, https:\/\/i0.wp.com\/cdnoticias.com\/wp-content\/uploads\/2023\/09\/HCD-maria-luz-endere.jpg?resize=300%2C167&amp;ssl=1 300w, https:\/\/i0.wp.com\/cdnoticias.com\/wp-content\/uploads\/2023\/09\/HCD-maria-luz-endere.jpg?resize=768%2C427&amp;ssl=1 768w\" sizes=\"auto, (max-width: 800px) 100vw, 800px\" \/><\/p>\n<p><img data-recalc-dims=\"1\" loading=\"lazy\" decoding=\"async\" class=\"alignnone size-full wp-image-97750\" src=\"https:\/\/i0.wp.com\/cdnoticias.com\/wp-content\/uploads\/2023\/09\/HCD-martin-endere-00-1.jpg?resize=800%2C445&#038;ssl=1\" alt=\"\" width=\"800\" height=\"445\" srcset=\"https:\/\/i0.wp.com\/cdnoticias.com\/wp-content\/uploads\/2023\/09\/HCD-martin-endere-00-1.jpg?w=800&amp;ssl=1 800w, https:\/\/i0.wp.com\/cdnoticias.com\/wp-content\/uploads\/2023\/09\/HCD-martin-endere-00-1.jpg?resize=300%2C167&amp;ssl=1 300w, https:\/\/i0.wp.com\/cdnoticias.com\/wp-content\/uploads\/2023\/09\/HCD-martin-endere-00-1.jpg?resize=768%2C427&amp;ssl=1 768w\" sizes=\"auto, (max-width: 800px) 100vw, 800px\" \/><\/p>\n<p>&nbsp;<\/p>\n<p>En el transcurso de la sesi\u00f3n, se aprob\u00f3 una resoluci\u00f3n donde el HCD declara de<strong> Inter\u00e9s Legislativo Municipal el 125\u00b0 aniversario de la fundaci\u00f3n del Instituto Nuestra Se\u00f1ora del Rosario<\/strong>. Adem\u00e1s, con esta resoluci\u00f3n se busca destacar la <em>\u201cnoble trayectoria educativa\u201d de la instituci\u00f3n en la ciudad de Olavarr\u00eda<\/em>. La iniciativa parlamentaria fue presentada por la comisi\u00f3n de Educaci\u00f3n.<\/p>\n<p>&nbsp;<\/p>\n<p>Por \u00faltimo, el Honorable Concejo Deliberante de Olavarr\u00eda aprob\u00f3 la resoluci\u00f3n que declara de<strong> Inter\u00e9s Legislativo Municipal la realizaci\u00f3n de la S\u00e9ptima Edici\u00f3n de la Olimpiada en Gesti\u00f3n de las Escuelas Secundarias<\/strong>, la que se llevar\u00e1 adelante el 24 de octubre en las instalaciones de la Secundaria N\u00b0 17 de Sierra Chica.<\/p>\n<p>&nbsp;<\/p>\n","protected":false},"excerpt":{"rendered":"<p>Se modific\u00f3 la ordenanza sobre men\u00fa accesible para personas con discapacidad visual, se declar\u00f3 de inter\u00e9s legislativo el 35\u00ba aniversario<\/p>\n","protected":false},"author":4,"featured_media":97748,"comment_status":"closed","ping_status":"closed","sticky":false,"template":"","format":"standard","meta":{"_jetpack_memberships_contains_paid_content":false,"footnotes":""},"categories":[4,1],"tags":[],"class_list":["post-97754","post","type-post","status-publish","format-standard","has-post-thumbnail","hentry","category-politica","category-portada"],"jetpack_featured_media_url":"https:\/\/i0.wp.com\/cdnoticias.com\/wp-content\/uploads\/2023\/09\/HCd-sesion.jpg?fit=800%2C445&ssl=1","jetpack_sharing_enabled":true,"_links":{"self":[{"href":"https:\/\/cdnoticias.com\/index.php\/wp-json\/wp\/v2\/posts\/97754","targetHints":{"allow":["GET"]}}],"collection":[{"href":"https:\/\/cdnoticias.com\/index.php\/wp-json\/wp\/v2\/posts"}],"about":[{"href":"https:\/\/cdnoticias.com\/index.php\/wp-json\/wp\/v2\/types\/post"}],"author":[{"embeddable":true,"href":"https:\/\/cdnoticias.com\/index.php\/wp-json\/wp\/v2\/users\/4"}],"replies":[{"embeddable":true,"href":"https:\/\/cdnoticias.com\/index.php\/wp-json\/wp\/v2\/comments?post=97754"}],"version-history":[{"count":0,"href":"https:\/\/cdnoticias.com\/index.php\/wp-json\/wp\/v2\/posts\/97754\/revisions"}],"wp:featuredmedia":[{"embeddable":true,"href":"https:\/\/cdnoticias.com\/index.php\/wp-json\/wp\/v2\/media\/97748"}],"wp:attachment":[{"href":"https:\/\/cdnoticias.com\/index.php\/wp-json\/wp\/v2\/media?parent=97754"}],"wp:term":[{"taxonomy":"category","embeddable":true,"href":"https:\/\/cdnoticias.com\/index.php\/wp-json\/wp\/v2\/categories?post=97754"},{"taxonomy":"post_tag","embeddable":true,"href":"https:\/\/cdnoticias.com\/index.php\/wp-json\/wp\/v2\/tags?post=97754"}],"curies":[{"name":"wp","href":"https:\/\/api.w.org\/{rel}","templated":true}]}}