{"id":97733,"date":"2023-09-28T12:01:41","date_gmt":"2023-09-28T15:01:41","guid":{"rendered":"https:\/\/www.centraldenoticias.com.ar\/?p=97733"},"modified":"2023-09-28T16:15:57","modified_gmt":"2023-09-28T19:15:57","slug":"semana-del-corazon-en-el-paseo-de-la-salud-cientos-de-chicos-se-capacitan-en-rcp","status":"publish","type":"post","link":"https:\/\/cdnoticias.com\/index.php\/2023\/09\/28\/semana-del-corazon-en-el-paseo-de-la-salud-cientos-de-chicos-se-capacitan-en-rcp\/","title":{"rendered":"Semana del Coraz\u00f3n: en el Paseo de la Salud cientos de chicos se capacitan en RCP"},"content":{"rendered":"<p>La jornada comenz\u00f3 por la ma\u00f1ana con estudiantes de escuelas de nivel secundario. Continuar\u00e1 con la presencia de ni\u00f1os de inicial y primaria. Habr\u00e1 m\u00fasica y actividades recreativas.<!--more--><\/p>\n<hr \/>\n<p>En el marco del D\u00eda Mundial del Coraz\u00f3n, desde el Municipio en conjunto con la Facultad de Ciencias de la Salud y estudiantes de Enfermer\u00eda y Medicina, llevan adelante una <strong>jornada de capacitaciones en RCP y primeros auxilios en el Paseo de la Salud.<\/strong><\/p>\n<p>&nbsp;<\/p>\n<p>Las actividades comenzaron a las 9:00 y <strong>se extender\u00e1n hasta las 17:30.<\/strong> Durante la ma\u00f1ana concurrieron estudiantes de las secundarias N\u00b0 6 (ex Colegio Nacional), N\u00b0 22 y Colegio Rosario.<\/p>\n<p>&nbsp;<\/p>\n<p><img data-recalc-dims=\"1\" loading=\"lazy\" decoding=\"async\" class=\"aligncenter size-full wp-image-97738\" src=\"https:\/\/i0.wp.com\/cdnoticias.com\/wp-content\/uploads\/2023\/09\/rcp-semana-corazon-05.jpg?resize=800%2C445&#038;ssl=1\" alt=\"\" width=\"800\" height=\"445\" srcset=\"https:\/\/i0.wp.com\/cdnoticias.com\/wp-content\/uploads\/2023\/09\/rcp-semana-corazon-05.jpg?w=800&amp;ssl=1 800w, https:\/\/i0.wp.com\/cdnoticias.com\/wp-content\/uploads\/2023\/09\/rcp-semana-corazon-05.jpg?resize=300%2C167&amp;ssl=1 300w, https:\/\/i0.wp.com\/cdnoticias.com\/wp-content\/uploads\/2023\/09\/rcp-semana-corazon-05.jpg?resize=768%2C427&amp;ssl=1 768w\" sizes=\"auto, (max-width: 800px) 100vw, 800px\" \/><\/p>\n<p>&nbsp;<\/p>\n<p><img data-recalc-dims=\"1\" loading=\"lazy\" decoding=\"async\" class=\"aligncenter size-full wp-image-97739\" src=\"https:\/\/i0.wp.com\/cdnoticias.com\/wp-content\/uploads\/2023\/09\/rcp-semana-corazon-06.jpg?resize=800%2C445&#038;ssl=1\" alt=\"\" width=\"800\" height=\"445\" srcset=\"https:\/\/i0.wp.com\/cdnoticias.com\/wp-content\/uploads\/2023\/09\/rcp-semana-corazon-06.jpg?w=800&amp;ssl=1 800w, https:\/\/i0.wp.com\/cdnoticias.com\/wp-content\/uploads\/2023\/09\/rcp-semana-corazon-06.jpg?resize=300%2C167&amp;ssl=1 300w, https:\/\/i0.wp.com\/cdnoticias.com\/wp-content\/uploads\/2023\/09\/rcp-semana-corazon-06.jpg?resize=768%2C427&amp;ssl=1 768w\" sizes=\"auto, (max-width: 800px) 100vw, 800px\" \/><\/p>\n<p>&nbsp;<\/p>\n<p>Luego se acercar\u00e1n alumnos de escuelas de nivel primario e inicial. <strong>La propuesta contar\u00e1 con la participaci\u00f3n total de alrededor de 500 estudiantes.<\/strong><\/p>\n<p>&nbsp;<\/p>\n<p>Una vez culminadas las capacitaciones, habr\u00e1 <strong>m\u00fasica con las Roquer\u00edsticas y coreos a cargo de profesores de la Direcci\u00f3n de Deportes municipal.<\/strong><\/p>\n<p>&nbsp;<\/p>\n<p><img data-recalc-dims=\"1\" loading=\"lazy\" decoding=\"async\" class=\"aligncenter size-full wp-image-97737\" src=\"https:\/\/i0.wp.com\/cdnoticias.com\/wp-content\/uploads\/2023\/09\/rcp-semana-corazon-04.jpg?resize=800%2C445&#038;ssl=1\" alt=\"\" width=\"800\" height=\"445\" srcset=\"https:\/\/i0.wp.com\/cdnoticias.com\/wp-content\/uploads\/2023\/09\/rcp-semana-corazon-04.jpg?w=800&amp;ssl=1 800w, https:\/\/i0.wp.com\/cdnoticias.com\/wp-content\/uploads\/2023\/09\/rcp-semana-corazon-04.jpg?resize=300%2C167&amp;ssl=1 300w, https:\/\/i0.wp.com\/cdnoticias.com\/wp-content\/uploads\/2023\/09\/rcp-semana-corazon-04.jpg?resize=768%2C427&amp;ssl=1 768w\" sizes=\"auto, (max-width: 800px) 100vw, 800px\" \/><\/p>\n<p><img data-recalc-dims=\"1\" loading=\"lazy\" decoding=\"async\" class=\"aligncenter size-full wp-image-97734\" src=\"https:\/\/i0.wp.com\/cdnoticias.com\/wp-content\/uploads\/2023\/09\/rcp-semana-corazon-01.jpg?resize=800%2C445&#038;ssl=1\" alt=\"\" width=\"800\" height=\"445\" srcset=\"https:\/\/i0.wp.com\/cdnoticias.com\/wp-content\/uploads\/2023\/09\/rcp-semana-corazon-01.jpg?w=800&amp;ssl=1 800w, https:\/\/i0.wp.com\/cdnoticias.com\/wp-content\/uploads\/2023\/09\/rcp-semana-corazon-01.jpg?resize=300%2C167&amp;ssl=1 300w, https:\/\/i0.wp.com\/cdnoticias.com\/wp-content\/uploads\/2023\/09\/rcp-semana-corazon-01.jpg?resize=768%2C427&amp;ssl=1 768w\" sizes=\"auto, (max-width: 800px) 100vw, 800px\" \/><\/p>\n<p>&nbsp;<\/p>\n<p>Se contar\u00e1 con la coordinaci\u00f3n de personal de la Secretar\u00eda de Salud municipal: direcci\u00f3n de APS, Comit\u00e9 de Trauma y Emergencias, equipo del Paseo de la Salud, etc; as\u00ed como tambi\u00e9n participar\u00e1n docentes de la Facultad de Ciencias de la Salud, estudiantes de Enfermer\u00eda y de la PFO (Pr\u00e1ctica Final Obligatoria) de Medicina.<\/p>\n<p>&nbsp;<\/p>\n<p>Participar\u00e1n estudiantes de distintos establecimientos: F\u00e1tima, Rosario, Mariano Moreno, CEC N\u00b0 801, Estrada, C\u00e1neva, Escuela N\u00b04, Escuela N\u00b0 8, Escuela N\u00b0 1, Escuela N\u00b0 59, Escuela N\u00b0 56, Escuela N\u00b0 51, Jard\u00edn San Leopoldo Maldic, Jard\u00edn Rosario, Jard\u00edn Libertas, Jard\u00edn San Antonio, Jard\u00edn 929, Juntos por Vos, Talleres Protegidos. Jueves 28 de septiembre, Paseo de la Salud.<\/p>\n","protected":false},"excerpt":{"rendered":"<p>La jornada comenz\u00f3 por la ma\u00f1ana con estudiantes de escuelas de nivel secundario. Continuar\u00e1 con la presencia de ni\u00f1os de<\/p>\n","protected":false},"author":5,"featured_media":97736,"comment_status":"closed","ping_status":"closed","sticky":false,"template":"","format":"standard","meta":{"_jetpack_memberships_contains_paid_content":false,"footnotes":""},"categories":[5,1],"tags":[],"class_list":["post-97733","post","type-post","status-publish","format-standard","has-post-thumbnail","hentry","category-informacion-general","category-portada"],"jetpack_featured_media_url":"https:\/\/i0.wp.com\/cdnoticias.com\/wp-content\/uploads\/2023\/09\/rcp-semana-corazon-03.jpg?fit=800%2C445&ssl=1","jetpack_sharing_enabled":true,"_links":{"self":[{"href":"https:\/\/cdnoticias.com\/index.php\/wp-json\/wp\/v2\/posts\/97733","targetHints":{"allow":["GET"]}}],"collection":[{"href":"https:\/\/cdnoticias.com\/index.php\/wp-json\/wp\/v2\/posts"}],"about":[{"href":"https:\/\/cdnoticias.com\/index.php\/wp-json\/wp\/v2\/types\/post"}],"author":[{"embeddable":true,"href":"https:\/\/cdnoticias.com\/index.php\/wp-json\/wp\/v2\/users\/5"}],"replies":[{"embeddable":true,"href":"https:\/\/cdnoticias.com\/index.php\/wp-json\/wp\/v2\/comments?post=97733"}],"version-history":[{"count":0,"href":"https:\/\/cdnoticias.com\/index.php\/wp-json\/wp\/v2\/posts\/97733\/revisions"}],"wp:featuredmedia":[{"embeddable":true,"href":"https:\/\/cdnoticias.com\/index.php\/wp-json\/wp\/v2\/media\/97736"}],"wp:attachment":[{"href":"https:\/\/cdnoticias.com\/index.php\/wp-json\/wp\/v2\/media?parent=97733"}],"wp:term":[{"taxonomy":"category","embeddable":true,"href":"https:\/\/cdnoticias.com\/index.php\/wp-json\/wp\/v2\/categories?post=97733"},{"taxonomy":"post_tag","embeddable":true,"href":"https:\/\/cdnoticias.com\/index.php\/wp-json\/wp\/v2\/tags?post=97733"}],"curies":[{"name":"wp","href":"https:\/\/api.w.org\/{rel}","templated":true}]}}