{"id":97725,"date":"2023-09-28T17:31:10","date_gmt":"2023-09-28T20:31:10","guid":{"rendered":"https:\/\/www.centraldenoticias.com.ar\/?p=97725"},"modified":"2023-09-29T08:01:37","modified_gmt":"2023-09-29T11:01:37","slug":"colecta-para-pagar-la-rehabilitacion-de-un-joven-olavarriense-accidentado-en-bolivar","status":"publish","type":"post","link":"https:\/\/cdnoticias.com\/index.php\/2023\/09\/28\/colecta-para-pagar-la-rehabilitacion-de-un-joven-olavarriense-accidentado-en-bolivar\/","title":{"rendered":"Colecta para pagar la rehabilitaci\u00f3n de un joven accidentado en Bol\u00edvar"},"content":{"rendered":"<p>El hecho tuvo lugar el 2 de septiembre pasado en el kil\u00f3metro 285 de la Ruta 205. Un cami\u00f3n choc\u00f3 el veh\u00edculo en el que se trasportaba junto a su novia y se dio a la fuga. Sufri\u00f3 graves heridas.<!--more--><\/p>\n<hr \/>\n<p>Tomas Liser, quien acaba de cumplir 33 a\u00f1os, sufri\u00f3 un <a href=\"https:\/\/cdnoticias.com\/index.php\/2023\/09\/03\/dos-olavarrienses-con-considerables-heridas-en-un-violento-accidente-en-ruta-205\/\" target=\"_blank\" rel=\"noopener\">grave accidente de tr\u00e1nsito el pasado 2 de septiembre en la Ruta Nacional 205.<\/a><\/p>\n<p>Un cami\u00f3n impact\u00f3 la camioneta Toyota SW4 en la que se transportaba junto a su novia y provoc\u00f3 el vuelco. El camionero, pese al impacto ocurrido en el kil\u00f3metro 285, continu\u00f3 su marcha y <strong>se dio a la fuga.<\/strong><\/p>\n<p>Ambos ocupantes sufrieron lesiones de magnitud, y fueron tratados en el Hospital de Bol\u00edvar. Tom\u00e1s se llev\u00f3 la peor parte y tuvo que ser inducido a un <strong>coma farmacol\u00f3gico por la fractura de dos v\u00e9rtebras cervicales.<\/strong><\/p>\n<p><strong>Fue derivado al Hospital Fleni<\/strong> del barrio porte\u00f1o de Belgrano, donde fue intervenido quir\u00fargicamente en dos oportunidades, para luego despertar del coma tras algunos d\u00edas. Liser fue pasado a terapia intermedia y tendr\u00e1 que comenzar ahora una larga rehabilitaci\u00f3n tendiente a recuperar la movilidad en sus piernas y brazos.<\/p>\n<figure id=\"attachment_97728\" aria-describedby=\"caption-attachment-97728\" style=\"width: 800px\" class=\"wp-caption aligncenter\"><img data-recalc-dims=\"1\" loading=\"lazy\" decoding=\"async\" class=\"size-full wp-image-97728\" src=\"https:\/\/i0.wp.com\/cdnoticias.com\/wp-content\/uploads\/2023\/09\/liser-690x420-1.jpg?resize=800%2C445&#038;ssl=1\" alt=\"\" width=\"800\" height=\"445\" srcset=\"https:\/\/i0.wp.com\/cdnoticias.com\/wp-content\/uploads\/2023\/09\/liser-690x420-1.jpg?w=800&amp;ssl=1 800w, https:\/\/i0.wp.com\/cdnoticias.com\/wp-content\/uploads\/2023\/09\/liser-690x420-1.jpg?resize=300%2C167&amp;ssl=1 300w, https:\/\/i0.wp.com\/cdnoticias.com\/wp-content\/uploads\/2023\/09\/liser-690x420-1.jpg?resize=768%2C427&amp;ssl=1 768w\" sizes=\"auto, (max-width: 800px) 100vw, 800px\" \/><figcaption id=\"caption-attachment-97728\" class=\"wp-caption-text\">Foto: TN.<\/figcaption><\/figure>\n<p>Todo esto fue relatado por Delfina Braggio, pareja y acompa\u00f1ante de Tom\u00e1s al momento del accidente. La olavarriense dialog\u00f3 con TN y cont\u00f3 que los m\u00e9dicos recomendaron que el paciente contin\u00fae su tratamiento en el Hospital Fleni de Escobar, a donde podr\u00eda ser trasladado en los pr\u00f3ximos d\u00edas, siempre y cuando puedan afrontar los <strong>alt\u00edsimos costos que conlleva el proceso de rehabilitaci\u00f3n.<\/strong><\/p>\n<blockquote><p>Es por ello que Delfina apela a la solidaridad de la gente e informa el CBU para aportar a la colecta: 0170171140000033293877 (Banco BBVA).<\/p><\/blockquote>\n<p>Sobre aquella triste madrugada en la que tuvo lugar el accidente, Delfina cont\u00f3 que <strong>\u201cca\u00edmos en la cuneta y terminamos re lejos de la ruta. El conductor no fren\u00f3 y sigui\u00f3 su viaje como si nada hubiera pasado, lo que significa que no hay un seguro que est\u00e9 interviniendo por lo que pas\u00f3\u201d.<\/strong><\/p>\n<p>En efecto, se\u00f1al\u00f3 adem\u00e1s que \u201cse alert\u00f3 a la polic\u00eda y a los peajes, pero nunca lo encontraron\u201d.<\/p>\n<p><img data-recalc-dims=\"1\" loading=\"lazy\" decoding=\"async\" class=\"aligncenter wp-image-95090 size-large\" src=\"https:\/\/i0.wp.com\/cdnoticias.com\/wp-content\/uploads\/2023\/09\/WhatsApp-Image-2023-09-03-at-20.10.24.jpeg?resize=800%2C600&#038;ssl=1\" alt=\"\" width=\"800\" height=\"600\" srcset=\"https:\/\/i0.wp.com\/cdnoticias.com\/wp-content\/uploads\/2023\/09\/WhatsApp-Image-2023-09-03-at-20.10.24.jpeg?resize=1024%2C768&amp;ssl=1 1024w, https:\/\/i0.wp.com\/cdnoticias.com\/wp-content\/uploads\/2023\/09\/WhatsApp-Image-2023-09-03-at-20.10.24.jpeg?resize=300%2C225&amp;ssl=1 300w, https:\/\/i0.wp.com\/cdnoticias.com\/wp-content\/uploads\/2023\/09\/WhatsApp-Image-2023-09-03-at-20.10.24.jpeg?resize=768%2C576&amp;ssl=1 768w, https:\/\/i0.wp.com\/cdnoticias.com\/wp-content\/uploads\/2023\/09\/WhatsApp-Image-2023-09-03-at-20.10.24.jpeg?w=1280&amp;ssl=1 1280w\" sizes=\"auto, (max-width: 800px) 100vw, 800px\" \/><\/p>\n<p>Siguiendo con el relato, dijo que instantes despu\u00e9s del choque not\u00f3 que Tom\u00e1s estaba atrapado en el veh\u00edculo, por lo que sali\u00f3 desesperada a buscar ayuda a la vera de la ruta. Un primer auto no par\u00f3, probablemente porque la noche no le permiti\u00f3 al conductor verla. \u201cEl segundo auto par\u00f3 porque escucharon que estaba pidiendo ayuda desesperada. Era una pareja que llam\u00f3 a la ambulancia y al 911 r\u00e1pido. Llegaron despu\u00e9s de un rato y se llevaron primero a mi novio por la gravedad de sus heridas y luego a m\u00ed hasta el hospital zonal de Bol\u00edvar, que era lo m\u00e1s pr\u00f3ximo\u201d, sigui\u00f3.<\/p>\n<p>Tal como cont\u00f3 Delfina en la extensa nota brindada al medio nacional, Tom\u00e1s cumpli\u00f3 sus 33 a\u00f1os estando en terapia.<strong> \u201cNos cambi\u00f3 la vida entera a los dos. Ten\u00edamos muchos planes y proyectos y ahora todo se puso en pausa\u201d, lament\u00f3.<\/strong><\/p>\n<p>Y agreg\u00f3: \u201cEs terrible lo que estamos viviendo, es una pesadilla constante. En el momento fue un shock enorme, todav\u00eda lo tengo grabado en el cuerpo\u201d.<\/p>\n<p><em>Informaci\u00f3n y fotos: Diario La Ma\u00f1ana de Bol\u00edvar.<\/em><\/p>\n<blockquote class=\"wp-embedded-content\" data-secret=\"uu3dat1o6L\"><p><a href=\"https:\/\/cdnoticias.com\/index.php\/2023\/09\/03\/dos-olavarrienses-con-considerables-heridas-en-un-violento-accidente-en-ruta-205\/\">Dos olavarrienses con considerables heridas en un violento accidente en ruta 205<\/a><\/p><\/blockquote>\n<p><iframe loading=\"lazy\" class=\"wp-embedded-content\" sandbox=\"allow-scripts\" security=\"restricted\" style=\"position: absolute; clip: rect(1px, 1px, 1px, 1px);\" title=\"&#8220;Dos olavarrienses con considerables heridas en un violento accidente en ruta 205&#8221; &#8212; Central de Noticias | Olavarr\u00eda\" src=\"https:\/\/cdnoticias.com\/index.php\/2023\/09\/03\/dos-olavarrienses-con-considerables-heridas-en-un-violento-accidente-en-ruta-205\/embed\/#?secret=7fmjsQVHwu#?secret=uu3dat1o6L\" data-secret=\"uu3dat1o6L\" width=\"600\" height=\"338\" frameborder=\"0\" marginwidth=\"0\" marginheight=\"0\" scrolling=\"no\"><\/iframe><\/p>\n","protected":false},"excerpt":{"rendered":"<p>El hecho tuvo lugar el 2 de septiembre pasado en el kil\u00f3metro 285 de la Ruta 205. Un cami\u00f3n choc\u00f3<\/p>\n","protected":false},"author":5,"featured_media":97726,"comment_status":"closed","ping_status":"closed","sticky":false,"template":"","format":"standard","meta":{"_jetpack_memberships_contains_paid_content":false,"footnotes":""},"categories":[5,1],"tags":[],"class_list":["post-97725","post","type-post","status-publish","format-standard","has-post-thumbnail","hentry","category-informacion-general","category-portada"],"jetpack_featured_media_url":"https:\/\/i0.wp.com\/cdnoticias.com\/wp-content\/uploads\/2023\/09\/LISER1.jpg?fit=800%2C445&ssl=1","jetpack_sharing_enabled":true,"_links":{"self":[{"href":"https:\/\/cdnoticias.com\/index.php\/wp-json\/wp\/v2\/posts\/97725","targetHints":{"allow":["GET"]}}],"collection":[{"href":"https:\/\/cdnoticias.com\/index.php\/wp-json\/wp\/v2\/posts"}],"about":[{"href":"https:\/\/cdnoticias.com\/index.php\/wp-json\/wp\/v2\/types\/post"}],"author":[{"embeddable":true,"href":"https:\/\/cdnoticias.com\/index.php\/wp-json\/wp\/v2\/users\/5"}],"replies":[{"embeddable":true,"href":"https:\/\/cdnoticias.com\/index.php\/wp-json\/wp\/v2\/comments?post=97725"}],"version-history":[{"count":0,"href":"https:\/\/cdnoticias.com\/index.php\/wp-json\/wp\/v2\/posts\/97725\/revisions"}],"wp:featuredmedia":[{"embeddable":true,"href":"https:\/\/cdnoticias.com\/index.php\/wp-json\/wp\/v2\/media\/97726"}],"wp:attachment":[{"href":"https:\/\/cdnoticias.com\/index.php\/wp-json\/wp\/v2\/media?parent=97725"}],"wp:term":[{"taxonomy":"category","embeddable":true,"href":"https:\/\/cdnoticias.com\/index.php\/wp-json\/wp\/v2\/categories?post=97725"},{"taxonomy":"post_tag","embeddable":true,"href":"https:\/\/cdnoticias.com\/index.php\/wp-json\/wp\/v2\/tags?post=97725"}],"curies":[{"name":"wp","href":"https:\/\/api.w.org\/{rel}","templated":true}]}}