{"id":97707,"date":"2023-09-28T08:40:48","date_gmt":"2023-09-28T11:40:48","guid":{"rendered":"https:\/\/www.centraldenoticias.com.ar\/?p=97707"},"modified":"2023-09-28T08:41:32","modified_gmt":"2023-09-28T11:41:32","slug":"sergio-massa-sera-el-presidente-del-trabajo-la-educacion-y-la-seguridad","status":"publish","type":"post","link":"https:\/\/cdnoticias.com\/index.php\/2023\/09\/28\/sergio-massa-sera-el-presidente-del-trabajo-la-educacion-y-la-seguridad\/","title":{"rendered":"&#8220;Sergio Massa ser\u00e1 el Presidente del trabajo, la educaci\u00f3n y la seguridad&#8221;"},"content":{"rendered":"<p>Lo expres\u00f3 la presidenta de la C\u00e1mara de Diputados Cecilia Moreau, tras un encuentro encabezado por el candidato a Presidente y por el gobernador Axel Kicillof.<!--more--><\/p>\n<hr \/>\n<p>La Presidenta de la C\u00e1mara de Diputados, Cecilia Moreau, expres\u00f3 que &#8220;Sergio Massa va a ser el Presidente del trabajo, la educaci\u00f3n y la seguridad&#8221; y agreg\u00f3 que <strong>&#8220;se viene un Gobierno con m\u00e1s inclusi\u00f3n y equidad social para todos los argentinos y argentinas&#8221;.<\/strong><\/p>\n<p>Luego del <strong>encuentro denominado &#8220;Todos y Unidos&#8221;<\/strong> que se realiz\u00f3 en el estadio del Club Defensores de Cambaceres, en el partido bonaerense de Ensenada, la titular de la C\u00e1mara baja dijo adem\u00e1s que &#8220;este apoyo de los sectores sociales nos demuestra que vamos por el rumbo correcto, ampliando derechos y garantizando m\u00e1s beneficios a los trabajadores&#8221;.<\/p>\n<p>En el encuentro encabezado por el candidato a Presidente, Sergio Massa, y el aspirante a renovar la gobernaci\u00f3n bonaerense, Axel Kicillof, que reuni\u00f3 a m\u00e1s de 30 mil personas, Moreau sostuvo tambi\u00e9n que <strong>&#8220;desde que Sergio est\u00e1 en Econom\u00eda y antes en Diputados siempre se dedic\u00f3 a impulsar medidas en favor de los trabajadores argentinos&#8221;.<\/strong><\/p>\n<blockquote><p>Asimismo, asever\u00f3 que &#8220;estamos en un momento bisagra para el pa\u00eds: o vamos con Massa hacia un pa\u00eds con m\u00e1s derechos sociales, m\u00e1s empleo, educaci\u00f3n, salud y producci\u00f3n para todos y todas, o nos dirigimos hacia una propuesta que sumir\u00eda al pa\u00eds en una crisis similar a la de 2001&#8221;.<\/p><\/blockquote>\n<p><strong>&#8220;Es importante que le digamos a la gente que le est\u00e1n mintiendo, que los ilusionan con d\u00f3lares que no hay y con gritos de libertad&#8221;<\/strong>, manifest\u00f3, al mismo tiempo que afirm\u00f3 que &#8220;lo que no cuentan es su intenci\u00f3n de reducir el Estado, cerrar escuelas y poner en peligro el futuro&#8221;.<\/p>\n<p>En ese contexto, hizo hincapi\u00e9 en que <strong>&#8220;si el Estado se reduce, no habr\u00e1 escuelas, ni estudiantes, ni hospitales; eso no es un pueblo con libertad, es un pueblo sin esperanza&#8221;.<\/strong><\/p>\n<p>Del acto participaron adem\u00e1s el candidato a vicepresidente, Agust\u00edn Rossi; la vicegobernadora bonaerense, Ver\u00f3nica Magario; el ministro de Desarrollo de la Comunidad bonaerense, Andr\u00e9s Larroque; el diputado nacional M\u00e1ximo Kirchner; los intendentes de Ensenada y Avellaneda, Mario Secco y Jorge Ferraresi, y diversas organizaciones sindicales, entre otros dirigentes.<\/p>\n","protected":false},"excerpt":{"rendered":"<p>Lo expres\u00f3 la presidenta de la C\u00e1mara de Diputados Cecilia Moreau, tras un encuentro encabezado por el candidato a Presidente<\/p>\n","protected":false},"author":5,"featured_media":97708,"comment_status":"closed","ping_status":"closed","sticky":false,"template":"","format":"standard","meta":{"_jetpack_memberships_contains_paid_content":false,"footnotes":""},"categories":[6,1],"tags":[],"class_list":["post-97707","post","type-post","status-publish","format-standard","has-post-thumbnail","hentry","category-nacionales","category-portada"],"jetpack_featured_media_url":"https:\/\/i0.wp.com\/cdnoticias.com\/wp-content\/uploads\/2023\/09\/moreau-cecilia.jpg?fit=800%2C445&ssl=1","jetpack_sharing_enabled":true,"_links":{"self":[{"href":"https:\/\/cdnoticias.com\/index.php\/wp-json\/wp\/v2\/posts\/97707","targetHints":{"allow":["GET"]}}],"collection":[{"href":"https:\/\/cdnoticias.com\/index.php\/wp-json\/wp\/v2\/posts"}],"about":[{"href":"https:\/\/cdnoticias.com\/index.php\/wp-json\/wp\/v2\/types\/post"}],"author":[{"embeddable":true,"href":"https:\/\/cdnoticias.com\/index.php\/wp-json\/wp\/v2\/users\/5"}],"replies":[{"embeddable":true,"href":"https:\/\/cdnoticias.com\/index.php\/wp-json\/wp\/v2\/comments?post=97707"}],"version-history":[{"count":0,"href":"https:\/\/cdnoticias.com\/index.php\/wp-json\/wp\/v2\/posts\/97707\/revisions"}],"wp:featuredmedia":[{"embeddable":true,"href":"https:\/\/cdnoticias.com\/index.php\/wp-json\/wp\/v2\/media\/97708"}],"wp:attachment":[{"href":"https:\/\/cdnoticias.com\/index.php\/wp-json\/wp\/v2\/media?parent=97707"}],"wp:term":[{"taxonomy":"category","embeddable":true,"href":"https:\/\/cdnoticias.com\/index.php\/wp-json\/wp\/v2\/categories?post=97707"},{"taxonomy":"post_tag","embeddable":true,"href":"https:\/\/cdnoticias.com\/index.php\/wp-json\/wp\/v2\/tags?post=97707"}],"curies":[{"name":"wp","href":"https:\/\/api.w.org\/{rel}","templated":true}]}}