{"id":9768,"date":"2020-12-24T11:30:42","date_gmt":"2020-12-24T14:30:42","guid":{"rendered":"http:\/\/www.centraldenoticias.com.ar\/?p=9768"},"modified":"2020-12-24T12:33:38","modified_gmt":"2020-12-24T15:33:38","slug":"por-la-detencion-del-sindicalista-olavarriense-denunciaron-al-jefe-de-la-policia-de-jujuy","status":"publish","type":"post","link":"https:\/\/cdnoticias.com\/index.php\/2020\/12\/24\/por-la-detencion-del-sindicalista-olavarriense-denunciaron-al-jefe-de-la-policia-de-jujuy\/","title":{"rendered":"Por la detenci\u00f3n del sindicalista olavarriense, denunciaron al jefe de la polic\u00eda de Jujuy"},"content":{"rendered":"<p>El caso se registr\u00f3 a inicios del presente mes y se despert\u00f3 r\u00e9plicas en todo el pa\u00eds. La denuncia fue radicada desde el sindicato municipal juje\u00f1o, en el que Santiago Seillant es secretario del interior.<!--more--><\/p>\n<hr \/>\n<p>A inicios del presente mes de diciembre Santiago Seillant, un olavarriense quien desde hace a\u00f1os se encuentra radicado en Jujuy -donde es uno de los referentes del Sindicato de Empleados y Obreros Municipales- <a href=\"https:\/\/cdnoticias.com\/index.php\/2020\/12\/02\/un-sindicalista-olavarriense-fue-violentamente-detenido-en-jujuy\/\" target=\"_blank\" rel=\"noopener\">fue detenido por expresa orden del jefe de la polic\u00eda de esa provincia del norte<\/a>. Todo se enmarc\u00f3 en <strong>una serie de protestas en rechazo al aumento paritario dictado por el Ejecutivo, adem\u00e1s de otra serie de reclamos como el pase a planta permanente<\/strong>.<strong>\u00a0<\/strong><a href=\"https:\/\/cdnoticias.com\/index.php\/2020\/12\/02\/fue-liberado-el-gremialista-olavarriense-nosotros-buscamos-la-solucion-salarial-no-una-respuesta-represiva\/\" target=\"_blank\" rel=\"noopener\">Minutos m\u00e1s tarde, en esa misma jornada, ser\u00eda liberado<\/a>.<\/p>\n<p>&nbsp;<\/p>\n<div class=\"jetpack-video-wrapper\"><iframe loading=\"lazy\" width=\"800\" height=\"450\" src=\"https:\/\/www.youtube.com\/embed\/lMH65Um3abM?start=2&#038;feature=oembed\" frameborder=\"0\" allow=\"accelerometer; autoplay; clipboard-write; encrypted-media; gyroscope; picture-in-picture\" allowfullscreen><\/iframe><\/div>\n<p>&nbsp;<\/p>\n<p>La novedad ahora est\u00e1 dada en que desde <strong>el gremio liderado por Carlos \u201cEl Perro\u201d Santill\u00e1n se formaliz\u00f3 en las \u00faltimas horas una denuncia formal contra Guillermo Corro, precisamente el jefe policial que orden\u00f3 la captura, tal como pudo verse en el video que se viraliz\u00f3 por las redes sociales<\/strong>, siendo compartido no s\u00f3lo por medios period\u00edsticos sino tambi\u00e9n por usuarios y diversas entidades a modo de protesta y rechazo, tal como fue el caso del CELS, el Centro de Estudios Legales y Sociales.<\/p>\n<p>&nbsp;<\/p>\n<p><strong>\u201cLa gravedad del accionar del Comisario Corro radica en que carec\u00eda de instrumentos legales para realizar la detenci\u00f3n (denuncia, orden de detenci\u00f3n o desalojo)\u201d<\/strong>, se reproch\u00f3 desde el Sindicato en un comunicado en el que se oficializ\u00f3 la denuncia radica el \u00faltimo lunes. Privaci\u00f3n ileg\u00edtima de la libertad, abuso de autoridad en el cumplimiento de sus funciones y persecuci\u00f3n a la protesta sindical son alguno de los delitos por los que se lo acusa.<\/p>\n<p>&nbsp;<\/p>\n<p><iframe loading=\"lazy\" style=\"border: none; overflow: hidden;\" src=\"https:\/\/www.facebook.com\/plugins\/post.php?href=https%3A%2F%2Fwww.facebook.com%2FSEOMPRENSA%2Fposts%2F3541381262566022&amp;width=500&amp;show_text=true&amp;height=735&amp;appId\" width=\"500\" height=\"735\" frameborder=\"0\" scrolling=\"no\" allowfullscreen=\"allowfullscreen\"><\/iframe><\/p>\n<p>&nbsp;<\/p>\n<p>El dato no menor es que las acusaciones tambi\u00e9n avanzan sobre funcionarios judiciales por no aceptar el inicio de las acciones legales, de acuerdo a lo que denuncian en el mismo escrito.<strong> \u201cEn un primer momento, esta denuncia no fue aceptada por el Juzgado Federal No 2, posteriormente tampoco fue aceptada en la Fiscal\u00eda Provincial a cargo de Diego Cussel dentro del Ministerio P\u00fablico de la Acusaci\u00f3n, quien dio, como \u00fanica alternativa, radicar la denuncia en la Brigada de Investigaciones del Barrio de Chijra en San Sal. de Jujuy \u2013el mismo lugar donde estuvieron ilegalmente detenidos los dirigentes mencionados-, lo que constituye una negaci\u00f3n en el acceso a la Justicia, irregularidad que va en contra del C\u00f3digo Penal Procesal de Jujuy\u201d<\/strong>, se quejaron.<\/p>\n<p>&nbsp;<\/p>\n<p><strong>\u201cLa situaci\u00f3n de denunciar al Ayudante Fiscal (Ivan Monaldi Pancich), al Fiscal (Aldo Lozano) y al mismo Jefe de la Polic\u00eda en una dependencia que est\u00e1 bajo la \u00f3rbita de estos tres funcionarios, demuestran la parcialidad y la deficiencia de la administraci\u00f3n de la Justicia provincial\u201d<\/strong>, completaron.<\/p>\n","protected":false},"excerpt":{"rendered":"<p>El caso se registr\u00f3 a inicios del presente mes y se despert\u00f3 r\u00e9plicas en todo el pa\u00eds. La denuncia fue<\/p>\n","protected":false},"author":3,"featured_media":9779,"comment_status":"closed","ping_status":"closed","sticky":false,"template":"","format":"standard","meta":{"_jetpack_memberships_contains_paid_content":false,"footnotes":""},"categories":[14,1],"tags":[],"class_list":["post-9768","post","type-post","status-publish","format-standard","has-post-thumbnail","hentry","category-policiales","category-portada"],"jetpack_featured_media_url":"https:\/\/i0.wp.com\/cdnoticias.com\/wp-content\/uploads\/2020\/12\/WhatsApp-Image-2020-12-23-at-10.51.45.jpeg?fit=1280%2C819&ssl=1","jetpack_sharing_enabled":true,"_links":{"self":[{"href":"https:\/\/cdnoticias.com\/index.php\/wp-json\/wp\/v2\/posts\/9768","targetHints":{"allow":["GET"]}}],"collection":[{"href":"https:\/\/cdnoticias.com\/index.php\/wp-json\/wp\/v2\/posts"}],"about":[{"href":"https:\/\/cdnoticias.com\/index.php\/wp-json\/wp\/v2\/types\/post"}],"author":[{"embeddable":true,"href":"https:\/\/cdnoticias.com\/index.php\/wp-json\/wp\/v2\/users\/3"}],"replies":[{"embeddable":true,"href":"https:\/\/cdnoticias.com\/index.php\/wp-json\/wp\/v2\/comments?post=9768"}],"version-history":[{"count":0,"href":"https:\/\/cdnoticias.com\/index.php\/wp-json\/wp\/v2\/posts\/9768\/revisions"}],"wp:featuredmedia":[{"embeddable":true,"href":"https:\/\/cdnoticias.com\/index.php\/wp-json\/wp\/v2\/media\/9779"}],"wp:attachment":[{"href":"https:\/\/cdnoticias.com\/index.php\/wp-json\/wp\/v2\/media?parent=9768"}],"wp:term":[{"taxonomy":"category","embeddable":true,"href":"https:\/\/cdnoticias.com\/index.php\/wp-json\/wp\/v2\/categories?post=9768"},{"taxonomy":"post_tag","embeddable":true,"href":"https:\/\/cdnoticias.com\/index.php\/wp-json\/wp\/v2\/tags?post=9768"}],"curies":[{"name":"wp","href":"https:\/\/api.w.org\/{rel}","templated":true}]}}