{"id":97672,"date":"2023-09-27T18:40:00","date_gmt":"2023-09-27T21:40:00","guid":{"rendered":"https:\/\/www.centraldenoticias.com.ar\/?p=97672"},"modified":"2023-09-27T18:40:00","modified_gmt":"2023-09-27T21:40:00","slug":"lucio-dupuy-confirmaron-las-penas-a-perpetua-y-la-madre-tambien-fue-condenada-por-el-abuso-sexual","status":"publish","type":"post","link":"https:\/\/cdnoticias.com\/index.php\/2023\/09\/27\/lucio-dupuy-confirmaron-las-penas-a-perpetua-y-la-madre-tambien-fue-condenada-por-el-abuso-sexual\/","title":{"rendered":"Lucio Dupuy: confirmaron las penas a perpetua y la madre tambi\u00e9n fue condenada por el abuso sexual"},"content":{"rendered":"<p>La Justicia de La Pampa agrav\u00f3 la situaci\u00f3n de Magdalena Esp\u00f3sito Valenti, acusada del crimen junto a su pareja, Abigail P\u00e1ez.<!--more--><\/p>\n<hr \/>\n<p>El Tribunal de Impugnaci\u00f3n Penal (TIP) de Santa Rosa confirm\u00f3 este martes las <strong>condenas a prisi\u00f3n perpetua <\/strong>para <strong>Magdalena Esp\u00f3sito Valenti y Abigail P\u00e1ez por el homicidio de Lucio Abel Dupuy,<\/strong> <strong>ocurrido en 2021,<\/strong> y a su vez le agreg\u00f3 a la <strong>madre de la v\u00edctima el delito de abuso sexual.<\/strong><\/p>\n<p>&nbsp;<\/p>\n<p>El fallo, que fue adoptado por la Sala A del mencionado tribunal de alzada, conformada por los jueces Mar\u00eda Eugenia Schijvarger y Mauricio Piombi, acompa\u00f1ados por la secretaria Mar\u00eda Elena Gr\u00e9goire, acept\u00f3 todos los planteos de la fiscal\u00eda, admiti\u00f3 parcialmente los de la querella y rechaz\u00f3 los cuestionamientos de las defensas de las imputadas, que hab\u00edan sido <strong>condenadas a la pena m\u00e1xima el 17 de febrero pasado.<\/strong><\/p>\n<p>&nbsp;<\/p>\n<p>Una de las cuestiones que hab\u00eda pedido la querella, pero el TIF rechaz\u00f3 es sumarle a la calificaci\u00f3n el agravante del \u201c<strong>odio de g\u00e9nero\u201d<\/strong>. En el debate, la Audiencia de Juicio hab\u00eda hallado culpable a Esp\u00f3sito Valenti, la mam\u00e1 de Lucio, de \u201chomicidio triplemente calificado por el v\u00ednculo, alevos\u00eda y ensa\u00f1amiento\u201d, y a P\u00e1ez de \u201chomicidio doblemente calificado por alevos\u00eda y ensa\u00f1amiento, en concurso real con el delito de abuso sexual con acceso carnal agravado por tratarse de la guardadora y por haberse cometido contra un menor de 18 a\u00f1os de edad, aprovechando la situaci\u00f3n de convivencia preexistente, como delito continuado\u201d.<\/p>\n<p>&nbsp;<\/p>\n<p>El Tribunal hab\u00eda absuelto a Esp\u00f3sito Valenti de la acusaci\u00f3n de abuso sexual por el beneficio de la duda. Ahora, el TIP inform\u00f3 en un comunicado que, adem\u00e1s de <strong>confirmar la calificaci\u00f3n del homicidio,<\/strong> le agreg\u00f3 \u201cen concurso real\u201d a la <strong>madre de la v\u00edctima el \u201cabuso sexual gravemente ultrajante por las circunstancias de realizaci\u00f3n, con acceso carnal<\/strong>\u201d. En el caso de P\u00e1ez, mantuvo la misma calificaci\u00f3n, con el agregado del abuso gravemente ultrajante.<\/p>\n<p>&nbsp;<\/p>\n<p>El comunicado agrega que despu\u00e9s de valorar las pruebas reunidas durante el juicio oral, escuchar las declaraciones testimoniales, ver filmaciones de las c\u00e1maras del lugar y leer y o\u00edr los mensajes entre las acusadas, los jueces Schijvarger y Piombi concluyeron que \u201cefectivamente Esp\u00f3sito Valenti tambi\u00e9n abus\u00f3 del peque\u00f1o, ya que por el horario de la muerte indicado por el m\u00e9dico forense, situ\u00f3 a ella en el departamento al momento en que ocurrieron tanto los golpes que terminaron siendo mortales, como la agresi\u00f3n sexual\u201d.<\/p>\n<p>&nbsp;<\/p>\n<p>Adicionalmente, valoraron que las conclusiones de la autopsia revelaron que el ni\u00f1o tambi\u00e9n fue agredido sexualmente durante las semanas previas al 26 de noviembre. <strong>Lucio ten\u00eda cinco a\u00f1os cuando fue asesinado el 26 de noviembre de 2021 en la casa de la calle Allan Kardec al 2300 de Santa Rosa, donde viv\u00eda con su madre y la pareja de esta.<\/strong><\/p>\n<p>&nbsp;<\/p>\n<p>La Justicia pudo establecer que a las 17.32 se lo vio a Lucio vivo por \u00faltima vez y que entre esa hora y las 19.40, cuando ambas imputadas salieron solas del departamento, <strong>Lucio fue golpeado brutalmente.<\/strong> A su vez, P\u00e1ez llev\u00f3 en moto a su novia al trabajo de moza en el restaurante de un hotel de la capital pampeana y volvi\u00f3 sola a las 20.49, cuando intent\u00f3 reanimar al ni\u00f1o y lo meti\u00f3 baj\u00f3 la ducha.<\/p>\n<p>&nbsp;<\/p>\n<p>A las 21.30, P\u00e1ez sali\u00f3 con Lucio en brazos para el centro asistencial del barrio R\u00edo Atuel, anexo al departamento, pero estaba cerrado. En ese momento, el ni\u00f1o fue asistido por vecinos y finalmente lo trasladaron al Hospital Evita, donde a las 21.45 se constat\u00f3 que ya estaba muerto.<\/p>\n<p>&nbsp;<\/p>\n<p>Seg\u00fan determin\u00f3 el tribunal de juicio, <strong>las dos mujeres participaron de la golpiza mortal<\/strong> y el nene recibi\u00f3 pu\u00f1etazos, patadas y palazos, adem\u00e1s de un pisot\u00f3n en la espalda por parte de P\u00e1ez (que se pudo determinar por la marca que dej\u00f3 su zapatilla), el cual le provoc\u00f3 lesiones internas. De acuerdo con los peritos, la causa de la muerte fue un edema cerebral como consecuencia de politraumatismos.<\/p>\n<p>&nbsp;<\/p>\n<p><em>Fuente: DIB\u00a0<\/em><\/p>\n","protected":false},"excerpt":{"rendered":"<p>La Justicia de La Pampa agrav\u00f3 la situaci\u00f3n de Magdalena Esp\u00f3sito Valenti, acusada del crimen junto a su pareja, Abigail<\/p>\n","protected":false},"author":6,"featured_media":77321,"comment_status":"closed","ping_status":"closed","sticky":false,"template":"","format":"standard","meta":{"_jetpack_memberships_contains_paid_content":false,"footnotes":""},"categories":[6,1],"tags":[],"class_list":["post-97672","post","type-post","status-publish","format-standard","has-post-thumbnail","hentry","category-nacionales","category-portada"],"jetpack_featured_media_url":"https:\/\/i0.wp.com\/cdnoticias.com\/wp-content\/uploads\/2023\/02\/Dupuy-696x464-1.jpg?fit=696%2C464&ssl=1","jetpack_sharing_enabled":true,"_links":{"self":[{"href":"https:\/\/cdnoticias.com\/index.php\/wp-json\/wp\/v2\/posts\/97672","targetHints":{"allow":["GET"]}}],"collection":[{"href":"https:\/\/cdnoticias.com\/index.php\/wp-json\/wp\/v2\/posts"}],"about":[{"href":"https:\/\/cdnoticias.com\/index.php\/wp-json\/wp\/v2\/types\/post"}],"author":[{"embeddable":true,"href":"https:\/\/cdnoticias.com\/index.php\/wp-json\/wp\/v2\/users\/6"}],"replies":[{"embeddable":true,"href":"https:\/\/cdnoticias.com\/index.php\/wp-json\/wp\/v2\/comments?post=97672"}],"version-history":[{"count":0,"href":"https:\/\/cdnoticias.com\/index.php\/wp-json\/wp\/v2\/posts\/97672\/revisions"}],"wp:featuredmedia":[{"embeddable":true,"href":"https:\/\/cdnoticias.com\/index.php\/wp-json\/wp\/v2\/media\/77321"}],"wp:attachment":[{"href":"https:\/\/cdnoticias.com\/index.php\/wp-json\/wp\/v2\/media?parent=97672"}],"wp:term":[{"taxonomy":"category","embeddable":true,"href":"https:\/\/cdnoticias.com\/index.php\/wp-json\/wp\/v2\/categories?post=97672"},{"taxonomy":"post_tag","embeddable":true,"href":"https:\/\/cdnoticias.com\/index.php\/wp-json\/wp\/v2\/tags?post=97672"}],"curies":[{"name":"wp","href":"https:\/\/api.w.org\/{rel}","templated":true}]}}