{"id":97649,"date":"2023-09-27T13:08:52","date_gmt":"2023-09-27T16:08:52","guid":{"rendered":"https:\/\/www.centraldenoticias.com.ar\/?p=97649"},"modified":"2023-09-27T13:11:22","modified_gmt":"2023-09-27T16:11:22","slug":"plantaron-50-arboles-en-lo-que-sera-el-complejo-deportivo-municipal","status":"publish","type":"post","link":"https:\/\/cdnoticias.com\/index.php\/2023\/09\/27\/plantaron-50-arboles-en-lo-que-sera-el-complejo-deportivo-municipal\/","title":{"rendered":"Plantaron 50 arboles en lo que ser\u00e1 el Complejo Deportivo Municipal"},"content":{"rendered":"<p>La iniciativa tiene como objetivo contribuir al cuidado del medio ambiente. Es\u00a0 organizada entre la Secretar\u00eda de Mantenimiento y Obras P\u00fablicas y la Secretar\u00eda de Desarrollo Econ\u00f3mico.\u00a0 A su vez, cuenta con la participaci\u00f3n de \u00e1reas como Espacio Verde, Desarrollo Sustentable y Vivero Forestal. <!--more--><\/p>\n<p>&nbsp;<\/p>\n<p>El martes por la tarde se llev\u00f3 a cab\u00f3 la <strong>plantaci\u00f3n de 50 arboles en las inmediaciones de la Pista de Atletismo y del nuevo edificio del Instituto de Educaci\u00f3n F\u00edsica<\/strong> &#8211;<a href=\"https:\/\/cdnoticias.com\/index.php\/2023\/09\/25\/el-intendente-entrego-las-llaves-del-instituto-de-educacion-fisica\/\" target=\"_blank\" rel=\"noopener\">recientemente entregado<\/a>&#8211; <strong>, en lo que ser\u00e1 el Complejo Deportivo Municipal.<\/strong><\/p>\n<p>&nbsp;<\/p>\n<p>La iniciativa es desarrollada entre la<strong> Secretar\u00eda de Mantenimiento y Obras P\u00fablicas y la Secretar\u00eda de Desarrollo Econ\u00f3mico<\/strong>, a trav\u00e9s de las \u00e1reas de <strong>Espacios Verdes, Desarrollo Sustentable y Vivero Foresta.\u00a0<\/strong> Con <strong>el objetivo de contribuir al cuidado del medio ambiente.<\/strong><\/p>\n<p>&nbsp;<\/p>\n<p><img data-recalc-dims=\"1\" loading=\"lazy\" decoding=\"async\" class=\"alignnone size-full wp-image-97644\" src=\"https:\/\/i0.wp.com\/cdnoticias.com\/wp-content\/uploads\/2023\/09\/DE-Plantacion-Pista-Atletismo-2.jpg?resize=800%2C445&#038;ssl=1\" alt=\"\" width=\"800\" height=\"445\" srcset=\"https:\/\/i0.wp.com\/cdnoticias.com\/wp-content\/uploads\/2023\/09\/DE-Plantacion-Pista-Atletismo-2.jpg?w=800&amp;ssl=1 800w, https:\/\/i0.wp.com\/cdnoticias.com\/wp-content\/uploads\/2023\/09\/DE-Plantacion-Pista-Atletismo-2.jpg?resize=300%2C167&amp;ssl=1 300w, https:\/\/i0.wp.com\/cdnoticias.com\/wp-content\/uploads\/2023\/09\/DE-Plantacion-Pista-Atletismo-2.jpg?resize=768%2C427&amp;ssl=1 768w\" sizes=\"auto, (max-width: 800px) 100vw, 800px\" \/><\/p>\n<p>&nbsp;<\/p>\n<blockquote><p>Las especies plantadas son\u00a0 fresno y aguaribay, este \u00faltimo las provee el Vivero Forestal Municipal, cabe destacar \u00a0que son de producci\u00f3n propia.<\/p><\/blockquote>\n<p>&nbsp;<\/p>\n<p>De la jornada<strong> participaron el secretario de Mantenimiento y Obras P\u00fablicas Julio Ferraro, la subsecretaria de Empresas e Inversiones Emilia D\u00edaz y Federico Vidal, en representaci\u00f3n del \u00e1rea de Espacios Verdes.<\/strong><br \/>\n&nbsp;<\/p>\n","protected":false},"excerpt":{"rendered":"<p>La iniciativa tiene como objetivo contribuir al cuidado del medio ambiente. Es\u00a0 organizada entre la Secretar\u00eda de Mantenimiento y Obras<\/p>\n","protected":false},"author":2,"featured_media":97645,"comment_status":"closed","ping_status":"closed","sticky":false,"template":"","format":"standard","meta":{"_jetpack_memberships_contains_paid_content":false,"footnotes":""},"categories":[5,1],"tags":[],"class_list":["post-97649","post","type-post","status-publish","format-standard","has-post-thumbnail","hentry","category-informacion-general","category-portada"],"jetpack_featured_media_url":"https:\/\/i0.wp.com\/cdnoticias.com\/wp-content\/uploads\/2023\/09\/DE-Plantacion-Pista-Atletismo-1.jpg?fit=800%2C445&ssl=1","jetpack_sharing_enabled":true,"_links":{"self":[{"href":"https:\/\/cdnoticias.com\/index.php\/wp-json\/wp\/v2\/posts\/97649","targetHints":{"allow":["GET"]}}],"collection":[{"href":"https:\/\/cdnoticias.com\/index.php\/wp-json\/wp\/v2\/posts"}],"about":[{"href":"https:\/\/cdnoticias.com\/index.php\/wp-json\/wp\/v2\/types\/post"}],"author":[{"embeddable":true,"href":"https:\/\/cdnoticias.com\/index.php\/wp-json\/wp\/v2\/users\/2"}],"replies":[{"embeddable":true,"href":"https:\/\/cdnoticias.com\/index.php\/wp-json\/wp\/v2\/comments?post=97649"}],"version-history":[{"count":0,"href":"https:\/\/cdnoticias.com\/index.php\/wp-json\/wp\/v2\/posts\/97649\/revisions"}],"wp:featuredmedia":[{"embeddable":true,"href":"https:\/\/cdnoticias.com\/index.php\/wp-json\/wp\/v2\/media\/97645"}],"wp:attachment":[{"href":"https:\/\/cdnoticias.com\/index.php\/wp-json\/wp\/v2\/media?parent=97649"}],"wp:term":[{"taxonomy":"category","embeddable":true,"href":"https:\/\/cdnoticias.com\/index.php\/wp-json\/wp\/v2\/categories?post=97649"},{"taxonomy":"post_tag","embeddable":true,"href":"https:\/\/cdnoticias.com\/index.php\/wp-json\/wp\/v2\/tags?post=97649"}],"curies":[{"name":"wp","href":"https:\/\/api.w.org\/{rel}","templated":true}]}}