{"id":97633,"date":"2023-09-27T11:42:53","date_gmt":"2023-09-27T14:42:53","guid":{"rendered":"https:\/\/www.centraldenoticias.com.ar\/?p=97633"},"modified":"2023-09-27T19:00:50","modified_gmt":"2023-09-27T22:00:50","slug":"juntos-por-el-cambio-vuelve-a-denunciar-al-gobernador-axel-kicillof","status":"publish","type":"post","link":"https:\/\/cdnoticias.com\/index.php\/2023\/09\/27\/juntos-por-el-cambio-vuelve-a-denunciar-al-gobernador-axel-kicillof\/","title":{"rendered":"Juntos por el Cambio vuelve a denunciar al gobernador Axel Kicillof"},"content":{"rendered":"<p>Se reunieron los 58 intendentes de Juntos por el Cambio para emitir un comunicado al gobernador Axel Kicillof en el que denuncian discriminaci\u00f3n en los fondos provinciales.<\/p>\n<p><!--more--><\/p>\n<p>El <strong>foro de 58 intendentes de Juntos por el Cambio se reuni\u00f3 en La Plata<\/strong> y emiti\u00f3 un <strong>duro comunicado en el que denuncia al gobernador Axel Kicillof de discriminarlos en el env\u00edo de fondos<\/strong>. Afirmaron que lo hace por &#8220;motivos electorales&#8221; pero que a la vez perjudica la vida de \u201cseis millones de bonaerenses\u201d. El mandatario Ezequiel Galli estuvo presente para firmar el documento.<\/p>\n<p>&nbsp;<\/p>\n<p>El gobernador en su visita a la ciudad de Olavarr\u00eda habl\u00f3 sobre el tema y rechaz\u00f3 la acusaci\u00f3n. <a href=\"https:\/\/cdnoticias.com\/index.php\/2023\/09\/26\/deuda-con-el-municipio-si-galli-no-me-va-a-esperar-en-olavarria-siempre-puede-mandarme-un-whatsapp\/\" target=\"_blank\" rel=\"noopener\">Pidi\u00f3 que lo contacten v\u00eda Whatsapp<\/a>. Frente a esto,<strong> el intendente Ezequiel Galli acus\u00f3 a trav\u00e9s de sus redes sociales de no responder sus llamados, <\/strong><a href=\"https:\/\/cdnoticias.com\/index.php\/2023\/09\/26\/galli-si-posee-whatsapp-hubiera-sido-acorde-informarnos-que-no-nos-iba-a-atender\/\" target=\"_blank\" rel=\"noopener\">\u201csi posee Whatsapp, como usted menciona, hubiera sido acorde informarnos que no nos iba a atender\u201d<\/a>.<\/p>\n<p>&nbsp;<\/p>\n<p><img data-recalc-dims=\"1\" loading=\"lazy\" decoding=\"async\" class=\"alignnone size-large wp-image-97533\" src=\"https:\/\/i0.wp.com\/cdnoticias.com\/wp-content\/uploads\/2023\/09\/kicillof-olava2.jpg?resize=800%2C445&#038;ssl=1\" alt=\"\" width=\"800\" height=\"445\" srcset=\"https:\/\/i0.wp.com\/cdnoticias.com\/wp-content\/uploads\/2023\/09\/kicillof-olava2-scaled.jpg?resize=1024%2C570&amp;ssl=1 1024w, https:\/\/i0.wp.com\/cdnoticias.com\/wp-content\/uploads\/2023\/09\/kicillof-olava2-scaled.jpg?resize=300%2C167&amp;ssl=1 300w, https:\/\/i0.wp.com\/cdnoticias.com\/wp-content\/uploads\/2023\/09\/kicillof-olava2-scaled.jpg?resize=768%2C427&amp;ssl=1 768w, https:\/\/i0.wp.com\/cdnoticias.com\/wp-content\/uploads\/2023\/09\/kicillof-olava2-scaled.jpg?resize=1536%2C855&amp;ssl=1 1536w, https:\/\/i0.wp.com\/cdnoticias.com\/wp-content\/uploads\/2023\/09\/kicillof-olava2-scaled.jpg?resize=2048%2C1140&amp;ssl=1 2048w, https:\/\/i0.wp.com\/cdnoticias.com\/wp-content\/uploads\/2023\/09\/kicillof-olava2-scaled.jpg?resize=800%2C445&amp;ssl=1 800w, https:\/\/i0.wp.com\/cdnoticias.com\/wp-content\/uploads\/2023\/09\/kicillof-olava2-scaled.jpg?w=1600&amp;ssl=1 1600w, https:\/\/i0.wp.com\/cdnoticias.com\/wp-content\/uploads\/2023\/09\/kicillof-olava2-scaled.jpg?w=2400&amp;ssl=1 2400w\" sizes=\"auto, (max-width: 800px) 100vw, 800px\" \/><\/p>\n<p>&nbsp;<\/p>\n<blockquote><p>\u201cLos intendentes de Juntos por el Cambio estamos en estado de alerta por el desfinanciamiento que sufren en la actualidad nuestros municipios, manifestamos nuestra gran preocupaci\u00f3n por una parte por la demora en el pago de diversos conceptos\u201d, reclamaron en el documento titulado \u201cAl se\u00f1or Gobernador de la provincia Axel Kicillof\u201d.<\/p><\/blockquote>\n<p>&nbsp;<\/p>\n<p>Tras un encuentro que se realiz\u00f3 en la casa de la Provincia, <strong>los intendentes del PRO y radicales decidieron poner por escrito sus objeciones a la administraci\u00f3n Kicillof y entregarlas en un documento formal<\/strong> <strong>que llevar\u00e1 la firma de los 58<\/strong>, para darle un mayor peso formal.<\/p>\n<p>&nbsp;<\/p>\n<p>All\u00ed, los alcaldes sostuvieron que<strong> hay incumplimiento de temas acordados a la hora de sancionar el presupuesto provincial<\/strong> y que<strong> se encuentran con demoras significativas<\/strong>, entre ellas por \u201c<em>la falta de pago a muchos municipios de aportes del tesoro provincial para compensar la ca\u00edda de CUD (coparticipaci\u00f3n), cuya cancelaci\u00f3n estaba prevista en desembolsos para marzo y junio\u201d<\/em>.<\/p>\n<p>&nbsp;<\/p>\n<p>El intendente Ezequiel Galli expres\u00f3 en sus redes sociales que no son \u201cchiquilinadas\u201d tal como dijo Axel Kicillof cuando se refiri\u00f3 a los reclamos por los fondos, sino que <strong>\u201cson cientos de millones de pesos de los olavarrienses que desaparecen por la inflaci\u00f3n atroz que padecemos&#8221;. \u00a0<\/strong><\/p>\n<p>&nbsp;<\/p>\n<p><img data-recalc-dims=\"1\" loading=\"lazy\" decoding=\"async\" class=\"alignnone size-full wp-image-97352\" src=\"https:\/\/i0.wp.com\/cdnoticias.com\/wp-content\/uploads\/2023\/09\/jardin-929-galli-01.jpg?resize=800%2C445&#038;ssl=1\" alt=\"\" width=\"800\" height=\"445\" srcset=\"https:\/\/i0.wp.com\/cdnoticias.com\/wp-content\/uploads\/2023\/09\/jardin-929-galli-01.jpg?w=800&amp;ssl=1 800w, https:\/\/i0.wp.com\/cdnoticias.com\/wp-content\/uploads\/2023\/09\/jardin-929-galli-01.jpg?resize=300%2C167&amp;ssl=1 300w, https:\/\/i0.wp.com\/cdnoticias.com\/wp-content\/uploads\/2023\/09\/jardin-929-galli-01.jpg?resize=768%2C427&amp;ssl=1 768w\" sizes=\"auto, (max-width: 800px) 100vw, 800px\" \/><\/p>\n<p>&nbsp;<\/p>\n<blockquote><p>Tambi\u00e9n se detall\u00f3 \u201cel financiamiento por parte de los municipios de un porcentaje significativo de los Torneos Bonaerenses, la falta de cumplimiento de convenios celebrados para el funcionamiento de las polic\u00edas en los distritos por parte del Ministerio \u00a0de Seguridad (Fondo Municipal de Seguridad), o los que tienen que ver con las acciones planteadas en los convenios celebrados con el Ministerio de las Mujeres, por ejemplo\u201d.<\/p><\/blockquote>\n<p>&nbsp;<\/p>\n<p>Por otra parte, se plante\u00f3 \u201cla insuficiente actualizaci\u00f3n del <strong>valor de las prestaciones abonadas por el IOM<\/strong>A y la demora en la cancelaci\u00f3n de las mismas, que dificultan seriamente el normal funcionamiento de nuestros efectores de salud\u201d, afectando seriamente las prestaciones que reciben los afiliados.<\/p>\n<p>&nbsp;<\/p>\n<p><strong>Los intendentes de Juntos por el Cambio apostaron a \u201cla sana convivencia democr\u00e1tica,<\/strong> al di\u00e1logo y el consenso pol\u00edtico, por lo que seguimos aguardando ser convocados a partir de nuestro pedido de <a href=\"https:\/\/cdnoticias.com\/index.php\/2023\/09\/07\/galli-y-los-intendentes-de-juntos-por-el-cambio-pidieron-una-reunion-urgente-con-kicillof\/\" target=\"_blank\" rel=\"noopener\">audiencia del 7 del corriente mes<\/a>\u201d. En este sentido, <strong>el jefe comunal olavarriense manifest\u00f3 que luego de 19 d\u00edas \u201cla respuesta nunca lleg\u00f3\u201d.<\/strong><\/p>\n<p>&nbsp;<\/p>\n<p><img data-recalc-dims=\"1\" loading=\"lazy\" decoding=\"async\" class=\"alignnone size-large wp-image-97545\" src=\"https:\/\/i0.wp.com\/cdnoticias.com\/wp-content\/uploads\/2023\/09\/F6-ePRNWsAAc5Gn-1024x682.jpeg?resize=800%2C533&#038;ssl=1\" alt=\"\" width=\"800\" height=\"533\" srcset=\"https:\/\/i0.wp.com\/cdnoticias.com\/wp-content\/uploads\/2023\/09\/F6-ePRNWsAAc5Gn.jpeg?resize=1024%2C682&amp;ssl=1 1024w, https:\/\/i0.wp.com\/cdnoticias.com\/wp-content\/uploads\/2023\/09\/F6-ePRNWsAAc5Gn.jpeg?resize=300%2C200&amp;ssl=1 300w, https:\/\/i0.wp.com\/cdnoticias.com\/wp-content\/uploads\/2023\/09\/F6-ePRNWsAAc5Gn.jpeg?resize=768%2C512&amp;ssl=1 768w, https:\/\/i0.wp.com\/cdnoticias.com\/wp-content\/uploads\/2023\/09\/F6-ePRNWsAAc5Gn.jpeg?resize=1536%2C1023&amp;ssl=1 1536w, https:\/\/i0.wp.com\/cdnoticias.com\/wp-content\/uploads\/2023\/09\/F6-ePRNWsAAc5Gn.jpeg?resize=272%2C182&amp;ssl=1 272w, https:\/\/i0.wp.com\/cdnoticias.com\/wp-content\/uploads\/2023\/09\/F6-ePRNWsAAc5Gn.jpeg?w=1600&amp;ssl=1 1600w\" sizes=\"auto, (max-width: 800px) 100vw, 800px\" \/><\/p>\n<p>&nbsp;<\/p>\n<p>\u201cApostamos a poder construir una provincia mejor para cada unos de los bonaerenses\u201d, remarcaron y concluyeron: <strong>\u201csomos 58 intendentes que gobernamos municipios donde habitan m\u00e1s de 6 millones de bonaerenses a lo largo y a lo ancho de m\u00e1s de 170.000 kil\u00f3metros cuadrados de nuestra querida provincia\u201d<\/strong>.<\/p>\n<p>&nbsp;<\/p>\n<p>Los 58 intendentes que firmaron el comunicado son:\u00a0 Julio Garro (La Plata), Sebasti\u00e1n Abella (Campana), Gustavo Posse (San Isidro), Jaime M\u00e9ndez (San Miguel), Alejandro Federico (Suipacha), Diego Valenzuela (Tres de Febrero), Soledad Mart\u00ednez (Vicente L\u00f3pez), Javier Olaeta (Arrecifes), Javier Iguacel (Capit\u00e1n Sarmiento), Javier Mart\u00ednez (Pergamino), Gustavo Perie (Ramallo), Rom\u00e1n Bouvier (Rojas), Francisco Ratto (San Antonio de Areco), Manuel Passaglia (San Nicol\u00e1s), Oscar Capeletti (Brandsen), N\u00e9stor Grindetti (Lan\u00fas), Jorge Etcheverry (Lobos), Gonzalo Peluso (Magdalena), Vicente Gatica (Bragado), V\u00edctor Aiola (Chacabuco), Nahuel Mittelbach (Florentino Ameghino), Edgardo Battaglia (General Arenales), Franco Flexas (General Viamonte), Eduardo Campana (General Villegas), Pablo Petrecca (Jun\u00edn), Salvador Serenal (Lincoln), Mariano Barroso (Nueve de Julio), Javier Reynoso (Rivadavia), Miguel Fern\u00e1ndez (Trenque Lauquen), Emilio Cordonnier (Ayacucho), Esteban Reino (Balcarce), Camilo Etchevarren (Dolores), Osvaldo Din\u00e1poli (General Belgrano), Jos\u00e9 Rodr\u00edguez Ponte (General Lavalle), Carlos Santoro (General Madariaga), Guillermo Montenegro (General Pueyrred\u00f3n), Arnaldo Harispe (Lezama), Juan Jos\u00e9 Fioramonti (Lober\u00eda), Mat\u00edas Rapallini (Maip\u00fa), Jos\u00e9 Castro (Monte), Mart\u00edn Yeza (Pinamar), Roberto Suesc\u00fan (Rauch), Miguel \u00c1ngel Gargaglione (San Cayetano), Miguel \u00c1ngel Lunghi (Tandil), Javier Andr\u00e9s (Adolfo Alsina), H\u00e9ctor Gay (Bah\u00eda Blanca), Ra\u00fal Reyes (Coronel Dorrego), Lisandro Matzkin (Coronel Pringles), Mariano Uset (Coronel Rosales), Mart\u00edn Randazzo (General La Madrid), Jos\u00e9 Luiz Zara (Carmen de Patagones), Guillermo Pacheco (Pellegrini), Facundo David Castelli (Puan), Gustavo Notararigo (Saavedra), Hern\u00e1n Bertellys (Azul), Ram\u00f3n Capra (General Alvear), <strong>Ezequiel Galli (Olavarr\u00eda)<\/strong>, Jos\u00e9 Luis Salom\u00f3n (Saladillo).<\/p>\n<p>&nbsp;<\/p>\n<p>Fuente: con informaci\u00f3n de Agencia DIB.<\/p>\n<p>&nbsp;<\/p>\n","protected":false},"excerpt":{"rendered":"<p>Se reunieron los 58 intendentes de Juntos por el Cambio para emitir un comunicado al gobernador Axel Kicillof en el<\/p>\n","protected":false},"author":2,"featured_media":97634,"comment_status":"closed","ping_status":"closed","sticky":false,"template":"","format":"standard","meta":{"_jetpack_memberships_contains_paid_content":false,"footnotes":""},"categories":[4,1],"tags":[],"class_list":["post-97633","post","type-post","status-publish","format-standard","has-post-thumbnail","hentry","category-politica","category-portada"],"jetpack_featured_media_url":"https:\/\/i0.wp.com\/cdnoticias.com\/wp-content\/uploads\/2023\/09\/Intendentes.jpg-800x533-1.jpeg?fit=800%2C533&ssl=1","jetpack_sharing_enabled":true,"_links":{"self":[{"href":"https:\/\/cdnoticias.com\/index.php\/wp-json\/wp\/v2\/posts\/97633","targetHints":{"allow":["GET"]}}],"collection":[{"href":"https:\/\/cdnoticias.com\/index.php\/wp-json\/wp\/v2\/posts"}],"about":[{"href":"https:\/\/cdnoticias.com\/index.php\/wp-json\/wp\/v2\/types\/post"}],"author":[{"embeddable":true,"href":"https:\/\/cdnoticias.com\/index.php\/wp-json\/wp\/v2\/users\/2"}],"replies":[{"embeddable":true,"href":"https:\/\/cdnoticias.com\/index.php\/wp-json\/wp\/v2\/comments?post=97633"}],"version-history":[{"count":0,"href":"https:\/\/cdnoticias.com\/index.php\/wp-json\/wp\/v2\/posts\/97633\/revisions"}],"wp:featuredmedia":[{"embeddable":true,"href":"https:\/\/cdnoticias.com\/index.php\/wp-json\/wp\/v2\/media\/97634"}],"wp:attachment":[{"href":"https:\/\/cdnoticias.com\/index.php\/wp-json\/wp\/v2\/media?parent=97633"}],"wp:term":[{"taxonomy":"category","embeddable":true,"href":"https:\/\/cdnoticias.com\/index.php\/wp-json\/wp\/v2\/categories?post=97633"},{"taxonomy":"post_tag","embeddable":true,"href":"https:\/\/cdnoticias.com\/index.php\/wp-json\/wp\/v2\/tags?post=97633"}],"curies":[{"name":"wp","href":"https:\/\/api.w.org\/{rel}","templated":true}]}}