{"id":97625,"date":"2023-09-27T10:41:05","date_gmt":"2023-09-27T13:41:05","guid":{"rendered":"https:\/\/www.centraldenoticias.com.ar\/?p=97625"},"modified":"2023-09-27T16:27:01","modified_gmt":"2023-09-27T19:27:01","slug":"gabriel-coronel-podemos-proyectar-el-instituto-como-un-polo-academico","status":"publish","type":"post","link":"https:\/\/cdnoticias.com\/index.php\/2023\/09\/27\/gabriel-coronel-podemos-proyectar-el-instituto-como-un-polo-academico\/","title":{"rendered":"Gabriel Coronel: \u201cPodemos proyectar el Instituto como un polo acad\u00e9mico\u201d"},"content":{"rendered":"<p>El director del Instituto de Educaci\u00f3n F\u00edsica destac\u00f3 la culminaci\u00f3n de la obra que ser\u00e1 inaugurada formalmente luego de las elecciones. Habl\u00f3 del \u201cperegrinaje\u201d en busca del lugar propio y de la construcci\u00f3n de identidad. <!--more--><\/p>\n<hr \/>\n<p>El <strong>director del ISFD N\u00ba 47 Gabriel Coronel<\/strong> habl\u00f3 con el <em>programa radial Levantate (FM Sapiens)<\/em> sobre la <a href=\"https:\/\/cdnoticias.com\/index.php\/2023\/09\/25\/el-intendente-entrego-las-llaves-del-instituto-de-educacion-fisica\/\" target=\"_blank\" rel=\"noopener\">culminaci\u00f3n de la obra edificio del Instituto de Educaci\u00f3n F\u00edsica<\/a> y el significado para toda la comunidad educativa.<\/p>\n<p>&nbsp;<\/p>\n<p>Record\u00f3 los lugares por donde pas\u00f3 la instituci\u00f3n desde \u201cLoma Negra, Olavarr\u00eda, San Antonio, la escuela Estrada, Pueblo Nuevo, Estudiantes, la escuela 1 y ahora este lugar en Avellaneda 5115 que es la direcci\u00f3n catastral. <strong>El Instituto va a tener por primera vez una direcci\u00f3n catastral propia<\/strong>\u201d.<\/p>\n<p>&nbsp;<\/p>\n<p>Asimismo, se refiri\u00f3 a los inicios del proyecto de esta obra \u201cque <strong>fue anunciada para los 50 a\u00f1os del Instituto en 2021.<\/strong> Ahora falta la inauguraci\u00f3n oficial que va a ser despu\u00e9s de las elecciones\u201d. Al respecto, asegur\u00f3 que<strong> \u201cqueremos que sea una fiesta\u201d.<\/strong><\/p>\n<p>&nbsp;<\/p>\n<p><img data-recalc-dims=\"1\" loading=\"lazy\" decoding=\"async\" class=\"aligncenter size-full wp-image-97329\" src=\"https:\/\/i0.wp.com\/cdnoticias.com\/wp-content\/uploads\/2023\/09\/Obras-Entrega-Llave-Instituto-N%C2%B047-2-scaled-1.jpg?resize=800%2C445&#038;ssl=1\" alt=\"\" width=\"800\" height=\"445\" srcset=\"https:\/\/i0.wp.com\/cdnoticias.com\/wp-content\/uploads\/2023\/09\/Obras-Entrega-Llave-Instituto-N%C2%B047-2-scaled-1.jpg?w=800&amp;ssl=1 800w, https:\/\/i0.wp.com\/cdnoticias.com\/wp-content\/uploads\/2023\/09\/Obras-Entrega-Llave-Instituto-N%C2%B047-2-scaled-1.jpg?resize=300%2C167&amp;ssl=1 300w, https:\/\/i0.wp.com\/cdnoticias.com\/wp-content\/uploads\/2023\/09\/Obras-Entrega-Llave-Instituto-N%C2%B047-2-scaled-1.jpg?resize=768%2C427&amp;ssl=1 768w\" sizes=\"auto, (max-width: 800px) 100vw, 800px\" \/><\/p>\n<p>&nbsp;<\/p>\n<p>Por otra parte, destac\u00f3 la<strong> importancia social y educativa<\/strong> del Instituto de Educaci\u00f3n F\u00edsica y su implicancia en la regi\u00f3n. \u201cPodemos empezar a proyectar el Instituto como un polo acad\u00e9mico desde la provincia de Buenos Aires.<strong> El Instituto se levanta en ese lugar como un faro que va a irradiar a la regi\u00f3n lo que es la educaci\u00f3n f\u00edsica como una pr\u00e1ctica de transformaci\u00f3n socia<\/strong>l\u201d.<\/p>\n<p>&nbsp;<\/p>\n<p>En ese sentido, Coronel indic\u00f3 que la matricula actual est\u00e1 compuesta por <strong>m\u00e1s de 300 estudiantes<\/strong> con dos divisiones durante cuatro a\u00f1os. Personas de ciudades de la regi\u00f3n e incluso de otras provincias lo eligen como lugar de formaci\u00f3n por su \u201cpropuesta pr\u00e1ctica, pedag\u00f3gica, did\u00e1ctica, experiencial y te\u00f3rica\u201d lo que hace que \u201clos estudiantes salgan con un perfil profesional bastante engrosado para ejercer su rol\u201d.<\/p>\n<p>&nbsp;<\/p>\n<h2>La \u201cI\u201d como s\u00edmbolo<\/h2>\n<p>&nbsp;<\/p>\n<p>Gabriel Coronel <strong>es director del Instituto desde 2017<\/strong> pero su historia con la instituci\u00f3n empez\u00f3 en 1991 como estudiante. Luego de un recorrido como profesor, jefe de \u00e1rea y ahora, director, destac\u00f3 la identidad que se construy\u00f3 a lo largo de los a\u00f1os.<\/p>\n<p>&nbsp;<\/p>\n<p><img data-recalc-dims=\"1\" loading=\"lazy\" decoding=\"async\" class=\"aligncenter size-full wp-image-97331\" src=\"https:\/\/i0.wp.com\/cdnoticias.com\/wp-content\/uploads\/2023\/09\/Obras-Entrega-Llave-Instituto-N%C2%B047-3-scaled-1.jpg?resize=800%2C445&#038;ssl=1\" alt=\"\" width=\"800\" height=\"445\" srcset=\"https:\/\/i0.wp.com\/cdnoticias.com\/wp-content\/uploads\/2023\/09\/Obras-Entrega-Llave-Instituto-N%C2%B047-3-scaled-1.jpg?w=800&amp;ssl=1 800w, https:\/\/i0.wp.com\/cdnoticias.com\/wp-content\/uploads\/2023\/09\/Obras-Entrega-Llave-Instituto-N%C2%B047-3-scaled-1.jpg?resize=300%2C167&amp;ssl=1 300w, https:\/\/i0.wp.com\/cdnoticias.com\/wp-content\/uploads\/2023\/09\/Obras-Entrega-Llave-Instituto-N%C2%B047-3-scaled-1.jpg?resize=768%2C427&amp;ssl=1 768w\" sizes=\"auto, (max-width: 800px) 100vw, 800px\" \/><\/p>\n<p>&nbsp;<\/p>\n<p><strong>\u201cLa \u2018I\u2019 siempre marc\u00f3 el peso de la tradici\u00f3n y la trayectoria del Instituto\u201d<\/strong>, es decir, \u201cfue un s\u00edmbolo y un signo de identidad institucional\u201d, resalt\u00f3 Coronel y agreg\u00f3: \u201cla \u2018I\u2019 el coraz\u00f3n del instituto. Es lo que ha sostenido de alguna manera este peregrinaje de cincuenta a\u00f1os. Sobre la \u2018I\u2019 est\u00e1n los campamentos, est\u00e1n los juegos y la recreaci\u00f3n, la gimnasia, las did\u00e1cticas, las pr\u00e1cticas deportivas, acu\u00e1ticas, la experiencia, la teor\u00eda, est\u00e1 el compartir\u201d.<\/p>\n<p>&nbsp;<\/p>\n<p>Por \u00faltimo, cont\u00f3 que \u201c<strong>este a\u00f1o lo vamos a habitar.<\/strong> Se est\u00e1n haciendo los detalles finales de llevar la biblioteca, la obra est\u00e1 terminada, faltan algunos detalles de t\u00e9cnicos de servicios como para poder habitarlo en las mejores condiciones, pero bueno, todo se va a da en el marco de esa inauguraci\u00f3n oficial que va a ser en octubre. Estamos muy ansiosos de poder estar ah\u00ed\u201d.<\/p>\n<p>&nbsp;<\/p>\n<blockquote class=\"wp-embedded-content\" data-secret=\"3OJLt9PHKV\"><p><a href=\"https:\/\/cdnoticias.com\/index.php\/2023\/09\/25\/el-intendente-entrego-las-llaves-del-instituto-de-educacion-fisica\/\">El Intendente entreg\u00f3 las llaves del Instituto de Educaci\u00f3n F\u00edsica<\/a><\/p><\/blockquote>\n<p><iframe loading=\"lazy\" class=\"wp-embedded-content\" sandbox=\"allow-scripts\" security=\"restricted\" style=\"position: absolute; clip: rect(1px, 1px, 1px, 1px);\" title=\"&#8220;El Intendente entreg\u00f3 las llaves del Instituto de Educaci\u00f3n F\u00edsica&#8221; &#8212; Central de Noticias | Olavarr\u00eda\" src=\"https:\/\/cdnoticias.com\/index.php\/2023\/09\/25\/el-intendente-entrego-las-llaves-del-instituto-de-educacion-fisica\/embed\/#?secret=36frN9en0o#?secret=3OJLt9PHKV\" data-secret=\"3OJLt9PHKV\" width=\"600\" height=\"338\" frameborder=\"0\" marginwidth=\"0\" marginheight=\"0\" scrolling=\"no\"><\/iframe><\/p>\n","protected":false},"excerpt":{"rendered":"<p>El director del Instituto de Educaci\u00f3n F\u00edsica destac\u00f3 la culminaci\u00f3n de la obra que ser\u00e1 inaugurada formalmente luego de las<\/p>\n","protected":false},"author":5,"featured_media":90875,"comment_status":"closed","ping_status":"closed","sticky":false,"template":"","format":"standard","meta":{"_jetpack_memberships_contains_paid_content":false,"footnotes":""},"categories":[5,1],"tags":[],"class_list":["post-97625","post","type-post","status-publish","format-standard","has-post-thumbnail","hentry","category-informacion-general","category-portada"],"jetpack_featured_media_url":"https:\/\/i0.wp.com\/cdnoticias.com\/wp-content\/uploads\/2023\/07\/edificio-educacion-fisica-01.jpg?fit=800%2C445&ssl=1","jetpack_sharing_enabled":true,"_links":{"self":[{"href":"https:\/\/cdnoticias.com\/index.php\/wp-json\/wp\/v2\/posts\/97625","targetHints":{"allow":["GET"]}}],"collection":[{"href":"https:\/\/cdnoticias.com\/index.php\/wp-json\/wp\/v2\/posts"}],"about":[{"href":"https:\/\/cdnoticias.com\/index.php\/wp-json\/wp\/v2\/types\/post"}],"author":[{"embeddable":true,"href":"https:\/\/cdnoticias.com\/index.php\/wp-json\/wp\/v2\/users\/5"}],"replies":[{"embeddable":true,"href":"https:\/\/cdnoticias.com\/index.php\/wp-json\/wp\/v2\/comments?post=97625"}],"version-history":[{"count":0,"href":"https:\/\/cdnoticias.com\/index.php\/wp-json\/wp\/v2\/posts\/97625\/revisions"}],"wp:featuredmedia":[{"embeddable":true,"href":"https:\/\/cdnoticias.com\/index.php\/wp-json\/wp\/v2\/media\/90875"}],"wp:attachment":[{"href":"https:\/\/cdnoticias.com\/index.php\/wp-json\/wp\/v2\/media?parent=97625"}],"wp:term":[{"taxonomy":"category","embeddable":true,"href":"https:\/\/cdnoticias.com\/index.php\/wp-json\/wp\/v2\/categories?post=97625"},{"taxonomy":"post_tag","embeddable":true,"href":"https:\/\/cdnoticias.com\/index.php\/wp-json\/wp\/v2\/tags?post=97625"}],"curies":[{"name":"wp","href":"https:\/\/api.w.org\/{rel}","templated":true}]}}