{"id":97540,"date":"2023-09-27T08:32:58","date_gmt":"2023-09-27T11:32:58","guid":{"rendered":"https:\/\/www.centraldenoticias.com.ar\/?p=97540"},"modified":"2023-09-27T11:48:17","modified_gmt":"2023-09-27T14:48:17","slug":"pongamos-una-boleta-que-despues-no-nos-tengamos-que-lamentar-toda-la-vida","status":"publish","type":"post","link":"https:\/\/cdnoticias.com\/index.php\/2023\/09\/27\/pongamos-una-boleta-que-despues-no-nos-tengamos-que-lamentar-toda-la-vida\/","title":{"rendered":"\u201cPongamos una boleta que despu\u00e9s no nos tengamos que lamentar toda la vida\u201d"},"content":{"rendered":"\n<div class=\"wp-block-group is-layout-constrained wp-block-group-is-layout-constrained\">\n<p>Kicillof visit\u00f3 la ciudad y recorri\u00f3 las obras del Barrio CECO III junto a Wesner. Sobre el escenario local habl\u00f3 de un \u201cMaxi incansable\u201d, que est\u00e1 \u201csiempre presentando propuestas y marcando las necesidades de Olavarr\u00eda\u201d<!--more--><\/p>\n<hr \/>\n<p>&nbsp;<\/p>\n<p>El gobernador <strong>Axel Kicillof<\/strong> visit\u00f3 este martes la ciudad. Con vistas a las elecciones generales expres\u00f3 que su llegada se debe a que \u201cvamos a ser un gobierno con una presencia permanente, de cercan\u00eda\u201d.<\/p>\n<\/p>\n<p>&nbsp;<\/p>\n<p>El candidato de <strong>Uni\u00f3n por la Patria<\/strong>, que va por la relecci\u00f3n, hizo entrega de una nueva ambulancia para el Hospital Municipal, financiada por la Provincia. El recorrido por la ciudad culmin\u00f3 con un discurso en el terreno donde se est\u00e1n construyendo las viviendas del <strong>Barrio CECO III<\/strong>, ubicado en Sarmiento y Jun\u00edn.<\/p>\n<p>&nbsp;<\/p>\n<p>Acompa\u00f1ado por el candidato a intendente <strong>Maximiliano Wesner<\/strong>, opin\u00f3 sobre el financiamiento provincial en las obras distritales, como lo es la del CECO III:<em> \u201cSiempre me gusta comparar cuando hablamos de qu\u00e9 hace la Provincia en los municipios. El <strong>Banco de la Provincia<\/strong> lleva dado 28 mil millones de pesos en cr\u00e9dito a los privados. Ac\u00e1 hay 19 mil millones de pesos, aproximadamente, con el cr\u00e9dito que le damos a las empresas privadas, a los emprendedores, a las Pymes\u201d.<\/em><\/p>\n<p>&nbsp;<\/p>\n<p>Tambi\u00e9n adelant\u00f3 sobre el avance de las obras en la Ruta 3. Se trata de la construcci\u00f3n de la autopista en el tramo Olavarr\u00eda \u2013 Azul, y luego la autopista completa hasta Buenos Aires.<\/p>\n<p>&nbsp;<\/p>\n<p><img data-recalc-dims=\"1\" loading=\"lazy\" decoding=\"async\" class=\"aligncenter size-full wp-image-97592\" src=\"https:\/\/i0.wp.com\/cdnoticias.com\/wp-content\/uploads\/2023\/09\/KiciOla46.jpg?resize=800%2C531&#038;ssl=1\" alt=\"\" width=\"800\" height=\"531\" srcset=\"https:\/\/i0.wp.com\/cdnoticias.com\/wp-content\/uploads\/2023\/09\/KiciOla46.jpg?w=1024&amp;ssl=1 1024w, https:\/\/i0.wp.com\/cdnoticias.com\/wp-content\/uploads\/2023\/09\/KiciOla46.jpg?resize=300%2C199&amp;ssl=1 300w, https:\/\/i0.wp.com\/cdnoticias.com\/wp-content\/uploads\/2023\/09\/KiciOla46.jpg?resize=768%2C510&amp;ssl=1 768w, https:\/\/i0.wp.com\/cdnoticias.com\/wp-content\/uploads\/2023\/09\/KiciOla46.jpg?resize=272%2C182&amp;ssl=1 272w\" sizes=\"auto, (max-width: 800px) 100vw, 800px\" \/><\/p>\n<p>&nbsp;<\/p>\n<p><img data-recalc-dims=\"1\" loading=\"lazy\" decoding=\"async\" class=\"aligncenter size-full wp-image-97589\" src=\"https:\/\/i0.wp.com\/cdnoticias.com\/wp-content\/uploads\/2023\/09\/KiciOla43.jpg?resize=800%2C531&#038;ssl=1\" alt=\"\" width=\"800\" height=\"531\" srcset=\"https:\/\/i0.wp.com\/cdnoticias.com\/wp-content\/uploads\/2023\/09\/KiciOla43.jpg?w=1024&amp;ssl=1 1024w, https:\/\/i0.wp.com\/cdnoticias.com\/wp-content\/uploads\/2023\/09\/KiciOla43.jpg?resize=300%2C199&amp;ssl=1 300w, https:\/\/i0.wp.com\/cdnoticias.com\/wp-content\/uploads\/2023\/09\/KiciOla43.jpg?resize=768%2C510&amp;ssl=1 768w, https:\/\/i0.wp.com\/cdnoticias.com\/wp-content\/uploads\/2023\/09\/KiciOla43.jpg?resize=272%2C182&amp;ssl=1 272w\" sizes=\"auto, (max-width: 800px) 100vw, 800px\" \/><\/p>\n<p>&nbsp;<\/p>\n<p><img data-recalc-dims=\"1\" loading=\"lazy\" decoding=\"async\" class=\"aligncenter size-full wp-image-97580\" src=\"https:\/\/i0.wp.com\/cdnoticias.com\/wp-content\/uploads\/2023\/09\/KiciOla34.jpg?resize=800%2C531&#038;ssl=1\" alt=\"\" width=\"800\" height=\"531\" srcset=\"https:\/\/i0.wp.com\/cdnoticias.com\/wp-content\/uploads\/2023\/09\/KiciOla34.jpg?w=1024&amp;ssl=1 1024w, https:\/\/i0.wp.com\/cdnoticias.com\/wp-content\/uploads\/2023\/09\/KiciOla34.jpg?resize=300%2C199&amp;ssl=1 300w, https:\/\/i0.wp.com\/cdnoticias.com\/wp-content\/uploads\/2023\/09\/KiciOla34.jpg?resize=768%2C510&amp;ssl=1 768w, https:\/\/i0.wp.com\/cdnoticias.com\/wp-content\/uploads\/2023\/09\/KiciOla34.jpg?resize=272%2C182&amp;ssl=1 272w\" sizes=\"auto, (max-width: 800px) 100vw, 800px\" \/><\/p>\n<p>&nbsp;<\/p>\n<blockquote>\n<p>\u201cLo que pasa en Olavarr\u00eda tiene que ver con pol\u00edticas del gobierno provincial, pero hay que gestionarlas, hay que estar, buscar las posibilidades, hablar con los ministros\u201d mencion\u00f3 Kicillof, que adem\u00e1s se refiri\u00f3 a Wesner como un candidato \u201cincansable, que siempre est\u00e1 presentando propuestas y marcando las necesidades de Olavarr\u00eda\u201d.<\/p>\n<\/blockquote>\n<p>&nbsp;<\/p>\n<p>Con respecto al escenario electoral nacional, afirm\u00f3 que \u201c<strong>las dos fuerzas pol\u00edticas que hay, una es la del ajuste y la otra la de la motosierra.<\/strong> Yo me pregunto qu\u00e9 podr\u00edamos hacer desde la Provincia de Buenos Aires con un gobierno de dinamita y motosierra. <strong>Pongamos una boleta que despu\u00e9s no nos tengamos que lamentar toda la vida\u201d<\/strong><strong>.<\/strong><\/p>\n<p>&nbsp;<\/p>\n<p>Adem\u00e1s, critic\u00f3 las propuestas del espacio del libertario: <em>\u201cLos jubilados: AFJP. Ya tuvimos AFJP. Explot\u00f3 por los aires. Nadie se pod\u00eda jubilar as\u00ed. Entonces, \u00bfqui\u00e9n va a mantener a los abuelos? La propuesta de dolarizaci\u00f3n: El 1 a 1 ya lo tuvimos. Y se fundieron todos los productores agropecuarios. Se remataron los campos. Es lo mismo\u201d.<\/em><\/p>\n<\/p>\n<p>&nbsp;<\/p>\n<p><img data-recalc-dims=\"1\" loading=\"lazy\" decoding=\"async\" class=\"aligncenter size-full wp-image-97574\" src=\"https:\/\/i0.wp.com\/cdnoticias.com\/wp-content\/uploads\/2023\/09\/KiciOla28.jpg?resize=800%2C531&#038;ssl=1\" alt=\"\" width=\"800\" height=\"531\" srcset=\"https:\/\/i0.wp.com\/cdnoticias.com\/wp-content\/uploads\/2023\/09\/KiciOla28.jpg?w=1024&amp;ssl=1 1024w, https:\/\/i0.wp.com\/cdnoticias.com\/wp-content\/uploads\/2023\/09\/KiciOla28.jpg?resize=300%2C199&amp;ssl=1 300w, https:\/\/i0.wp.com\/cdnoticias.com\/wp-content\/uploads\/2023\/09\/KiciOla28.jpg?resize=768%2C510&amp;ssl=1 768w, https:\/\/i0.wp.com\/cdnoticias.com\/wp-content\/uploads\/2023\/09\/KiciOla28.jpg?resize=272%2C182&amp;ssl=1 272w\" sizes=\"auto, (max-width: 800px) 100vw, 800px\" \/><\/p>\n<\/p>\n<p>&nbsp;<\/p>\n<p><img data-recalc-dims=\"1\" loading=\"lazy\" decoding=\"async\" class=\"aligncenter size-full wp-image-97568\" src=\"https:\/\/i0.wp.com\/cdnoticias.com\/wp-content\/uploads\/2023\/09\/KiciOla22.jpg?resize=800%2C531&#038;ssl=1\" alt=\"\" width=\"800\" height=\"531\" srcset=\"https:\/\/i0.wp.com\/cdnoticias.com\/wp-content\/uploads\/2023\/09\/KiciOla22.jpg?w=1024&amp;ssl=1 1024w, https:\/\/i0.wp.com\/cdnoticias.com\/wp-content\/uploads\/2023\/09\/KiciOla22.jpg?resize=300%2C199&amp;ssl=1 300w, https:\/\/i0.wp.com\/cdnoticias.com\/wp-content\/uploads\/2023\/09\/KiciOla22.jpg?resize=768%2C510&amp;ssl=1 768w, https:\/\/i0.wp.com\/cdnoticias.com\/wp-content\/uploads\/2023\/09\/KiciOla22.jpg?resize=272%2C182&amp;ssl=1 272w\" sizes=\"auto, (max-width: 800px) 100vw, 800px\" \/><\/p>\n<\/p>\n<p>&nbsp;<\/p>\n<p>\u201cParece que escuchamos y no o\u00edmos bien lo que est\u00e1n diciendo. Como dec\u00eda <strong>Cristina<\/strong>: para ser libre hay que tener informaci\u00f3n, hay que conocer la verdad. \u00bfQu\u00e9 es lo que te est\u00e1n ofreciendo? Es gente que se va a quedar sin salud, sin educaci\u00f3n, sin laburo, sin casa, sin computadora, sin viaje de egresados\u201d agreg\u00f3.<\/p>\n<\/p>\n<p>&nbsp;<\/p>\n<p>\u201cEs todo verso. O milagros, con palabras raras\u201d manifest\u00f3 en relaci\u00f3n a las propuestas como los vouchers, y adem\u00e1s lo compar\u00f3 con las pol\u00edticas locales: \u201c<strong>Ac\u00e1 les trataron de cobrar el hospital, \u00bfo no?<\/strong> Bueno, as\u00ed va a ser todo. Hay veces que te venden un milagro y despu\u00e9s cuando vas a la realidad es otra cosa muy distinta. Pero esta vez te est\u00e1n avisando\u201d.<\/p>\n<p>&nbsp;<\/p>\n<p><img data-recalc-dims=\"1\" loading=\"lazy\" decoding=\"async\" class=\"aligncenter size-full wp-image-97565\" src=\"https:\/\/i0.wp.com\/cdnoticias.com\/wp-content\/uploads\/2023\/09\/KiciOla19.jpg?resize=800%2C531&#038;ssl=1\" alt=\"\" width=\"800\" height=\"531\" srcset=\"https:\/\/i0.wp.com\/cdnoticias.com\/wp-content\/uploads\/2023\/09\/KiciOla19.jpg?w=1024&amp;ssl=1 1024w, https:\/\/i0.wp.com\/cdnoticias.com\/wp-content\/uploads\/2023\/09\/KiciOla19.jpg?resize=300%2C199&amp;ssl=1 300w, https:\/\/i0.wp.com\/cdnoticias.com\/wp-content\/uploads\/2023\/09\/KiciOla19.jpg?resize=768%2C510&amp;ssl=1 768w, https:\/\/i0.wp.com\/cdnoticias.com\/wp-content\/uploads\/2023\/09\/KiciOla19.jpg?resize=272%2C182&amp;ssl=1 272w\" sizes=\"auto, (max-width: 800px) 100vw, 800px\" \/><\/p>\n<p>&nbsp;<\/p>\n<p><img data-recalc-dims=\"1\" loading=\"lazy\" decoding=\"async\" class=\"aligncenter size-full wp-image-97555\" src=\"https:\/\/i0.wp.com\/cdnoticias.com\/wp-content\/uploads\/2023\/09\/KiciOla09.jpg?resize=800%2C531&#038;ssl=1\" alt=\"\" width=\"800\" height=\"531\" srcset=\"https:\/\/i0.wp.com\/cdnoticias.com\/wp-content\/uploads\/2023\/09\/KiciOla09.jpg?w=1024&amp;ssl=1 1024w, https:\/\/i0.wp.com\/cdnoticias.com\/wp-content\/uploads\/2023\/09\/KiciOla09.jpg?resize=300%2C199&amp;ssl=1 300w, https:\/\/i0.wp.com\/cdnoticias.com\/wp-content\/uploads\/2023\/09\/KiciOla09.jpg?resize=768%2C510&amp;ssl=1 768w, https:\/\/i0.wp.com\/cdnoticias.com\/wp-content\/uploads\/2023\/09\/KiciOla09.jpg?resize=272%2C182&amp;ssl=1 272w\" sizes=\"auto, (max-width: 800px) 100vw, 800px\" \/><\/p>\n<\/p>\n<p>&nbsp;<\/p>\n<blockquote>\n<p>\u201cEs lo que quieren hacer. A nuestra provincia no le sirve. Nuestra provincia, que es una provincia de producci\u00f3n, de trabajo, necesita m\u00e1s obra p\u00fablica, mejores rutas\u201d resalt\u00f3.<\/p>\n<\/blockquote>\n<p>&nbsp;<\/p>\n<p>Para cerrar el discurso, le dedic\u00f3 unas palabras a Wesner, y expres\u00f3 que \u201c<strong>Maxi es para nosotros una tranquilidad<\/strong> y una seguridad de que \u00e9l a cargo de la intendencia en Olavarr\u00eda va a ser el d\u00eda y la noche. Necesitamos tambi\u00e9n un candidato nacional que est\u00e9 pensando en ese modelo de pa\u00eds, porque<strong> no hay provincia sin pa\u00eds, y no hay municipio sin provincia\u201d<\/strong>.<\/p>\n<p>&nbsp;<\/p>\n<p>\u201cEs la mirada que compartimos con Maxi y que nos permite pensar en que los anhelos se van a cumplir en Olavarr\u00eda en tanto y en cuanto haya una planificaci\u00f3n local, una vocaci\u00f3n del trabajo, y un Estado presente\u201d finaliz\u00f3.<\/p>\n<p>&nbsp;<\/p>\n<\/div>\n","protected":false},"excerpt":{"rendered":"<p>Kicillof visit\u00f3 la ciudad y recorri\u00f3 las obras del Barrio CECO III junto a Wesner. Sobre el escenario local habl\u00f3<\/p>\n","protected":false},"author":2,"featured_media":97587,"comment_status":"closed","ping_status":"closed","sticky":false,"template":"","format":"standard","meta":{"_jetpack_memberships_contains_paid_content":false,"footnotes":""},"categories":[4,1],"tags":[],"class_list":["post-97540","post","type-post","status-publish","format-standard","has-post-thumbnail","hentry","category-politica","category-portada"],"jetpack_featured_media_url":"https:\/\/i0.wp.com\/cdnoticias.com\/wp-content\/uploads\/2023\/09\/KiciOla41.jpg?fit=1024%2C680&ssl=1","jetpack_sharing_enabled":true,"_links":{"self":[{"href":"https:\/\/cdnoticias.com\/index.php\/wp-json\/wp\/v2\/posts\/97540","targetHints":{"allow":["GET"]}}],"collection":[{"href":"https:\/\/cdnoticias.com\/index.php\/wp-json\/wp\/v2\/posts"}],"about":[{"href":"https:\/\/cdnoticias.com\/index.php\/wp-json\/wp\/v2\/types\/post"}],"author":[{"embeddable":true,"href":"https:\/\/cdnoticias.com\/index.php\/wp-json\/wp\/v2\/users\/2"}],"replies":[{"embeddable":true,"href":"https:\/\/cdnoticias.com\/index.php\/wp-json\/wp\/v2\/comments?post=97540"}],"version-history":[{"count":0,"href":"https:\/\/cdnoticias.com\/index.php\/wp-json\/wp\/v2\/posts\/97540\/revisions"}],"wp:featuredmedia":[{"embeddable":true,"href":"https:\/\/cdnoticias.com\/index.php\/wp-json\/wp\/v2\/media\/97587"}],"wp:attachment":[{"href":"https:\/\/cdnoticias.com\/index.php\/wp-json\/wp\/v2\/media?parent=97540"}],"wp:term":[{"taxonomy":"category","embeddable":true,"href":"https:\/\/cdnoticias.com\/index.php\/wp-json\/wp\/v2\/categories?post=97540"},{"taxonomy":"post_tag","embeddable":true,"href":"https:\/\/cdnoticias.com\/index.php\/wp-json\/wp\/v2\/tags?post=97540"}],"curies":[{"name":"wp","href":"https:\/\/api.w.org\/{rel}","templated":true}]}}