{"id":97530,"date":"2023-09-26T19:25:04","date_gmt":"2023-09-26T22:25:04","guid":{"rendered":"https:\/\/www.centraldenoticias.com.ar\/?p=97530"},"modified":"2023-09-27T09:41:19","modified_gmt":"2023-09-27T12:41:19","slug":"deuda-con-el-municipio-si-galli-no-me-va-a-esperar-en-olavarria-siempre-puede-mandarme-un-whatsapp","status":"publish","type":"post","link":"https:\/\/cdnoticias.com\/index.php\/2023\/09\/26\/deuda-con-el-municipio-si-galli-no-me-va-a-esperar-en-olavarria-siempre-puede-mandarme-un-whatsapp\/","title":{"rendered":"Deuda con el Municipio: \u201csi Galli no me va a esperar en Olavarr\u00eda siempre puede mandarme un WhatsApp\u201d"},"content":{"rendered":"<p>Kicillof admiti\u00f3 que puede haber \u201cdesfasajes financieros\u201d en obras y deudas de la Provincia pero pidi\u00f3 que el Intendente lo contacte para conocer los detalles. \u201cHabiendo tra\u00eddo solo una ambulancia, equipamiento, debemos estar no tan lejos de la deuda\u201d. <!--more--><\/p>\n<hr \/>\n<p>El gobernador Kicillof hizo referencia, en conferencia de prensa,<strong> a la denuncia del Intendente Galli y los jefes comunales de Juntos por el Cambio de una \u201cmillonaria\u201d deuda de la Provincia con los municipios que gobierna la oposici\u00f3n, entre ellos Olavarr\u00eda. \u00a0<\/strong><\/p>\n<p>&nbsp;<\/p>\n<p>Este martes,<strong> el Foro de Intendentes de Juntos por el Cambio se reuni\u00f3 en un comit\u00e9 radical de La Plata y entre los presentes estuvo Ezequiel Galli, mientras el gobernador estaba en Olavarr\u00eda.<\/strong><em> \u201cS\u00e9 que se frustr\u00f3 la idea que ten\u00edan que iban a hacer una manifestaci\u00f3n en frente de la gobernaci\u00f3n. Terminaron reunidos creo en un comit\u00e9 radical. Tengo que ver a las conclusiones que llegaron, yo te digo las m\u00edas: nunca hubo tanta obra p\u00fablica en la provincia y no hemos discriminado de ninguna manera\u201d<\/em> dijo Kicillof.<\/p>\n<p>&nbsp;<\/p>\n<p><img data-recalc-dims=\"1\" loading=\"lazy\" decoding=\"async\" class=\"alignnone size-large wp-image-97532\" src=\"https:\/\/i0.wp.com\/cdnoticias.com\/wp-content\/uploads\/2023\/09\/kicillof-olava1.jpg?resize=800%2C445&#038;ssl=1\" alt=\"\" width=\"800\" height=\"445\" srcset=\"https:\/\/i0.wp.com\/cdnoticias.com\/wp-content\/uploads\/2023\/09\/kicillof-olava1-scaled.jpg?resize=1024%2C570&amp;ssl=1 1024w, https:\/\/i0.wp.com\/cdnoticias.com\/wp-content\/uploads\/2023\/09\/kicillof-olava1-scaled.jpg?resize=300%2C167&amp;ssl=1 300w, https:\/\/i0.wp.com\/cdnoticias.com\/wp-content\/uploads\/2023\/09\/kicillof-olava1-scaled.jpg?resize=768%2C427&amp;ssl=1 768w, https:\/\/i0.wp.com\/cdnoticias.com\/wp-content\/uploads\/2023\/09\/kicillof-olava1-scaled.jpg?resize=1536%2C854&amp;ssl=1 1536w, https:\/\/i0.wp.com\/cdnoticias.com\/wp-content\/uploads\/2023\/09\/kicillof-olava1-scaled.jpg?resize=2048%2C1139&amp;ssl=1 2048w, https:\/\/i0.wp.com\/cdnoticias.com\/wp-content\/uploads\/2023\/09\/kicillof-olava1-scaled.jpg?resize=800%2C445&amp;ssl=1 800w, https:\/\/i0.wp.com\/cdnoticias.com\/wp-content\/uploads\/2023\/09\/kicillof-olava1-scaled.jpg?w=1600&amp;ssl=1 1600w, https:\/\/i0.wp.com\/cdnoticias.com\/wp-content\/uploads\/2023\/09\/kicillof-olava1-scaled.jpg?w=2400&amp;ssl=1 2400w\" sizes=\"auto, (max-width: 800px) 100vw, 800px\" \/><\/p>\n<p>&nbsp;<\/p>\n<blockquote><p>All\u00ed, aclar\u00f3 que \u201cpuede haber en un caso o en otro sobre todo cuando uno est\u00e1 haciendo tantas cosas un desfasaje financiero cuestiones que pagamos y capaz hay algunas demoras. Ning\u00fan gobierno en marcha tiene todo el tiempo las cuentas en 0 por un tr\u00e1mite o certificado\u201d.<\/p><\/blockquote>\n<p>&nbsp;<\/p>\n<p>En el largo repaso de obras y el trabajo de la Provincia, <em>\u201cestamos pagando tambi\u00e9n el incremento para los Municipales, hemos ofrecido a todos los municipios oficialistas y opositores sin discriminar de nuevo que el que no tuviera disponibilidad la provincia le financia la mitad de lo que tienen que pagar as\u00ed que m\u00e1s esfuerzo, m\u00e1s democr\u00e1tico, m\u00e1s universal no puede haber\u201d.<\/em><\/p>\n<p>&nbsp;<\/p>\n<blockquote><p>\u201cDespu\u00e9s si Olavarr\u00eda tiene una deuda con IOMA o con quien sea, se analiza y creo que hoy habiendo tra\u00eddo -porque hicimos la visita y porque lo pidi\u00f3 Maxi (Wesner)- una ambulancia, equipamiento, debemos estar no tan lejos de la deuda\u201d.<\/p><\/blockquote>\n<p>&nbsp;<\/p>\n<p>Con respecto al reclamo del jefe comunal de d\u00edas pasados de \u201cMunicipios a la Obra\u201d Kicillof confirm\u00f3 que el adelanto se entreg\u00f3 \u201c<em>en tiempo r\u00e9cord. En general las obras que hacen los municipios las financia el Municipio, despu\u00e9s cuando tienen los papeles reintegra la plata la Provincia a medida de los avances de obra. <strong>No hab\u00eda escuchado esto que dijo. Es una l\u00e1stima porque justo vine a Olavarr\u00eda y se fue a La Plata\u201d<\/strong><\/em> acus\u00f3.<\/p>\n<p>&nbsp;<\/p>\n<p>De todas maneras, insisti\u00f3, en que<em> \u201ctenemos miles de obras, puede haber un atraso. No quiero ponerme en chicanero ni refutar al intendente, pero lo que digo es que los cuatro a\u00f1os de nuestro gobierno, hubo lo que era antes el Fondo de Infraestructura Municipal, este a\u00f1o 57.000 millones de pesos, nunca se contempl\u00f3 tanto la obra de los municipios. La ejecuta el Municipio, la paga la Provincia\u201d.<\/em><\/p>\n<p>&nbsp;<\/p>\n<p>Kicillof retruc\u00f3 al se\u00f1alar que <strong><em>\u201csi hay alg\u00fan atraso y se presentaron todos los papeles, vamos a hacer que se pague lo antes posible. Pero me parece una chiquilinada, a esta altura. Estamos a menos de un mes de las elecciones, todo el mundo se da cuenta que se quejan de llenos, y que obviamente siempre tuvieron la mejor predisposici\u00f3n de la provincia\u201d.<\/em><\/strong><\/p>\n<p>&nbsp;<\/p>\n<p><img data-recalc-dims=\"1\" loading=\"lazy\" decoding=\"async\" class=\"alignnone size-large wp-image-97533\" src=\"https:\/\/i0.wp.com\/cdnoticias.com\/wp-content\/uploads\/2023\/09\/kicillof-olava2.jpg?resize=800%2C445&#038;ssl=1\" alt=\"\" width=\"800\" height=\"445\" srcset=\"https:\/\/i0.wp.com\/cdnoticias.com\/wp-content\/uploads\/2023\/09\/kicillof-olava2-scaled.jpg?resize=1024%2C570&amp;ssl=1 1024w, https:\/\/i0.wp.com\/cdnoticias.com\/wp-content\/uploads\/2023\/09\/kicillof-olava2-scaled.jpg?resize=300%2C167&amp;ssl=1 300w, https:\/\/i0.wp.com\/cdnoticias.com\/wp-content\/uploads\/2023\/09\/kicillof-olava2-scaled.jpg?resize=768%2C427&amp;ssl=1 768w, https:\/\/i0.wp.com\/cdnoticias.com\/wp-content\/uploads\/2023\/09\/kicillof-olava2-scaled.jpg?resize=1536%2C855&amp;ssl=1 1536w, https:\/\/i0.wp.com\/cdnoticias.com\/wp-content\/uploads\/2023\/09\/kicillof-olava2-scaled.jpg?resize=2048%2C1140&amp;ssl=1 2048w, https:\/\/i0.wp.com\/cdnoticias.com\/wp-content\/uploads\/2023\/09\/kicillof-olava2-scaled.jpg?resize=800%2C445&amp;ssl=1 800w, https:\/\/i0.wp.com\/cdnoticias.com\/wp-content\/uploads\/2023\/09\/kicillof-olava2-scaled.jpg?w=1600&amp;ssl=1 1600w, https:\/\/i0.wp.com\/cdnoticias.com\/wp-content\/uploads\/2023\/09\/kicillof-olava2-scaled.jpg?w=2400&amp;ssl=1 2400w\" sizes=\"auto, (max-width: 800px) 100vw, 800px\" \/><\/p>\n<p>&nbsp;<\/p>\n<blockquote><p>\u201cDicen que el IOMA no paga y despu\u00e9s ven la deuda, y es chiquita. Hoy debemos haber tra\u00eddo m\u00e1s que la deuda que hay en la ambulancia y en el equipamiento. Ni agradecen esto, y reclaman por lo que falta\u201d.<\/p><\/blockquote>\n<p>Con m\u00e1s dureza en sus conceptos, dijo que m\u00e1s all\u00e1 de su cr\u00edtica \u201cno cierro la puerta\u201d<strong><em>. \u201cGalli tiene mi WhatsApp, si no me va a esperar en Olavarr\u00eda siempre puede mandarme un WhatsApp\u201d.<\/em><\/strong><\/p>\n<p>&nbsp;<\/p>\n<p><em>\u201cCreo que se juntaron una docena de intendentes que dicen tener una deuda en la que tengo que ver. No quiero ni enojarme porque veo que del otro lado siempre son agresiones, quejas. Bueno loco, hagan lo que tienen que hacer. Hagan las obras, ded\u00edquense a la gente y despu\u00e9s charlamos si falta algo\u201d<\/em> cerr\u00f3 el gobernador.<br \/>\n&nbsp;<\/p>\n","protected":false},"excerpt":{"rendered":"<p>Kicillof admiti\u00f3 que puede haber \u201cdesfasajes financieros\u201d en obras y deudas de la Provincia pero pidi\u00f3 que el Intendente lo<\/p>\n","protected":false},"author":2,"featured_media":97531,"comment_status":"closed","ping_status":"closed","sticky":false,"template":"","format":"standard","meta":{"_jetpack_memberships_contains_paid_content":false,"footnotes":""},"categories":[4,1],"tags":[],"class_list":["post-97530","post","type-post","status-publish","format-standard","has-post-thumbnail","hentry","category-politica","category-portada"],"jetpack_featured_media_url":"https:\/\/i0.wp.com\/cdnoticias.com\/wp-content\/uploads\/2023\/09\/kicillof-olava-scaled.jpg?fit=2560%2C1424&ssl=1","jetpack_sharing_enabled":true,"_links":{"self":[{"href":"https:\/\/cdnoticias.com\/index.php\/wp-json\/wp\/v2\/posts\/97530","targetHints":{"allow":["GET"]}}],"collection":[{"href":"https:\/\/cdnoticias.com\/index.php\/wp-json\/wp\/v2\/posts"}],"about":[{"href":"https:\/\/cdnoticias.com\/index.php\/wp-json\/wp\/v2\/types\/post"}],"author":[{"embeddable":true,"href":"https:\/\/cdnoticias.com\/index.php\/wp-json\/wp\/v2\/users\/2"}],"replies":[{"embeddable":true,"href":"https:\/\/cdnoticias.com\/index.php\/wp-json\/wp\/v2\/comments?post=97530"}],"version-history":[{"count":0,"href":"https:\/\/cdnoticias.com\/index.php\/wp-json\/wp\/v2\/posts\/97530\/revisions"}],"wp:featuredmedia":[{"embeddable":true,"href":"https:\/\/cdnoticias.com\/index.php\/wp-json\/wp\/v2\/media\/97531"}],"wp:attachment":[{"href":"https:\/\/cdnoticias.com\/index.php\/wp-json\/wp\/v2\/media?parent=97530"}],"wp:term":[{"taxonomy":"category","embeddable":true,"href":"https:\/\/cdnoticias.com\/index.php\/wp-json\/wp\/v2\/categories?post=97530"},{"taxonomy":"post_tag","embeddable":true,"href":"https:\/\/cdnoticias.com\/index.php\/wp-json\/wp\/v2\/tags?post=97530"}],"curies":[{"name":"wp","href":"https:\/\/api.w.org\/{rel}","templated":true}]}}