{"id":97478,"date":"2023-09-26T17:10:39","date_gmt":"2023-09-26T20:10:39","guid":{"rendered":"https:\/\/www.centraldenoticias.com.ar\/?p=97478"},"modified":"2023-09-26T17:10:39","modified_gmt":"2023-09-26T20:10:39","slug":"desde-una-carcel-de-sierra-chica-fabrican-y-donan-instrumentos-musicales","status":"publish","type":"post","link":"https:\/\/cdnoticias.com\/index.php\/2023\/09\/26\/desde-una-carcel-de-sierra-chica-fabrican-y-donan-instrumentos-musicales\/","title":{"rendered":"Desde una c\u00e1rcel de Sierra Chica fabrican y donan instrumentos musicales"},"content":{"rendered":"<p>Personas privadas de libertad de la Unidad 27 se sumaron al programa Ecos. Los materiales son destinados a instituciones p\u00fablicas de la Provincia.<!--more--><\/p>\n<hr \/>\n<p>Personas privadas de libertad alojadas en una c\u00e1rcel bonaerense de Sierra Chica pasaron a formar parte del <strong>programa Ecos<\/strong> a trav\u00e9s del cual producir\u00e1n <strong>instrumentos musicales eco sustentables<\/strong> que ser\u00e1n destinados a talleres y clases de m\u00fasica realizados en instituciones p\u00fablicas de la provincia de Buenos Aires.<\/p>\n<p>&nbsp;<\/p>\n<p>La experiencia se desarrolla en la <strong>Unidad 27 del Servicio Penitenciario Bonaerense (SPB)<\/strong>, y se trata de una iniciativa del Ministerio de Justicia y Derechos Humanos de la provincia de Buenos Aires, a cargo de Julio Alak.<\/p>\n<p>&nbsp;<\/p>\n<p>El programa Ecos es coordinado por el Equipo de Producci\u00f3n Art\u00edstica y Cultural de la Direcci\u00f3n Provincial de Coordinaci\u00f3n, Producci\u00f3n y Trabajo del Ministerio mencionado, en sinton\u00eda con el programa \u201cM\u00e1s trabajo, menos reincidencia\u201d que impulsa la formaci\u00f3n en oficios y el servicio a la comunidad.<\/p>\n<p>&nbsp;<\/p>\n<blockquote><p>La propuesta inici\u00f3 en febrero \u00faltimo y se lleva adelante en las Unidades 9 de La Plata, 34 de Melchor Romero y 26 de Lisandro Olmos y en los \u00faltimos d\u00edas se sumaron m\u00e1s de veinte internos de la Unidad 27 de Sierra Chica.<\/p><\/blockquote>\n<p>&nbsp;<\/p>\n<p>La iniciativa implica la <strong>elaboraci\u00f3n de kits de 16 instrumentos musicales de percusi\u00f3n eco sustentables<\/strong> que constan de cajas chinas, sonajeros, toc \u2013 tocs, palos de lluvia y chiqui \u2013 chiquis, que son donados a escuelas, jardines de infantes y hospitales p\u00fablicos de la Provincia y para actividades musicales en diferentes dependencias del Servicio Penitenciario Bonaerense.<\/p>\n<p>&nbsp;<\/p>\n<blockquote><p>Son construidos a partir de materiales reutilizados del programa Qunita Bonaerense para el cual se realizan kits para embarazadas y reci\u00e9n nacidos en los polos industriales que funcionan en establecimientos carcelarios.<\/p><\/blockquote>\n<p>&nbsp;<\/p>\n<p>Ecos pretende contribuir a la promoci\u00f3n de los derechos fundamentales de las personas privadas de libertad, <strong>brindando oportunidades que permitan reducir las tasas de reincidencia<\/strong> mediante la capacitaci\u00f3n y pr\u00e1ctica en oficios ligados a actividades art\u00edsticas y culturales, de cuidado del medio ambiente, as\u00ed como la vinculaci\u00f3n social mediante actividades solidarias que contribuyan a la educaci\u00f3n p\u00fablica.<\/p>\n<p>&nbsp;<\/p>\n<p><strong>Germ\u00e1n Bar\u00f3n y Camila Segret\u00edn, representantes del programa<\/strong>, fueron recibidos por la directora de la Unidad N\u00ba 27, Evangelina Zalazar y su equipo de gesti\u00f3n, presentaron el proyecto a los privados de libertad y recorrieron el taller de carpinter\u00eda donde trabajar\u00e1n en la confecci\u00f3n de los instrumentos. Por otra parte, los detenidos que participan en el taller de guitarra y canto recibieron un kit de instrumentos y una clase de percusi\u00f3n con ellos.<\/p>\n<p>&nbsp;<\/p>\n<p>Jos\u00e9 Luis, quien integrar\u00e1 el emprendimiento solidario, destac\u00f3 que \u201cnos explicaron bien c\u00f3mo fabricarlos, c\u00f3mo hacer cada paso y lo m\u00e1s interesante es que van a ser donados a escuelas, hospitales, jardines de infantes. Me parece una buena idea poder llevar a los ni\u00f1os un instrumento con el cual puedan hacer m\u00fasica jugando. <strong>Para nosotros es lindo pensar que vamos a colaborar con ni\u00f1os, quiz\u00e1s alguno de ellos el d\u00eda de ma\u00f1ana llegue a ser un gran m\u00fasico<\/strong>\u201d.<\/p>\n<p>&nbsp;<\/p>\n<p><img data-recalc-dims=\"1\" loading=\"lazy\" decoding=\"async\" class=\"aligncenter size-full wp-image-97480\" src=\"https:\/\/i0.wp.com\/cdnoticias.com\/wp-content\/uploads\/2023\/09\/Gacetilla-SPB-3.jpeg?resize=800%2C445&#038;ssl=1\" alt=\"\" width=\"800\" height=\"445\" srcset=\"https:\/\/i0.wp.com\/cdnoticias.com\/wp-content\/uploads\/2023\/09\/Gacetilla-SPB-3.jpeg?w=800&amp;ssl=1 800w, https:\/\/i0.wp.com\/cdnoticias.com\/wp-content\/uploads\/2023\/09\/Gacetilla-SPB-3.jpeg?resize=300%2C167&amp;ssl=1 300w, https:\/\/i0.wp.com\/cdnoticias.com\/wp-content\/uploads\/2023\/09\/Gacetilla-SPB-3.jpeg?resize=768%2C427&amp;ssl=1 768w\" sizes=\"auto, (max-width: 800px) 100vw, 800px\" \/><\/p>\n<p>&nbsp;<\/p>\n<h2>Detalle de donaciones<\/h2>\n<p>&nbsp;<\/p>\n<p>Hasta la fecha se realizaron unas 20 entregas de kits musicales a: Escuela Especial Ana Sullivan de La Plata; Escuela Secundaria N\u00b0 16 y Orquesta Escuela El Pato de Berazategui; Jard\u00edn N\u00b0 973 Emilio Herrlein y Escuela Secundaria N\u00b0 54 de Villa Garibaldi; Escuela Primaria N\u00b0 7 Josefa Arrondo de Punta Lara; Escuela Secundaria N\u00b0 9 y N\u00b0 1 de Ensenada; Hospital Guti\u00e9rrez, Hospital Sbarra (Ex Casa Cuna), Hospital Elina de la Serna, Hogar de la Madre Tres Veces Admirable &#8211; Obra del Padre Cajade de La Plata; Escuela Secundaria N\u00b0 73 de Abasto, Espacio Educativo Las Acacias de La Plata y la Escuela Primaria N\u00b0124 de Tolosa. Adem\u00e1s, a las Unidades 54 de Florencio Varela, 34 y 45 de Melchor Romero, 9 de Villa Elvira y 27 de Sierra Chica.<\/p>\n<p>&nbsp;<\/p>\n","protected":false},"excerpt":{"rendered":"<p>Personas privadas de libertad de la Unidad 27 se sumaron al programa Ecos. Los materiales son destinados a instituciones p\u00fablicas<\/p>\n","protected":false},"author":5,"featured_media":97479,"comment_status":"closed","ping_status":"closed","sticky":false,"template":"","format":"standard","meta":{"_jetpack_memberships_contains_paid_content":false,"footnotes":""},"categories":[5,1],"tags":[],"class_list":["post-97478","post","type-post","status-publish","format-standard","has-post-thumbnail","hentry","category-informacion-general","category-portada"],"jetpack_featured_media_url":"https:\/\/i0.wp.com\/cdnoticias.com\/wp-content\/uploads\/2023\/09\/Gacetilla-SPB-1.jpeg?fit=800%2C445&ssl=1","jetpack_sharing_enabled":true,"_links":{"self":[{"href":"https:\/\/cdnoticias.com\/index.php\/wp-json\/wp\/v2\/posts\/97478","targetHints":{"allow":["GET"]}}],"collection":[{"href":"https:\/\/cdnoticias.com\/index.php\/wp-json\/wp\/v2\/posts"}],"about":[{"href":"https:\/\/cdnoticias.com\/index.php\/wp-json\/wp\/v2\/types\/post"}],"author":[{"embeddable":true,"href":"https:\/\/cdnoticias.com\/index.php\/wp-json\/wp\/v2\/users\/5"}],"replies":[{"embeddable":true,"href":"https:\/\/cdnoticias.com\/index.php\/wp-json\/wp\/v2\/comments?post=97478"}],"version-history":[{"count":0,"href":"https:\/\/cdnoticias.com\/index.php\/wp-json\/wp\/v2\/posts\/97478\/revisions"}],"wp:featuredmedia":[{"embeddable":true,"href":"https:\/\/cdnoticias.com\/index.php\/wp-json\/wp\/v2\/media\/97479"}],"wp:attachment":[{"href":"https:\/\/cdnoticias.com\/index.php\/wp-json\/wp\/v2\/media?parent=97478"}],"wp:term":[{"taxonomy":"category","embeddable":true,"href":"https:\/\/cdnoticias.com\/index.php\/wp-json\/wp\/v2\/categories?post=97478"},{"taxonomy":"post_tag","embeddable":true,"href":"https:\/\/cdnoticias.com\/index.php\/wp-json\/wp\/v2\/tags?post=97478"}],"curies":[{"name":"wp","href":"https:\/\/api.w.org\/{rel}","templated":true}]}}