{"id":97477,"date":"2023-09-26T13:51:36","date_gmt":"2023-09-26T16:51:36","guid":{"rendered":"https:\/\/www.centraldenoticias.com.ar\/?p=97477"},"modified":"2023-09-26T13:51:37","modified_gmt":"2023-09-26T16:51:37","slug":"tercera-etapa-del-plan-de-caminos-rurales-en-olavarria-que-obras-se-incluyeron","status":"publish","type":"post","link":"https:\/\/cdnoticias.com\/index.php\/2023\/09\/26\/tercera-etapa-del-plan-de-caminos-rurales-en-olavarria-que-obras-se-incluyeron\/","title":{"rendered":"Tercera etapa del Plan de Caminos Rurales en Olavarr\u00eda: qu\u00e9 obras se incluyeron"},"content":{"rendered":"<p>El ministro Javier Rodr\u00edguez firm\u00f3 la adhesi\u00f3n del Municipio junto al intendente Ezequiel Galli. Tambi\u00e9n estuvo el candidato de UxP, Maximiliano Wesner.<\/p>\n<p><!--more--><\/p>\n<hr \/>\n<p><strong>El ministro de Desarrollo Agrario de la provincia de Buenos Aires, Javier Rodr\u00edguez<\/strong>, firm\u00f3 la <strong>adhesi\u00f3n del municipio de Olavarr\u00eda<\/strong> a la <strong>tercera etapa del Plan de Mejora de Caminos Rural<\/strong> con el intendente local, Ezequiel Galli. Tal como se hab\u00eda informado, <a href=\"https:\/\/cdnoticias.com\/index.php\/2023\/09\/23\/galli-firmo-un-convenio-para-mejoras-en-los-caminos-rurales\/\" target=\"_blank\" rel=\"noopener\">el convenio implica inversiones por casi 25 millones de pesos<\/a>.<\/p>\n<p>&nbsp;<\/p>\n<p>\u201cEsta firma es una muestra de que<strong> desde el Estado provincial seguimos avanzando con una pol\u00edtica que ha demostrado su eficacia, su \u00e9xito, y que construimos junto a los municipios<\/strong> del interior bonaerense para dar respuesta a un <strong>problema estructural de nuestra Provincia<\/strong>. Es la primera vez que el gobierno provincial lleva adelante un plan integral y tan ambicioso como este destinado a los caminos rurales, y lo seguimos profundizando\u201d, destac\u00f3 el ministro en Olavarr\u00eda la semana pasada.<\/p>\n<p>&nbsp;<\/p>\n<blockquote class=\"twitter-tweet\">\n<p dir=\"ltr\" lang=\"es\">Firmamos la adhesi\u00f3n de Olavarr\u00eda a la tercera etapa de nuestro Programa de Mejora de Caminos Rurales. Desde el Estado provincial, vamos a financiar la construcci\u00f3n de puentes y vados que van a evitar los anegamientos en zonas rurales del partido, mejorando la conectividad. <a href=\"https:\/\/t.co\/8bSXX97Xzf\">pic.twitter.com\/8bSXX97Xzf<\/a><\/p>\n<p>\u2014 Javier Rodr\u00edguez (@JavoRodriguezL) <a href=\"https:\/\/twitter.com\/JavoRodriguezL\/status\/1705285377940914300?ref_src=twsrc%5Etfw\">September 22, 2023<\/a><\/p><\/blockquote>\n<p><script async src=\"https:\/\/platform.twitter.com\/widgets.js\" charset=\"utf-8\"><\/script><\/p>\n<p>&nbsp;<\/p>\n<p>Repas\u00f3 que \u201cen las dos primeras etapas concretamos alrededor de 300 obras que permitieron mejorar m\u00e1s de 4.160 kil\u00f3metros en m\u00e1s de cien municipios. As\u00ed beneficiamos no s\u00f3lo a la producci\u00f3n, sino tambi\u00e9n a toda la comunidad rural en su conjunto al facilitar el acceso a m\u00e1s de 300 escuelas, parajes y localidades\u201d.\u00a0\u201cAhora, <strong>con la tercera etapa, nos proponemos mejorar m\u00e1s de 6.000 kil\u00f3metros de caminos rurales<\/strong> para seguir mejorando la vida y el trabajo en la ruralidad\u201d a\u00f1adi\u00f3.<\/p>\n<p>&nbsp;<\/p>\n<blockquote><p>A partir del nuevo convenio firmado con Olavarr\u00eda, la cartera agraria financiar\u00e1 la provisi\u00f3n de puentes y vados en distintos puntos del distrito. Uno de ellos es el camino La Reserva (camino 78-1-52), camino 78-2-57 en la localidad de Colonia San Miguel. El segundo es el camino provincial n\u00famero 078-04 en la zona de San Quilc\u00f3. Estas obras permitir\u00e1n que el escurrimiento del agua sea m\u00e1s eficiente, evitando as\u00ed zonas anegadas.<\/p><\/blockquote>\n<p>&nbsp;<\/p>\n<p><img data-recalc-dims=\"1\" loading=\"lazy\" decoding=\"async\" class=\"size-full wp-image-97476 aligncenter\" src=\"https:\/\/i0.wp.com\/cdnoticias.com\/wp-content\/uploads\/2023\/09\/javier-rodriguez-expo-angus-00.jpg?resize=800%2C445&#038;ssl=1\" alt=\"\" width=\"800\" height=\"445\" srcset=\"https:\/\/i0.wp.com\/cdnoticias.com\/wp-content\/uploads\/2023\/09\/javier-rodriguez-expo-angus-00.jpg?w=800&amp;ssl=1 800w, https:\/\/i0.wp.com\/cdnoticias.com\/wp-content\/uploads\/2023\/09\/javier-rodriguez-expo-angus-00.jpg?resize=300%2C167&amp;ssl=1 300w, https:\/\/i0.wp.com\/cdnoticias.com\/wp-content\/uploads\/2023\/09\/javier-rodriguez-expo-angus-00.jpg?resize=768%2C427&amp;ssl=1 768w\" sizes=\"auto, (max-width: 800px) 100vw, 800px\" \/><\/p>\n<p>&nbsp;<\/p>\n<p><em>\u201cDe esta forma, se mejorar\u00e1 la calidad de vida de los vecinos, el acceso a los centros educativos, disminuir\u00e1n los tiempos de transporte y aumentar\u00e1 la seguridad vial\u201d<\/em> subray\u00f3 el\u00a0 Ministerio de Desarrollo Agrario.<\/p>\n<p>&nbsp;<\/p>\n<p>En el acto de firma tambi\u00e9n estuvieron presentes <strong>el candidato de Uni\u00f3n por la Patria, Maximiliano Wesner<\/strong>, y el <strong>presidente de la Sociedad Rural de Olavarr\u00eda, Eduardo Alem.<\/strong><\/p>\n<p>&nbsp;<\/p>\n<p>El Municipio ya hab\u00eda participado de las dos etapas anteriores del Plan de Mejora de Caminos Rurales. En la primera, se financi\u00f3 la <strong>provisi\u00f3n de se\u00f1alizaci\u00f3n vial y la reparaci\u00f3n de puentes sobre el camino provincial de tierra 78-1-11<\/strong> y sobre el <strong>camino provincial de tierra 78-1-50<\/strong>. En la segunda, se otorgaron fondos para la realizaci\u00f3n de un trabajo de <strong>estabilizado granular en un total de 10,5 km en el camino conocido como \u201cFrontera Sur\u201d<\/strong>, de acceso y salida a la Ruta Provincial N\u00ba 51. <strong>\u201cAmbas obras se encuentran finalizadas\u201d<\/strong> destac\u00f3 la cartera bonaerense.<\/p>\n<p>&nbsp;<\/p>\n<p><img data-recalc-dims=\"1\" loading=\"lazy\" decoding=\"async\" class=\"size-full wp-image-97473 aligncenter\" src=\"https:\/\/i0.wp.com\/cdnoticias.com\/wp-content\/uploads\/2023\/09\/javier-rodriguez-expo-angus-01.jpg?resize=800%2C445&#038;ssl=1\" alt=\"\" width=\"800\" height=\"445\" srcset=\"https:\/\/i0.wp.com\/cdnoticias.com\/wp-content\/uploads\/2023\/09\/javier-rodriguez-expo-angus-01.jpg?w=800&amp;ssl=1 800w, https:\/\/i0.wp.com\/cdnoticias.com\/wp-content\/uploads\/2023\/09\/javier-rodriguez-expo-angus-01.jpg?resize=300%2C167&amp;ssl=1 300w, https:\/\/i0.wp.com\/cdnoticias.com\/wp-content\/uploads\/2023\/09\/javier-rodriguez-expo-angus-01.jpg?resize=768%2C427&amp;ssl=1 768w\" sizes=\"auto, (max-width: 800px) 100vw, 800px\" \/><\/p>\n<p>&nbsp;<\/p>\n<h2>M\u00e1s actividades de Javier Rodr\u00edguez en Olavarr\u00eda<\/h2>\n<p>&nbsp;<\/p>\n<p>En el marco de su visita a Olavarr\u00eda, el ministro<strong> Javier Rodr\u00edguez tambi\u00e9n particip\u00f3 de la 44\u00b0 Exposici\u00f3n Nacional Angus de Primavera<\/strong>, donde destac\u00f3 las pol\u00edticas y acciones que lleva adelante el Ministerio de Desarrollo Agrario para aumentar la productividad ganadera bonaerense y acompa\u00f1ar su crecimiento.<\/p>\n<p>&nbsp;<\/p>\n<blockquote class=\"twitter-tweet\">\n<p dir=\"ltr\" lang=\"es\">Junto a <a href=\"https:\/\/twitter.com\/MaximilianoWes4?ref_src=twsrc%5Etfw\">@MaximilianoWes4<\/a> visitamos la tradicional Expo Angus de Primavera de Olavarr\u00eda. Una muestra que es orgullo provincial y nacional con lo mejor de la raza. Particip\u00e9 de la premiaci\u00f3n del Gran Campe\u00f3n Macho 2023. Felicitaciones a la Caba\u00f1a Arand\u00fa, de San Cayetano. <a href=\"https:\/\/t.co\/orugIUIs68\">pic.twitter.com\/orugIUIs68<\/a><\/p>\n<p>\u2014 Javier Rodr\u00edguez (@JavoRodriguezL) <a href=\"https:\/\/twitter.com\/JavoRodriguezL\/status\/1705278850161148173?ref_src=twsrc%5Etfw\">September 22, 2023<\/a><\/p><\/blockquote>\n<p><script async src=\"https:\/\/platform.twitter.com\/widgets.js\" charset=\"utf-8\"><\/script><\/p>\n<p>&nbsp;<\/p>\n<blockquote><p>\u201cEstamos convencidos de que el Estado debe acompa\u00f1ar la producci\u00f3n y a cada uno de los y las productoras. Por eso, desde la Provincia desarrollamos un plan de prevenci\u00f3n para la erradicaci\u00f3n de enfermedades ven\u00e9reas, porque entendemos que de esa manera tenemos la posibilidad de aumentar la productividad en un porcentaje realmente significativo, y al mismo tiempo, incrementar la producci\u00f3n de carne y alimentos. Adem\u00e1s, el Plan Ganado Bonaerense 6&#215;6 ofrece l\u00edneas de financiamiento accesibles a peque\u00f1os y medianos productores para la reposici\u00f3n de toros con diagn\u00f3stico positivo a ETS, mejoras en las instalaciones ganaderas, implantaci\u00f3n de pasturas, y mejora gen\u00e9tica a trav\u00e9s de inseminaci\u00f3n artificial\u201d se\u00f1al\u00f3 el titular del MDA.<\/p><\/blockquote>\n<p>&nbsp;<\/p>\n<p>\u201cAdem\u00e1s, creemos que uno de los grandes desaf\u00edos en la Provincia es<strong> lograr una mayor industrializaci\u00f3n de la producci\u00f3n agropecuaria<\/strong> en cada distrito, por eso tambi\u00e9n implementamos el<strong> programa Frigor\u00edficos en Marcha<\/strong>, a trav\u00e9s del cual estamos construyendo 18 frigor\u00edficos en distintos municipios de la Provincia para que las y los productores puedan contar con un lugar de faena cercano\u201d explic\u00f3.<\/p>\n<p>&nbsp;<\/p>\n<p><img data-recalc-dims=\"1\" loading=\"lazy\" decoding=\"async\" class=\"size-full wp-image-97475 aligncenter\" src=\"https:\/\/i0.wp.com\/cdnoticias.com\/wp-content\/uploads\/2023\/09\/javier-rodriguez-expo-angus-03.jpg?resize=800%2C445&#038;ssl=1\" alt=\"\" width=\"800\" height=\"445\" srcset=\"https:\/\/i0.wp.com\/cdnoticias.com\/wp-content\/uploads\/2023\/09\/javier-rodriguez-expo-angus-03.jpg?w=800&amp;ssl=1 800w, https:\/\/i0.wp.com\/cdnoticias.com\/wp-content\/uploads\/2023\/09\/javier-rodriguez-expo-angus-03.jpg?resize=300%2C167&amp;ssl=1 300w, https:\/\/i0.wp.com\/cdnoticias.com\/wp-content\/uploads\/2023\/09\/javier-rodriguez-expo-angus-03.jpg?resize=768%2C427&amp;ssl=1 768w\" sizes=\"auto, (max-width: 800px) 100vw, 800px\" \/><\/p>\n<p>&nbsp;<\/p>\n<blockquote class=\"wp-embedded-content\" data-secret=\"RaUdHs4UdS\"><p><a href=\"https:\/\/cdnoticias.com\/index.php\/2023\/09\/23\/galli-firmo-un-convenio-para-mejoras-en-los-caminos-rurales\/\">Galli firm\u00f3 un convenio para mejoras en los caminos rurales<\/a><\/p><\/blockquote>\n<p><iframe loading=\"lazy\" class=\"wp-embedded-content\" sandbox=\"allow-scripts\" security=\"restricted\" style=\"position: absolute; clip: rect(1px, 1px, 1px, 1px);\" title=\"&#8220;Galli firm\u00f3 un convenio para mejoras en los caminos rurales&#8221; &#8212; Central de Noticias | Olavarr\u00eda\" src=\"https:\/\/cdnoticias.com\/index.php\/2023\/09\/23\/galli-firmo-un-convenio-para-mejoras-en-los-caminos-rurales\/embed\/#?secret=yOk30erF9Q#?secret=RaUdHs4UdS\" data-secret=\"RaUdHs4UdS\" width=\"600\" height=\"338\" frameborder=\"0\" marginwidth=\"0\" marginheight=\"0\" scrolling=\"no\"><\/iframe><\/p>\n<p>&nbsp;<\/p>\n","protected":false},"excerpt":{"rendered":"<p>El ministro Javier Rodr\u00edguez firm\u00f3 la adhesi\u00f3n del Municipio junto al intendente Ezequiel Galli. Tambi\u00e9n estuvo el candidato de UxP,<\/p>\n","protected":false},"author":4,"featured_media":97474,"comment_status":"closed","ping_status":"closed","sticky":false,"template":"","format":"standard","meta":{"_jetpack_memberships_contains_paid_content":false,"footnotes":""},"categories":[5,1],"tags":[],"class_list":["post-97477","post","type-post","status-publish","format-standard","has-post-thumbnail","hentry","category-informacion-general","category-portada"],"jetpack_featured_media_url":"https:\/\/i0.wp.com\/cdnoticias.com\/wp-content\/uploads\/2023\/09\/javier-rodriguez-expo-angus-02.jpg?fit=800%2C445&ssl=1","jetpack_sharing_enabled":true,"_links":{"self":[{"href":"https:\/\/cdnoticias.com\/index.php\/wp-json\/wp\/v2\/posts\/97477","targetHints":{"allow":["GET"]}}],"collection":[{"href":"https:\/\/cdnoticias.com\/index.php\/wp-json\/wp\/v2\/posts"}],"about":[{"href":"https:\/\/cdnoticias.com\/index.php\/wp-json\/wp\/v2\/types\/post"}],"author":[{"embeddable":true,"href":"https:\/\/cdnoticias.com\/index.php\/wp-json\/wp\/v2\/users\/4"}],"replies":[{"embeddable":true,"href":"https:\/\/cdnoticias.com\/index.php\/wp-json\/wp\/v2\/comments?post=97477"}],"version-history":[{"count":0,"href":"https:\/\/cdnoticias.com\/index.php\/wp-json\/wp\/v2\/posts\/97477\/revisions"}],"wp:featuredmedia":[{"embeddable":true,"href":"https:\/\/cdnoticias.com\/index.php\/wp-json\/wp\/v2\/media\/97474"}],"wp:attachment":[{"href":"https:\/\/cdnoticias.com\/index.php\/wp-json\/wp\/v2\/media?parent=97477"}],"wp:term":[{"taxonomy":"category","embeddable":true,"href":"https:\/\/cdnoticias.com\/index.php\/wp-json\/wp\/v2\/categories?post=97477"},{"taxonomy":"post_tag","embeddable":true,"href":"https:\/\/cdnoticias.com\/index.php\/wp-json\/wp\/v2\/tags?post=97477"}],"curies":[{"name":"wp","href":"https:\/\/api.w.org\/{rel}","templated":true}]}}