{"id":97457,"date":"2023-09-26T11:59:42","date_gmt":"2023-09-26T14:59:42","guid":{"rendered":"https:\/\/www.centraldenoticias.com.ar\/?p=97457"},"modified":"2023-09-26T11:59:42","modified_gmt":"2023-09-26T14:59:42","slug":"el-frente-de-mujeres-y-disidencias-convoca-a-una-mateada-por-nuestros-derechos","status":"publish","type":"post","link":"https:\/\/cdnoticias.com\/index.php\/2023\/09\/26\/el-frente-de-mujeres-y-disidencias-convoca-a-una-mateada-por-nuestros-derechos\/","title":{"rendered":"El Frente de Mujeres y Disidencias convoca a una \u201cmateada por nuestros derechos\u201d"},"content":{"rendered":"<p>La actividad se desarrollar\u00e1 este 28 de septiembre en la plaza del barrio Lourdes en el marco del D\u00eda de Acci\u00f3n Global por el Aborto Legal, Seguro y Gratuito.<!--more--><\/p>\n<hr \/>\n<p>Este jueves 28 de septiembre, el Frente de Mujeres y Disidencias, llevar\u00e1 a cabo una <strong>mateada en la plaza del barrio Lourdes,<\/strong> ubicada en la intersecci\u00f3n de Fassina y avenida Alberdi, desde las 14:00 hasta las 16:30.<\/p>\n<p>&nbsp;<\/p>\n<p>La jornada, titulada &#8220;mateada por nuestros derechos&#8221;, que ser\u00e1 en el marco del <strong>D\u00eda de Acci\u00f3n Global por el Aborto Legal, Seguro y Gratuito<\/strong>, promete ser un encuentro inclusivo y educativo para toda la comunidad. Durante el evento, se llevar\u00e1n a cabo diversas actividades que destacan la importancia de defender y cuidar los derechos conquistados.<\/p>\n<p>&nbsp;<\/p>\n<p>Uno de los puntos destacados del evento es la <strong>creaci\u00f3n de un mural<\/strong> con el lema &#8220;Los derechos no se venden, se defienden&#8221;. Este mural servir\u00e1 como un s\u00edmbolo visual del compromiso, conciencia y lucha.<\/p>\n<p>&nbsp;<\/p>\n<p>Adem\u00e1s, se ofrecer\u00e1 un <strong>taller sobre Educaci\u00f3n Sexual Integral (ESI)<\/strong>, que brindar\u00e1 informaci\u00f3n valiosa sobre la importancia de la educaci\u00f3n sexual en la sociedad. Tambi\u00e9n habr\u00e1 una radio abierta para quienes deseen compartir sus pensamientos y experiencias sobre el tema. Se pasar\u00e1 m\u00fasica en vivo y se presentar\u00e1 la talentosa artista local <strong>Luz Villarruel<\/strong>, quien compartir\u00e1 su m\u00fasica. Para cerrar la jornada con el cuerpo en movimiento, se llevar\u00e1 a cabo una clase de <strong>Zumba.<\/strong><\/p>\n<p>&nbsp;<\/p>\n<p>La actividad es <strong>abierta y gratuita<\/strong>. Se recomienda que lleven su equipo de mate y se unan a una tarde de entretenimiento, aprendizaje y solidaridad en defensa de los derechos de todas las personas.<\/p>\n","protected":false},"excerpt":{"rendered":"<p>La actividad se desarrollar\u00e1 este 28 de septiembre en la plaza del barrio Lourdes en el marco del D\u00eda de<\/p>\n","protected":false},"author":5,"featured_media":97458,"comment_status":"closed","ping_status":"closed","sticky":false,"template":"","format":"standard","meta":{"_jetpack_memberships_contains_paid_content":false,"footnotes":""},"categories":[3,1],"tags":[],"class_list":["post-97457","post","type-post","status-publish","format-standard","has-post-thumbnail","hentry","category-genero","category-portada"],"jetpack_featured_media_url":"https:\/\/i0.wp.com\/cdnoticias.com\/wp-content\/uploads\/2023\/09\/mateada-28s.jpg?fit=800%2C445&ssl=1","jetpack_sharing_enabled":true,"_links":{"self":[{"href":"https:\/\/cdnoticias.com\/index.php\/wp-json\/wp\/v2\/posts\/97457","targetHints":{"allow":["GET"]}}],"collection":[{"href":"https:\/\/cdnoticias.com\/index.php\/wp-json\/wp\/v2\/posts"}],"about":[{"href":"https:\/\/cdnoticias.com\/index.php\/wp-json\/wp\/v2\/types\/post"}],"author":[{"embeddable":true,"href":"https:\/\/cdnoticias.com\/index.php\/wp-json\/wp\/v2\/users\/5"}],"replies":[{"embeddable":true,"href":"https:\/\/cdnoticias.com\/index.php\/wp-json\/wp\/v2\/comments?post=97457"}],"version-history":[{"count":0,"href":"https:\/\/cdnoticias.com\/index.php\/wp-json\/wp\/v2\/posts\/97457\/revisions"}],"wp:featuredmedia":[{"embeddable":true,"href":"https:\/\/cdnoticias.com\/index.php\/wp-json\/wp\/v2\/media\/97458"}],"wp:attachment":[{"href":"https:\/\/cdnoticias.com\/index.php\/wp-json\/wp\/v2\/media?parent=97457"}],"wp:term":[{"taxonomy":"category","embeddable":true,"href":"https:\/\/cdnoticias.com\/index.php\/wp-json\/wp\/v2\/categories?post=97457"},{"taxonomy":"post_tag","embeddable":true,"href":"https:\/\/cdnoticias.com\/index.php\/wp-json\/wp\/v2\/tags?post=97457"}],"curies":[{"name":"wp","href":"https:\/\/api.w.org\/{rel}","templated":true}]}}