{"id":97354,"date":"2023-09-25T14:30:29","date_gmt":"2023-09-25T17:30:29","guid":{"rendered":"https:\/\/www.centraldenoticias.com.ar\/?p=97354"},"modified":"2023-09-25T16:33:51","modified_gmt":"2023-09-25T19:33:51","slug":"felicidad-en-el-jardin-929-ya-tienen-las-llaves-del-edificio-propio","status":"publish","type":"post","link":"https:\/\/cdnoticias.com\/index.php\/2023\/09\/25\/felicidad-en-el-jardin-929-ya-tienen-las-llaves-del-edificio-propio\/","title":{"rendered":"Felicidad en el Jard\u00edn 929: ya tienen las llaves del edificio propio"},"content":{"rendered":"<p>El intendente Ezequiel Galli encabez\u00f3 el acto de entrega este lunes. La nueva sede es en Vicente L\u00f3pez al 3500 y permitir\u00e1 ampliar la matr\u00edcula del establecimiento.<\/p>\n<p><!--more--><\/p>\n<hr \/>\n<p>En la ma\u00f1ana de este lunes, <strong>el intendente Ezequiel Galli encabez\u00f3 el acto de entrega de las llaves del edificio del Jard\u00edn 929<\/strong>: el establecimiento educativo cuenta desde ahora con <strong>sede propia en Vicente L\u00f3pez al 3500<\/strong>.<\/p>\n<p>&nbsp;<\/p>\n<blockquote class=\"instagram-media\" data-instgrm-captioned data-instgrm-permalink=\"https:\/\/www.instagram.com\/reel\/CxntiNOO6EX\/?utm_source=ig_embed&amp;utm_campaign=loading\" data-instgrm-version=\"14\" style=\" background:#FFF; border:0; border-radius:3px; box-shadow:0 0 1px 0 rgba(0,0,0,0.5),0 1px 10px 0 rgba(0,0,0,0.15); margin: 1px; max-width:540px; min-width:326px; padding:0; width:99.375%; width:-webkit-calc(100% - 2px); width:calc(100% - 2px);\">\n<div style=\"padding:16px;\"> <a href=\"https:\/\/www.instagram.com\/reel\/CxntiNOO6EX\/?utm_source=ig_embed&amp;utm_campaign=loading\" style=\" background:#FFFFFF; line-height:0; padding:0 0; text-align:center; text-decoration:none; width:100%;\" target=\"_blank\" rel=\"noopener\"><\/p>\n<div style=\" display: flex; flex-direction: row; align-items: center;\">\n<div style=\"background-color: #F4F4F4; border-radius: 50%; flex-grow: 0; height: 40px; margin-right: 14px; width: 40px;\"><\/div>\n<div style=\"display: flex; flex-direction: column; flex-grow: 1; justify-content: center;\">\n<div style=\" background-color: #F4F4F4; border-radius: 4px; flex-grow: 0; height: 14px; margin-bottom: 6px; width: 100px;\"><\/div>\n<div style=\" background-color: #F4F4F4; border-radius: 4px; flex-grow: 0; height: 14px; width: 60px;\"><\/div>\n<\/div>\n<\/div>\n<div style=\"padding: 19% 0;\"><\/div>\n<div style=\"display:block; height:50px; margin:0 auto 12px; width:50px;\"><svg width=\"50px\" height=\"50px\" viewBox=\"0 0 60 60\" version=\"1.1\" xmlns=\"https:\/\/www.w3.org\/2000\/svg\" xmlns:xlink=\"https:\/\/www.w3.org\/1999\/xlink\"><g stroke=\"none\" stroke-width=\"1\" fill=\"none\" fill-rule=\"evenodd\"><g transform=\"translate(-511.000000, -20.000000)\" fill=\"#000000\"><g><path d=\"M556.869,30.41 C554.814,30.41 553.148,32.076 553.148,34.131 C553.148,36.186 554.814,37.852 556.869,37.852 C558.924,37.852 560.59,36.186 560.59,34.131 C560.59,32.076 558.924,30.41 556.869,30.41 M541,60.657 C535.114,60.657 530.342,55.887 530.342,50 C530.342,44.114 535.114,39.342 541,39.342 C546.887,39.342 551.658,44.114 551.658,50 C551.658,55.887 546.887,60.657 541,60.657 M541,33.886 C532.1,33.886 524.886,41.1 524.886,50 C524.886,58.899 532.1,66.113 541,66.113 C549.9,66.113 557.115,58.899 557.115,50 C557.115,41.1 549.9,33.886 541,33.886 M565.378,62.101 C565.244,65.022 564.756,66.606 564.346,67.663 C563.803,69.06 563.154,70.057 562.106,71.106 C561.058,72.155 560.06,72.803 558.662,73.347 C557.607,73.757 556.021,74.244 553.102,74.378 C549.944,74.521 548.997,74.552 541,74.552 C533.003,74.552 532.056,74.521 528.898,74.378 C525.979,74.244 524.393,73.757 523.338,73.347 C521.94,72.803 520.942,72.155 519.894,71.106 C518.846,70.057 518.197,69.06 517.654,67.663 C517.244,66.606 516.755,65.022 516.623,62.101 C516.479,58.943 516.448,57.996 516.448,50 C516.448,42.003 516.479,41.056 516.623,37.899 C516.755,34.978 517.244,33.391 517.654,32.338 C518.197,30.938 518.846,29.942 519.894,28.894 C520.942,27.846 521.94,27.196 523.338,26.654 C524.393,26.244 525.979,25.756 528.898,25.623 C532.057,25.479 533.004,25.448 541,25.448 C548.997,25.448 549.943,25.479 553.102,25.623 C556.021,25.756 557.607,26.244 558.662,26.654 C560.06,27.196 561.058,27.846 562.106,28.894 C563.154,29.942 563.803,30.938 564.346,32.338 C564.756,33.391 565.244,34.978 565.378,37.899 C565.522,41.056 565.552,42.003 565.552,50 C565.552,57.996 565.522,58.943 565.378,62.101 M570.82,37.631 C570.674,34.438 570.167,32.258 569.425,30.349 C568.659,28.377 567.633,26.702 565.965,25.035 C564.297,23.368 562.623,22.342 560.652,21.575 C558.743,20.834 556.562,20.326 553.369,20.18 C550.169,20.033 549.148,20 541,20 C532.853,20 531.831,20.033 528.631,20.18 C525.438,20.326 523.257,20.834 521.349,21.575 C519.376,22.342 517.703,23.368 516.035,25.035 C514.368,26.702 513.342,28.377 512.574,30.349 C511.834,32.258 511.326,34.438 511.181,37.631 C511.035,40.831 511,41.851 511,50 C511,58.147 511.035,59.17 511.181,62.369 C511.326,65.562 511.834,67.743 512.574,69.651 C513.342,71.625 514.368,73.296 516.035,74.965 C517.703,76.634 519.376,77.658 521.349,78.425 C523.257,79.167 525.438,79.673 528.631,79.82 C531.831,79.965 532.853,80.001 541,80.001 C549.148,80.001 550.169,79.965 553.369,79.82 C556.562,79.673 558.743,79.167 560.652,78.425 C562.623,77.658 564.297,76.634 565.965,74.965 C567.633,73.296 568.659,71.625 569.425,69.651 C570.167,67.743 570.674,65.562 570.82,62.369 C570.966,59.17 571,58.147 571,50 C571,41.851 570.966,40.831 570.82,37.631\"><\/path><\/g><\/g><\/g><\/svg><\/div>\n<div style=\"padding-top: 8px;\">\n<div style=\" color:#3897f0; font-family:Arial,sans-serif; font-size:14px; font-style:normal; font-weight:550; line-height:18px;\">Ver esta publicaci\u00f3n en Instagram<\/div>\n<\/div>\n<div style=\"padding: 12.5% 0;\"><\/div>\n<div style=\"display: flex; flex-direction: row; margin-bottom: 14px; align-items: center;\">\n<div>\n<div style=\"background-color: #F4F4F4; border-radius: 50%; height: 12.5px; width: 12.5px; transform: translateX(0px) translateY(7px);\"><\/div>\n<div style=\"background-color: #F4F4F4; height: 12.5px; transform: rotate(-45deg) translateX(3px) translateY(1px); width: 12.5px; flex-grow: 0; margin-right: 14px; margin-left: 2px;\"><\/div>\n<div style=\"background-color: #F4F4F4; border-radius: 50%; height: 12.5px; width: 12.5px; transform: translateX(9px) translateY(-18px);\"><\/div>\n<\/div>\n<div style=\"margin-left: 8px;\">\n<div style=\" background-color: #F4F4F4; border-radius: 50%; flex-grow: 0; height: 20px; width: 20px;\"><\/div>\n<div style=\" width: 0; height: 0; border-top: 2px solid transparent; border-left: 6px solid #f4f4f4; border-bottom: 2px solid transparent; transform: translateX(16px) translateY(-4px) rotate(30deg)\"><\/div>\n<\/div>\n<div style=\"margin-left: auto;\">\n<div style=\" width: 0px; border-top: 8px solid #F4F4F4; border-right: 8px solid transparent; transform: translateY(16px);\"><\/div>\n<div style=\" background-color: #F4F4F4; flex-grow: 0; height: 12px; width: 16px; transform: translateY(-4px);\"><\/div>\n<div style=\" width: 0; height: 0; border-top: 8px solid #F4F4F4; border-left: 8px solid transparent; transform: translateY(-4px) translateX(8px);\"><\/div>\n<\/div>\n<\/div>\n<div style=\"display: flex; flex-direction: column; flex-grow: 1; justify-content: center; margin-bottom: 24px;\">\n<div style=\" background-color: #F4F4F4; border-radius: 4px; flex-grow: 0; height: 14px; margin-bottom: 6px; width: 224px;\"><\/div>\n<div style=\" background-color: #F4F4F4; border-radius: 4px; flex-grow: 0; height: 14px; width: 144px;\"><\/div>\n<\/div>\n<p><\/a><\/p>\n<p style=\" color:#c9c8cd; font-family:Arial,sans-serif; font-size:14px; line-height:17px; margin-bottom:0; margin-top:8px; overflow:hidden; padding:8px 0 7px; text-align:center; text-overflow:ellipsis; white-space:nowrap;\"><a href=\"https:\/\/www.instagram.com\/reel\/CxntiNOO6EX\/?utm_source=ig_embed&amp;utm_campaign=loading\" style=\" color:#c9c8cd; font-family:Arial,sans-serif; font-size:14px; font-style:normal; font-weight:normal; line-height:17px; text-decoration:none;\" target=\"_blank\" rel=\"noopener\">Una publicaci\u00f3n compartida por Central de Noticias Olavarr\u00eda (@cdnolavarria)<\/a><\/p>\n<\/div>\n<\/blockquote>\n<p><script async src=\"\/\/www.instagram.com\/embed.js\"><\/script><\/p>\n<p>La <strong>directora del establecimiento, Magal\u00ed Correa, recibi\u00f3 las llaves<\/strong> y manifest\u00f3 su <strong>emoci\u00f3n en el abrazo con el personal<\/strong> de la instituci\u00f3n de nivel inicial, as\u00ed como en el saludo de ex docentes y padres de alumnos que estuvieron en el acto.<\/p>\n<p>&nbsp;<\/p>\n<blockquote><p>\u201cFueron 12 o 13 a\u00f1os de espera desde que el jard\u00edn deja el edificio de la Escuela Normal. Yo me un\u00ed al equipo de trabajo en el a\u00f1o 2012 y hac\u00eda un a\u00f1o que se hab\u00edan ido\u201d cont\u00f3. Repas\u00f3 que en ese lapso la instituci\u00f3n funcion\u00f3 en tres sedes. \u201cHemos estado en tres mudanzas. Con todo lo que eso implica. El adaptarse a los espacios, no saber cu\u00e1ndo nos vamos, es un gran desaf\u00edo para la tarea de todos los d\u00edas\u201d defini\u00f3.<\/p><\/blockquote>\n<p><img data-recalc-dims=\"1\" loading=\"lazy\" decoding=\"async\" class=\"alignnone size-full wp-image-97346\" src=\"https:\/\/i0.wp.com\/cdnoticias.com\/wp-content\/uploads\/2023\/09\/jardin-929-01.jpg?resize=800%2C445&#038;ssl=1\" alt=\"\" width=\"800\" height=\"445\" srcset=\"https:\/\/i0.wp.com\/cdnoticias.com\/wp-content\/uploads\/2023\/09\/jardin-929-01.jpg?w=800&amp;ssl=1 800w, https:\/\/i0.wp.com\/cdnoticias.com\/wp-content\/uploads\/2023\/09\/jardin-929-01.jpg?resize=300%2C167&amp;ssl=1 300w, https:\/\/i0.wp.com\/cdnoticias.com\/wp-content\/uploads\/2023\/09\/jardin-929-01.jpg?resize=768%2C427&amp;ssl=1 768w\" sizes=\"auto, (max-width: 800px) 100vw, 800px\" \/><\/p>\n<p>&nbsp;<\/p>\n<p><img data-recalc-dims=\"1\" loading=\"lazy\" decoding=\"async\" class=\"alignnone size-full wp-image-97348\" src=\"https:\/\/i0.wp.com\/cdnoticias.com\/wp-content\/uploads\/2023\/09\/jardin-929-03.jpg?resize=800%2C445&#038;ssl=1\" alt=\"\" width=\"800\" height=\"445\" srcset=\"https:\/\/i0.wp.com\/cdnoticias.com\/wp-content\/uploads\/2023\/09\/jardin-929-03.jpg?w=800&amp;ssl=1 800w, https:\/\/i0.wp.com\/cdnoticias.com\/wp-content\/uploads\/2023\/09\/jardin-929-03.jpg?resize=300%2C167&amp;ssl=1 300w, https:\/\/i0.wp.com\/cdnoticias.com\/wp-content\/uploads\/2023\/09\/jardin-929-03.jpg?resize=768%2C427&amp;ssl=1 768w\" sizes=\"auto, (max-width: 800px) 100vw, 800px\" \/><\/p>\n<p>&nbsp;<\/p>\n<p>Destac\u00f3 con ello la labor de las docentes. <strong>\u201cTenemos un equipo de trabajo. Es excelente. Hay mucha camarader\u00eda.<\/strong> Fue y ha sido de trabajar, traer cortinas de la casa, forrar paredes. Un trabajo ejemplar lo que han hecho todas las maestras\u201d.<\/p>\n<p>&nbsp;<\/p>\n<p>Tuvo en cuenta que <strong>con las nuevas instalaciones podr\u00e1n ampliar la matr\u00edcula del Jard\u00edn 929<\/strong>. \u201cEn el otro espacio contamos con tres salas. Daba para una matr\u00edcula de 180 ni\u00f1os en ambos turnos. Al haber otra sala, otro espacio f\u00edsico, <em>se puede llegar a tener 240 alumnos<\/em>. Esto significa que se ampl\u00eda la matr\u00edcula y tambi\u00e9n despu\u00e9s, en funci\u00f3n de eso, se llegan a crear cargos como maestras de secci\u00f3n\u201d explic\u00f3.<\/p>\n<p>&nbsp;<\/p>\n<p><strong>Ezequiel Galli<\/strong> coincidi\u00f3 en definir la jornada como <strong>\u201cde mucha emoci\u00f3n\u201d<\/strong>. \u201cPara nosotros, de mucha alegr\u00eda. Realmente poder inaugurar, <strong>terminar una casa nueva para la educaci\u00f3n<\/strong>, en este caso para la educaci\u00f3n inicial, realmente es important\u00edsimo. <strong>Es en lo que venimos trabajando desde hace 8 a\u00f1os y lo queremos seguir trabajando\u201d<\/strong> agreg\u00f3.<\/p>\n<p>&nbsp;<\/p>\n<p><img data-recalc-dims=\"1\" loading=\"lazy\" decoding=\"async\" class=\"alignnone size-full wp-image-97351\" src=\"https:\/\/i0.wp.com\/cdnoticias.com\/wp-content\/uploads\/2023\/09\/jardin-929-06.jpg?resize=800%2C445&#038;ssl=1\" alt=\"\" width=\"800\" height=\"445\" srcset=\"https:\/\/i0.wp.com\/cdnoticias.com\/wp-content\/uploads\/2023\/09\/jardin-929-06.jpg?w=800&amp;ssl=1 800w, https:\/\/i0.wp.com\/cdnoticias.com\/wp-content\/uploads\/2023\/09\/jardin-929-06.jpg?resize=300%2C167&amp;ssl=1 300w, https:\/\/i0.wp.com\/cdnoticias.com\/wp-content\/uploads\/2023\/09\/jardin-929-06.jpg?resize=768%2C427&amp;ssl=1 768w\" sizes=\"auto, (max-width: 800px) 100vw, 800px\" \/><\/p>\n<p>&nbsp;<\/p>\n<p><img data-recalc-dims=\"1\" loading=\"lazy\" decoding=\"async\" class=\"alignnone size-full wp-image-97353\" src=\"https:\/\/i0.wp.com\/cdnoticias.com\/wp-content\/uploads\/2023\/09\/jardin-929-galli-02.jpg?resize=800%2C445&#038;ssl=1\" alt=\"\" width=\"800\" height=\"445\" srcset=\"https:\/\/i0.wp.com\/cdnoticias.com\/wp-content\/uploads\/2023\/09\/jardin-929-galli-02.jpg?w=800&amp;ssl=1 800w, https:\/\/i0.wp.com\/cdnoticias.com\/wp-content\/uploads\/2023\/09\/jardin-929-galli-02.jpg?resize=300%2C167&amp;ssl=1 300w, https:\/\/i0.wp.com\/cdnoticias.com\/wp-content\/uploads\/2023\/09\/jardin-929-galli-02.jpg?resize=768%2C427&amp;ssl=1 768w\" sizes=\"auto, (max-width: 800px) 100vw, 800px\" \/><\/p>\n<p>&nbsp;<\/p>\n<p>Se refiri\u00f3 inmediatamente a los <strong>proyectos de obra<\/strong>, ya anunciados, para construir sedes<a href=\"https:\/\/cdnoticias.com\/index.php\/2023\/03\/01\/galli-el-ano-2022-no-fue-un-ano-facil-en-materia-economica\/\" target=\"_blank\" rel=\"noopener\"> nuevas para el Jard\u00edn 922<\/a> y <a href=\"https:\/\/cdnoticias.com\/index.php\/2022\/07\/15\/ezequiel-galli-fue-a-la-secundaria-22-y-anuncio-que-tendra-casa-propia\/\" target=\"_blank\" rel=\"noopener\">la Secundaria 22<\/a>. \u201cA las obras las tenemos diagramadas. <strong>En el caso del jard\u00edn ya tenemos el lugar donde vamos a realizar la obra. En el caso de la escuela estamos trabajando en eso<\/strong>, pero con la decisi\u00f3n firme de encarar esos dos edificios que hoy no tienen lugar\u201d.<\/p>\n<p>&nbsp;<\/p>\n<p><strong>El intendente asever\u00f3 que \u201cque queremos cerrar el c\u00edrculo\u201d<\/strong> para luego repasar obras de construcci\u00f3n de edificios escolares. Mencion\u00f3 la Escuela de Artes Visuales y los jardines 919 y 929. \u201cQueremos seguir por ese camino\u201d remarc\u00f3 para luego contar que <a href=\"https:\/\/cdnoticias.com\/index.php\/2023\/09\/25\/el-intendente-entrego-las-llaves-del-instituto-de-educacion-fisica\/\" target=\"_blank\" rel=\"noopener\">previamente se hab\u00eda hecho la entrega de llaves del Instituto de Educaci\u00f3n F\u00edsica a la cooperadora<\/a> y ya se program\u00f3 la inauguraci\u00f3n formal para el 23 de octubre, un d\u00eda despu\u00e9s de las elecciones.<\/p>\n<p>&nbsp;<\/p>\n<p>En lo referente a las obras, <strong>Galli destac\u00f3 la labor \u201cdel equipo de la Municipalidad<\/strong>, dise\u00f1ando la obra y un gran trabajo de la empresa en llevarla adelante. Quiero mencionar las dos empresas, Jos\u00e9 Tancredi en el Instituto y en el Jard\u00edn la empresa Vizan. Son construcciones impecables y y un lujo para la educaci\u00f3n p\u00fablica. Tambi\u00e9n genera mano de obra local y dinamismo en la econom\u00eda local\u201d.<\/p>\n<p>&nbsp;<\/p>\n<p><img data-recalc-dims=\"1\" loading=\"lazy\" decoding=\"async\" class=\"alignnone size-full wp-image-97345\" src=\"https:\/\/i0.wp.com\/cdnoticias.com\/wp-content\/uploads\/2023\/09\/jardin-929-00.jpg?resize=800%2C445&#038;ssl=1\" alt=\"\" width=\"800\" height=\"445\" srcset=\"https:\/\/i0.wp.com\/cdnoticias.com\/wp-content\/uploads\/2023\/09\/jardin-929-00.jpg?w=800&amp;ssl=1 800w, https:\/\/i0.wp.com\/cdnoticias.com\/wp-content\/uploads\/2023\/09\/jardin-929-00.jpg?resize=300%2C167&amp;ssl=1 300w, https:\/\/i0.wp.com\/cdnoticias.com\/wp-content\/uploads\/2023\/09\/jardin-929-00.jpg?resize=768%2C427&amp;ssl=1 768w\" sizes=\"auto, (max-width: 800px) 100vw, 800px\" \/><\/p>\n<p>&nbsp;<\/p>\n<p><img data-recalc-dims=\"1\" loading=\"lazy\" decoding=\"async\" class=\"alignnone size-full wp-image-97352\" src=\"https:\/\/i0.wp.com\/cdnoticias.com\/wp-content\/uploads\/2023\/09\/jardin-929-galli-01.jpg?resize=800%2C445&#038;ssl=1\" alt=\"\" width=\"800\" height=\"445\" srcset=\"https:\/\/i0.wp.com\/cdnoticias.com\/wp-content\/uploads\/2023\/09\/jardin-929-galli-01.jpg?w=800&amp;ssl=1 800w, https:\/\/i0.wp.com\/cdnoticias.com\/wp-content\/uploads\/2023\/09\/jardin-929-galli-01.jpg?resize=300%2C167&amp;ssl=1 300w, https:\/\/i0.wp.com\/cdnoticias.com\/wp-content\/uploads\/2023\/09\/jardin-929-galli-01.jpg?resize=768%2C427&amp;ssl=1 768w\" sizes=\"auto, (max-width: 800px) 100vw, 800px\" \/><\/p>\n<p>&nbsp;<\/p>\n<p>La obra consta de una superficie cubierta de 192 m2 en planta baja, 218 m2 en primer piso, y 118 m2 en la planta alta. Adem\u00e1s, cuenta con 100m2 de terraza.\u00a0En planta baja se ubican: hall de acceso, dos direcciones, sala de m\u00fasica con ba\u00f1o y dep\u00f3sito, cocina con dep\u00f3sito, ba\u00f1o para personas con movilidad reducida, ba\u00f1o de profesores, ascensor y sala de m\u00e1quinas.\u00a0En el primer piso se dispusieron cuatro aulas con ba\u00f1os y mesada propios en cada uno de ellos, una sala para orientaci\u00f3n, otra sala destinada a preceptor\u00eda y sala de m\u00e1quinas. En el segundo piso, por su parte, hay un sal\u00f3n de usos m\u00faltiples con expansi\u00f3n a la terraza descubierta.\u00a0Adem\u00e1s, el edificio cuenta con un n\u00facleo de circulaci\u00f3n compuesto por una escalera de hormig\u00f3n armado, de dos tramos y un ascensor hidr\u00e1ulico que recorre todos los pisos.<\/p>\n<p>&nbsp;<\/p>\n<p>Del acto participaron tambi\u00e9n la<em> presidenta del Concejo Deliberante, Cecilia Krivochen, concejales, los secretarios municipales Julio Ferraro, de Obras P\u00fablicas, y Guillermina Amespil, de Desarrollo Humano, adem\u00e1s de subsecretarios y directores<\/em>.<\/p>\n<p>&nbsp;<\/p>\n<p>Asistieron tambi\u00e9n autoridades educativas. Entre ellos se presentaron <em>la jefa Regional de Inspecci\u00f3n, Marta Casanella, y el jefe Distrital, Julio Ben\u00edtez, adem\u00e1s de inspectores, el presidente del Consejo Escolar, Bruno Di Carlo, y consejeros escolares<\/em>.<\/p>\n<p>&nbsp;<\/p>\n<p><img data-recalc-dims=\"1\" loading=\"lazy\" decoding=\"async\" class=\"alignnone size-full wp-image-97350\" src=\"https:\/\/i0.wp.com\/cdnoticias.com\/wp-content\/uploads\/2023\/09\/jardin-929-05.jpg?resize=800%2C445&#038;ssl=1\" alt=\"\" width=\"800\" height=\"445\" srcset=\"https:\/\/i0.wp.com\/cdnoticias.com\/wp-content\/uploads\/2023\/09\/jardin-929-05.jpg?w=800&amp;ssl=1 800w, https:\/\/i0.wp.com\/cdnoticias.com\/wp-content\/uploads\/2023\/09\/jardin-929-05.jpg?resize=300%2C167&amp;ssl=1 300w, https:\/\/i0.wp.com\/cdnoticias.com\/wp-content\/uploads\/2023\/09\/jardin-929-05.jpg?resize=768%2C427&amp;ssl=1 768w\" sizes=\"auto, (max-width: 800px) 100vw, 800px\" \/><\/p>\n<p>&nbsp;<\/p>\n<p><img data-recalc-dims=\"1\" loading=\"lazy\" decoding=\"async\" class=\"alignnone size-full wp-image-97349\" src=\"https:\/\/i0.wp.com\/cdnoticias.com\/wp-content\/uploads\/2023\/09\/jardin-929-04.jpg?resize=800%2C445&#038;ssl=1\" alt=\"\" width=\"800\" height=\"445\" srcset=\"https:\/\/i0.wp.com\/cdnoticias.com\/wp-content\/uploads\/2023\/09\/jardin-929-04.jpg?w=800&amp;ssl=1 800w, https:\/\/i0.wp.com\/cdnoticias.com\/wp-content\/uploads\/2023\/09\/jardin-929-04.jpg?resize=300%2C167&amp;ssl=1 300w, https:\/\/i0.wp.com\/cdnoticias.com\/wp-content\/uploads\/2023\/09\/jardin-929-04.jpg?resize=768%2C427&amp;ssl=1 768w\" sizes=\"auto, (max-width: 800px) 100vw, 800px\" \/><\/p>\n<p>&nbsp;<\/p>\n","protected":false},"excerpt":{"rendered":"<p>El intendente Ezequiel Galli encabez\u00f3 el acto de entrega este lunes. La nueva sede es en Vicente L\u00f3pez al 3500<\/p>\n","protected":false},"author":4,"featured_media":97347,"comment_status":"closed","ping_status":"closed","sticky":false,"template":"","format":"standard","meta":{"_jetpack_memberships_contains_paid_content":false,"footnotes":""},"categories":[5,1],"tags":[],"class_list":["post-97354","post","type-post","status-publish","format-standard","has-post-thumbnail","hentry","category-informacion-general","category-portada"],"jetpack_featured_media_url":"https:\/\/i0.wp.com\/cdnoticias.com\/wp-content\/uploads\/2023\/09\/jardin-929-02.jpg?fit=800%2C445&ssl=1","jetpack_sharing_enabled":true,"_links":{"self":[{"href":"https:\/\/cdnoticias.com\/index.php\/wp-json\/wp\/v2\/posts\/97354","targetHints":{"allow":["GET"]}}],"collection":[{"href":"https:\/\/cdnoticias.com\/index.php\/wp-json\/wp\/v2\/posts"}],"about":[{"href":"https:\/\/cdnoticias.com\/index.php\/wp-json\/wp\/v2\/types\/post"}],"author":[{"embeddable":true,"href":"https:\/\/cdnoticias.com\/index.php\/wp-json\/wp\/v2\/users\/4"}],"replies":[{"embeddable":true,"href":"https:\/\/cdnoticias.com\/index.php\/wp-json\/wp\/v2\/comments?post=97354"}],"version-history":[{"count":0,"href":"https:\/\/cdnoticias.com\/index.php\/wp-json\/wp\/v2\/posts\/97354\/revisions"}],"wp:featuredmedia":[{"embeddable":true,"href":"https:\/\/cdnoticias.com\/index.php\/wp-json\/wp\/v2\/media\/97347"}],"wp:attachment":[{"href":"https:\/\/cdnoticias.com\/index.php\/wp-json\/wp\/v2\/media?parent=97354"}],"wp:term":[{"taxonomy":"category","embeddable":true,"href":"https:\/\/cdnoticias.com\/index.php\/wp-json\/wp\/v2\/categories?post=97354"},{"taxonomy":"post_tag","embeddable":true,"href":"https:\/\/cdnoticias.com\/index.php\/wp-json\/wp\/v2\/tags?post=97354"}],"curies":[{"name":"wp","href":"https:\/\/api.w.org\/{rel}","templated":true}]}}