{"id":97337,"date":"2023-09-25T12:54:18","date_gmt":"2023-09-25T15:54:18","guid":{"rendered":"https:\/\/www.centraldenoticias.com.ar\/?p=97337"},"modified":"2023-09-25T16:22:48","modified_gmt":"2023-09-25T19:22:48","slug":"recuperaron-60-neumaticos-robados-hay-dos-acusados","status":"publish","type":"post","link":"https:\/\/cdnoticias.com\/index.php\/2023\/09\/25\/recuperaron-60-neumaticos-robados-hay-dos-acusados\/","title":{"rendered":"Recuperaron 60 neum\u00e1ticos robados: hay dos acusados"},"content":{"rendered":"<p>Se esclareci\u00f3 el caso. Los ladrones hab\u00edan tapado los sensores de alarma con pintura. Este lunes se realiz\u00f3 un allanamiento en una edificaci\u00f3n abandonada.<\/p>\n<p><!--more--><\/p>\n<hr \/>\n<p><strong>Un cuantioso robo<\/strong> se registr\u00f3 en un <strong>comercio ubicado en Pringles al 3500<\/strong>: hab\u00edan robado <strong>60 neum\u00e1ticos nuevos<\/strong>. El caso fue esclarecido, se recuper\u00f3 lo sustra\u00eddo y hay dos j\u00f3venes acusados.<\/p>\n<p>&nbsp;<\/p>\n<p>Se pudo saber que para cometer el il\u00edcito<strong> los ladrones hab\u00edan tapado con pintura los sensores de la alarma.<\/strong><\/p>\n<p>&nbsp;<\/p>\n<p>Las averiguaciones estuvieron a cargo de la <strong>Comisar\u00eda Segunda<\/strong> y la <strong>Sub DDI<\/strong> de Olavarr\u00eda con intervenci\u00f3n de la<strong> UFI N\u00ba 10<\/strong> que subroga actualmente el fiscal Christian Url\u00e9zaga.<\/p>\n<p>&nbsp;<\/p>\n<p><img data-recalc-dims=\"1\" loading=\"lazy\" decoding=\"async\" class=\"size-full wp-image-97339 aligncenter\" src=\"https:\/\/i0.wp.com\/cdnoticias.com\/wp-content\/uploads\/2023\/09\/recuperan-60-cubiertas-robadas-01.jpg?resize=800%2C445&#038;ssl=1\" alt=\"\" width=\"800\" height=\"445\" srcset=\"https:\/\/i0.wp.com\/cdnoticias.com\/wp-content\/uploads\/2023\/09\/recuperan-60-cubiertas-robadas-01.jpg?w=1000&amp;ssl=1 1000w, https:\/\/i0.wp.com\/cdnoticias.com\/wp-content\/uploads\/2023\/09\/recuperan-60-cubiertas-robadas-01.jpg?resize=300%2C167&amp;ssl=1 300w, https:\/\/i0.wp.com\/cdnoticias.com\/wp-content\/uploads\/2023\/09\/recuperan-60-cubiertas-robadas-01.jpg?resize=768%2C427&amp;ssl=1 768w, https:\/\/i0.wp.com\/cdnoticias.com\/wp-content\/uploads\/2023\/09\/recuperan-60-cubiertas-robadas-01.jpg?resize=800%2C445&amp;ssl=1 800w\" sizes=\"auto, (max-width: 800px) 100vw, 800px\" \/><\/p>\n<p>&nbsp;<\/p>\n<blockquote><p>Este lunes, los investigadores lograron dar con lo robado en el interior de una edificaci\u00f3n abandonada ubicada en las v\u00edas y calle Mitre. All\u00ed se present\u00f3 el damnificado, quien reconoci\u00f3 los elementos. Se destac\u00f3 que para poder retirar los 60 neum\u00e1ticos, los efectivos policiales contaron con la colaboraci\u00f3n de Bomberos Voluntarios de Defensa Civil.<\/p><\/blockquote>\n<p>&nbsp;<\/p>\n<p>Adem\u00e1s, se llev\u00f3 a cabo <strong>un allanamiento con anuencia<\/strong> en una vivienda de<strong> Amparo Castro al 3600<\/strong> donde <strong>se secuestr\u00f3 un tarro de pintura en aerosol<\/strong> que, se sospecha, fue utilizado para <strong>pintar las alarmas<\/strong> en el lugar del robo.<\/p>\n<p>&nbsp;<\/p>\n<p><strong>Dos j\u00f3venes<\/strong> fueron identificados como los <strong>autores<\/strong> del caso.<\/p>\n<p>&nbsp;<\/p>\n<p>Las actuaciones fueron caratuladas <strong>\u201crobo agravado por escalamiento\u201d.<\/strong><\/p>\n<p>&nbsp;<\/p>\n","protected":false},"excerpt":{"rendered":"<p>Se esclareci\u00f3 el caso. Los ladrones hab\u00edan tapado los sensores de alarma con pintura. Este lunes se realiz\u00f3 un allanamiento<\/p>\n","protected":false},"author":4,"featured_media":97338,"comment_status":"closed","ping_status":"closed","sticky":false,"template":"","format":"standard","meta":{"_jetpack_memberships_contains_paid_content":false,"footnotes":""},"categories":[14,1],"tags":[],"class_list":["post-97337","post","type-post","status-publish","format-standard","has-post-thumbnail","hentry","category-policiales","category-portada"],"jetpack_featured_media_url":"https:\/\/i0.wp.com\/cdnoticias.com\/wp-content\/uploads\/2023\/09\/recuperan-60-cubiertas-robadas-00.jpg?fit=800%2C444&ssl=1","jetpack_sharing_enabled":true,"_links":{"self":[{"href":"https:\/\/cdnoticias.com\/index.php\/wp-json\/wp\/v2\/posts\/97337","targetHints":{"allow":["GET"]}}],"collection":[{"href":"https:\/\/cdnoticias.com\/index.php\/wp-json\/wp\/v2\/posts"}],"about":[{"href":"https:\/\/cdnoticias.com\/index.php\/wp-json\/wp\/v2\/types\/post"}],"author":[{"embeddable":true,"href":"https:\/\/cdnoticias.com\/index.php\/wp-json\/wp\/v2\/users\/4"}],"replies":[{"embeddable":true,"href":"https:\/\/cdnoticias.com\/index.php\/wp-json\/wp\/v2\/comments?post=97337"}],"version-history":[{"count":0,"href":"https:\/\/cdnoticias.com\/index.php\/wp-json\/wp\/v2\/posts\/97337\/revisions"}],"wp:featuredmedia":[{"embeddable":true,"href":"https:\/\/cdnoticias.com\/index.php\/wp-json\/wp\/v2\/media\/97338"}],"wp:attachment":[{"href":"https:\/\/cdnoticias.com\/index.php\/wp-json\/wp\/v2\/media?parent=97337"}],"wp:term":[{"taxonomy":"category","embeddable":true,"href":"https:\/\/cdnoticias.com\/index.php\/wp-json\/wp\/v2\/categories?post=97337"},{"taxonomy":"post_tag","embeddable":true,"href":"https:\/\/cdnoticias.com\/index.php\/wp-json\/wp\/v2\/tags?post=97337"}],"curies":[{"name":"wp","href":"https:\/\/api.w.org\/{rel}","templated":true}]}}