{"id":97335,"date":"2023-09-25T11:21:22","date_gmt":"2023-09-25T14:21:22","guid":{"rendered":"https:\/\/www.centraldenoticias.com.ar\/?p=97335"},"modified":"2023-09-25T14:33:42","modified_gmt":"2023-09-25T17:33:42","slug":"axel-kicillof-volvera-este-martes-a-olavarria","status":"publish","type":"post","link":"https:\/\/cdnoticias.com\/index.php\/2023\/09\/25\/axel-kicillof-volvera-este-martes-a-olavarria\/","title":{"rendered":"Axel Kicillof volver\u00e1 este martes a Olavarr\u00eda"},"content":{"rendered":"<p>Salud, viviendas y seguridad son los temas de agenda del mandatario. A inicios de mes hab\u00eda adelantado su pr\u00f3xima visita.<\/p>\n<p><!--more--><\/p>\n<hr \/>\n<p><strong>El gobernador Axel Kicillof llegar\u00e1 este martes<\/strong> por la tarde a la ciudad con una <strong>agenda con ejes en salud, vivienda y seguridad.<\/strong><\/p>\n<p>&nbsp;<\/p>\n<p>El mandatario -y candidato a la relecci\u00f3n en Uni\u00f3n por la Patria-<strong> hab\u00eda comprometido su llegada a Olavarr\u00eda en una reuni\u00f3n con el candidato a intendente Maximiliano Wesner<\/strong> <a href=\"https:\/\/cdnoticias.com\/index.php\/2023\/09\/06\/wesner-se-reunio-con-el-gobernador-axel-kicillof\/\" target=\"_blank\" rel=\"noopener\">el pasado 6 de septiembre<\/a>.<\/p>\n<p>&nbsp;<\/p>\n<p>En ese sentido, <strong>se espera que Wesner se sume a todas las actividades del gobernador<\/strong> en la jornada de este martes y que se presenten tambi\u00e9n en la ciudad <strong>ministros y m\u00e1s funcionarios<\/strong> bonaerenses, entre ellos<strong> el titular de la cartera de Seguridad, Sergio Berni<\/strong>.<\/p>\n<p>&nbsp;<\/p>\n<blockquote><p><strong>Central de Noticias<\/strong> pudo confirmar que Kicillof llegar\u00e1 por la tarde. A las 14:30 estar\u00e1 en un centro de salud, a las 15 encabezar\u00e1 una recorrida por la obra de construcci\u00f3n de 100 viviendas en Sarmiento y Jun\u00edn y a las 15:30 ir\u00e1 a la Escuela de Polic\u00eda en Loma Negra donde se presentar\u00e1n los de drones que sumar\u00e1n vigilancia en la zona rural.<\/p><\/blockquote>\n<p>&nbsp;<\/p>\n<p>Respecto de esta \u00faltima actividad, cabe recordar que <a href=\"https:\/\/cdnoticias.com\/index.php\/2023\/09\/14\/presentaron-los-nuevos-drones-para-reforzar-la-seguridad-en-zonas-rurales\/\" target=\"_blank\" rel=\"noopener\">los drones fueron presentados hace pocas semanas por el ministro Sergio Berni<\/a>.<\/p>\n<p>&nbsp;<\/p>\n<p><strong>La visita programada para el martes ser\u00e1 la primera que realiza a Olavarr\u00eda Axel Kicillof en el marco de la campa\u00f1a electoral<\/strong>. El pasado 9 de agosto, pocos d\u00edas antes de las PASO, se hab\u00eda anunciado su llegada pero <a href=\"https:\/\/cdnoticias.com\/index.php\/2023\/08\/09\/por-el-crimen-de-una-nina-en-lanus-kicillof-suspendio-su-visita-a-olavarria\/\" target=\"_blank\" rel=\"noopener\">debi\u00f3 suspenderse horas antes debido a un grave caso de inseguridad sucedido en el conurbano bonaerense<\/a>.<\/p>\n<p>&nbsp;<\/p>\n","protected":false},"excerpt":{"rendered":"<p>Salud, viviendas y seguridad son los temas de agenda del mandatario. A inicios de mes hab\u00eda adelantado su pr\u00f3xima visita.<\/p>\n","protected":false},"author":4,"featured_media":87723,"comment_status":"closed","ping_status":"closed","sticky":false,"template":"","format":"standard","meta":{"_jetpack_memberships_contains_paid_content":false,"footnotes":""},"categories":[4,1],"tags":[],"class_list":["post-97335","post","type-post","status-publish","format-standard","has-post-thumbnail","hentry","category-politica","category-portada"],"jetpack_featured_media_url":"https:\/\/i0.wp.com\/cdnoticias.com\/wp-content\/uploads\/2023\/06\/kicillof-acto-PIO-04.jpg?fit=800%2C445&ssl=1","jetpack_sharing_enabled":true,"_links":{"self":[{"href":"https:\/\/cdnoticias.com\/index.php\/wp-json\/wp\/v2\/posts\/97335","targetHints":{"allow":["GET"]}}],"collection":[{"href":"https:\/\/cdnoticias.com\/index.php\/wp-json\/wp\/v2\/posts"}],"about":[{"href":"https:\/\/cdnoticias.com\/index.php\/wp-json\/wp\/v2\/types\/post"}],"author":[{"embeddable":true,"href":"https:\/\/cdnoticias.com\/index.php\/wp-json\/wp\/v2\/users\/4"}],"replies":[{"embeddable":true,"href":"https:\/\/cdnoticias.com\/index.php\/wp-json\/wp\/v2\/comments?post=97335"}],"version-history":[{"count":0,"href":"https:\/\/cdnoticias.com\/index.php\/wp-json\/wp\/v2\/posts\/97335\/revisions"}],"wp:featuredmedia":[{"embeddable":true,"href":"https:\/\/cdnoticias.com\/index.php\/wp-json\/wp\/v2\/media\/87723"}],"wp:attachment":[{"href":"https:\/\/cdnoticias.com\/index.php\/wp-json\/wp\/v2\/media?parent=97335"}],"wp:term":[{"taxonomy":"category","embeddable":true,"href":"https:\/\/cdnoticias.com\/index.php\/wp-json\/wp\/v2\/categories?post=97335"},{"taxonomy":"post_tag","embeddable":true,"href":"https:\/\/cdnoticias.com\/index.php\/wp-json\/wp\/v2\/tags?post=97335"}],"curies":[{"name":"wp","href":"https:\/\/api.w.org\/{rel}","templated":true}]}}