{"id":97328,"date":"2023-09-25T11:03:37","date_gmt":"2023-09-25T14:03:37","guid":{"rendered":"https:\/\/www.centraldenoticias.com.ar\/?p=97328"},"modified":"2023-09-25T12:55:49","modified_gmt":"2023-09-25T15:55:49","slug":"el-intendente-entrego-las-llaves-del-instituto-de-educacion-fisica","status":"publish","type":"post","link":"https:\/\/cdnoticias.com\/index.php\/2023\/09\/25\/el-intendente-entrego-las-llaves-del-instituto-de-educacion-fisica\/","title":{"rendered":"El Intendente entreg\u00f3 las llaves del Instituto de Educaci\u00f3n F\u00edsica"},"content":{"rendered":"<p>Fue en el marco del inicio de los \u201cJuegos de la I\u201d. La inauguraci\u00f3n oficial ser\u00e1 el 23 de octubre. \u201cEs una de las obras m\u00e1s importantes que hemos realizado en nuestros ocho a\u00f1os de gesti\u00f3n\u201d, destac\u00f3.<!--more--><\/p>\n<hr \/>\n<p>Este lunes por la ma\u00f1ana el intendente Ezequiel Galli particip\u00f3 de la <strong>apertura de los \u201cJuegos de la I\u201d,<\/strong> que tuvo lugar en la <strong>nueva sede del Instituto Superior de Formaci\u00f3n Docente N\u00ba 47.<\/strong> En ese marco, <strong>el jefe comunal entreg\u00f3 las llaves a Carlos \u00c1lvarez, presidente de la Cooperadora<\/strong>. Cabe destacar que<strong> el edificio ser\u00e1 inaugurado oficialmente el 23 de octubre.<\/strong><\/p>\n<p>&nbsp;<\/p>\n<p>Adem\u00e1s del intendente estuvieron el acto de inicio de los juegos,<strong> el director del ISFD N\u00ba 47 Gabriel Coronel, Dolores Cantoni en representaci\u00f3n del Centro de Estudiantes y Carlos \u00c1valos por Cooperadora.<\/strong><\/p>\n<p>&nbsp;<\/p>\n<p>De la actividad participaron adem\u00e1s la presidente del Concejo Deliberante Cecilia Krivochen, el secretario de Mantenimiento y Obras P\u00fablicas Julio Ferarro, la secretario de Desarrollo Humano y Calidad Vida Guillermina Amespil, el subsecretario de Deportes y Recreaci\u00f3n Juan Agust\u00edn Galli, dem\u00e1s funcionarios municipales, autoridades educativas, referentes deportivos y estudiantes del ISFD N\u00ba 47.<\/p>\n<p>&nbsp;<\/p>\n<p>Estas jornadas que reunir\u00e1n a m\u00e1s de 300 estudiantes -que se desarrollar\u00e1n del lunes 25 al viernes 29 de septiembre- se iniciaron con el <strong>encendido de la antorcha<\/strong>, emulando el esp\u00edritu ol\u00edmpico.<\/p>\n<p>&nbsp;<\/p>\n<p><img data-recalc-dims=\"1\" loading=\"lazy\" decoding=\"async\" class=\"aligncenter size-full wp-image-97331\" src=\"https:\/\/i0.wp.com\/cdnoticias.com\/wp-content\/uploads\/2023\/09\/Obras-Entrega-Llave-Instituto-N%C2%B047-3-scaled-1.jpg?resize=800%2C445&#038;ssl=1\" alt=\"\" width=\"800\" height=\"445\" srcset=\"https:\/\/i0.wp.com\/cdnoticias.com\/wp-content\/uploads\/2023\/09\/Obras-Entrega-Llave-Instituto-N%C2%B047-3-scaled-1.jpg?w=800&amp;ssl=1 800w, https:\/\/i0.wp.com\/cdnoticias.com\/wp-content\/uploads\/2023\/09\/Obras-Entrega-Llave-Instituto-N%C2%B047-3-scaled-1.jpg?resize=300%2C167&amp;ssl=1 300w, https:\/\/i0.wp.com\/cdnoticias.com\/wp-content\/uploads\/2023\/09\/Obras-Entrega-Llave-Instituto-N%C2%B047-3-scaled-1.jpg?resize=768%2C427&amp;ssl=1 768w\" sizes=\"auto, (max-width: 800px) 100vw, 800px\" \/><\/p>\n<p>&nbsp;<\/p>\n<p>En la apertura de los Juegos de la I, <strong>Gabriel Coronel<\/strong> se\u00f1al\u00f3 que \u201c<strong>estas pr\u00e1cticas son muy de la vida corriente del Instituto, hoy es muy fuerte simb\u00f3licamente estar frente a este edificio, no podemos callar lo que estamos viendo y sintiendo, porque est\u00e1 el edificio concretamente frente a nuestros ojos\u201d.<\/strong><\/p>\n<p>&nbsp;<\/p>\n<blockquote><p>\u201cYa vamos a tener la posibilidad de una inauguraci\u00f3n oficial como corresponde, esto es simplemente una apertura de los Juegos Deportivos Institucionales en el marco de la Fiesta de l, que es toda esta semana. Los chicos del Centro de Estudiantes y de Identidad han propuesto esta semana de juegos y deportes como s\u00edmbolo de lo que es la I para el Instituto\u201d, sostuvo Coronel.<\/p><\/blockquote>\n<p>&nbsp;<\/p>\n<p>Por su parte, el intendente <strong>Ezequiel Galli<\/strong> expres\u00f3 que <strong>\u201cpara nosotros es un d\u00eda muy importante, que despu\u00e9s de 50 a\u00f1os el Instituto tenga su casa y que puede abrir sus puertas y poder hacer una recorrida en el marco de la Semana de la l\u201d.<\/strong><\/p>\n<p>&nbsp;<\/p>\n<p><img data-recalc-dims=\"1\" loading=\"lazy\" decoding=\"async\" class=\"aligncenter size-full wp-image-97330\" src=\"https:\/\/i0.wp.com\/cdnoticias.com\/wp-content\/uploads\/2023\/09\/Obras-Entrega-Llave-Instituto-N%C2%B047-1-scaled-1.jpg?resize=800%2C445&#038;ssl=1\" alt=\"\" width=\"800\" height=\"445\" srcset=\"https:\/\/i0.wp.com\/cdnoticias.com\/wp-content\/uploads\/2023\/09\/Obras-Entrega-Llave-Instituto-N%C2%B047-1-scaled-1.jpg?w=800&amp;ssl=1 800w, https:\/\/i0.wp.com\/cdnoticias.com\/wp-content\/uploads\/2023\/09\/Obras-Entrega-Llave-Instituto-N%C2%B047-1-scaled-1.jpg?resize=300%2C167&amp;ssl=1 300w, https:\/\/i0.wp.com\/cdnoticias.com\/wp-content\/uploads\/2023\/09\/Obras-Entrega-Llave-Instituto-N%C2%B047-1-scaled-1.jpg?resize=768%2C427&amp;ssl=1 768w\" sizes=\"auto, (max-width: 800px) 100vw, 800px\" \/><\/p>\n<p>&nbsp;<\/p>\n<p>\u201cRealmente es un d\u00eda de mucha emoci\u00f3n, cu\u00e1nto trabajamos y cu\u00e1ntas veces nos hicieron el pedido de la casa propia y se fue postergando por una cosa o por la otra, hasta que tom\u00e9 la decisi\u00f3n junto con el equipo de llevar adelante la construcci\u00f3n de este edificio y que el Instituto deje de estar mud\u00e1ndose de un lado para el otro\u201d, afirm\u00f3 el Intendente.<\/p>\n<p>&nbsp;<\/p>\n<p>\u201c<strong>Es una de las obras m\u00e1s importantes que hemos realizado en nuestros ocho a\u00f1os de gesti\u00f3n y no queremos que haya lugar a especulaciones, por eso lo vamos a hacer despu\u00e9s de las elecciones<\/strong>, pero bueno, sabemos que tienen un mont\u00f3n de cosas para hacer, tienen que llevar adelante un mont\u00f3n de tareas durante esta semana para ya empezar a funcionar en el nuevo edificio, en la nueva casa\u201d, concluy\u00f3 Galli.<\/p>\n","protected":false},"excerpt":{"rendered":"<p>Fue en el marco del inicio de los \u201cJuegos de la I\u201d. La inauguraci\u00f3n oficial ser\u00e1 el 23 de octubre.<\/p>\n","protected":false},"author":5,"featured_media":97329,"comment_status":"closed","ping_status":"closed","sticky":false,"template":"","format":"standard","meta":{"_jetpack_memberships_contains_paid_content":false,"footnotes":""},"categories":[5,1],"tags":[],"class_list":["post-97328","post","type-post","status-publish","format-standard","has-post-thumbnail","hentry","category-informacion-general","category-portada"],"jetpack_featured_media_url":"https:\/\/i0.wp.com\/cdnoticias.com\/wp-content\/uploads\/2023\/09\/Obras-Entrega-Llave-Instituto-N%C2%B047-2-scaled-1.jpg?fit=800%2C445&ssl=1","jetpack_sharing_enabled":true,"_links":{"self":[{"href":"https:\/\/cdnoticias.com\/index.php\/wp-json\/wp\/v2\/posts\/97328","targetHints":{"allow":["GET"]}}],"collection":[{"href":"https:\/\/cdnoticias.com\/index.php\/wp-json\/wp\/v2\/posts"}],"about":[{"href":"https:\/\/cdnoticias.com\/index.php\/wp-json\/wp\/v2\/types\/post"}],"author":[{"embeddable":true,"href":"https:\/\/cdnoticias.com\/index.php\/wp-json\/wp\/v2\/users\/5"}],"replies":[{"embeddable":true,"href":"https:\/\/cdnoticias.com\/index.php\/wp-json\/wp\/v2\/comments?post=97328"}],"version-history":[{"count":0,"href":"https:\/\/cdnoticias.com\/index.php\/wp-json\/wp\/v2\/posts\/97328\/revisions"}],"wp:featuredmedia":[{"embeddable":true,"href":"https:\/\/cdnoticias.com\/index.php\/wp-json\/wp\/v2\/media\/97329"}],"wp:attachment":[{"href":"https:\/\/cdnoticias.com\/index.php\/wp-json\/wp\/v2\/media?parent=97328"}],"wp:term":[{"taxonomy":"category","embeddable":true,"href":"https:\/\/cdnoticias.com\/index.php\/wp-json\/wp\/v2\/categories?post=97328"},{"taxonomy":"post_tag","embeddable":true,"href":"https:\/\/cdnoticias.com\/index.php\/wp-json\/wp\/v2\/tags?post=97328"}],"curies":[{"name":"wp","href":"https:\/\/api.w.org\/{rel}","templated":true}]}}