{"id":9730,"date":"2020-12-23T08:20:57","date_gmt":"2020-12-23T11:20:57","guid":{"rendered":"http:\/\/www.centraldenoticias.com.ar\/?p=9730"},"modified":"2020-12-23T08:20:57","modified_gmt":"2020-12-23T11:20:57","slug":"eduardo-rodolfo-rojas-q-e-p-d","status":"publish","type":"post","link":"https:\/\/cdnoticias.com\/index.php\/2020\/12\/23\/eduardo-rodolfo-rojas-q-e-p-d\/","title":{"rendered":"Eduardo Rodolfo Rojas (Q.E.P.D.)"},"content":{"rendered":"<p>Falleci\u00f3 en Olavarr\u00eda el d\u00eda 23 de diciembre de 2020 a los 69 a\u00f1os de edad.<\/p>\n<p>Su compa\u00f1era Stella Maris Garc\u00eda; sus hijos: Vanesa y Cristian; sus nietos: Eduardo, Ian y Theo; sus hermanos pol\u00edticos: Juan Jos\u00e9, Nanci Eva y Olga Beatriz, sus sobrinos: Macarena, Valeria, Y\u00e9sica, Facundo, Alberto y dem\u00e1s deudos participan su fallecimiento.<\/p>\n<p>Velatorio: Sala de Espa\u00f1a 2942 dto. B de 13:30 a 15:30 hs. Responso: Capilla Ardiente. Inhumaci\u00f3n: Cementerio Loma de Paz mi\u00e9rcoles 23\/12 a las 15:30 hs. Servicio adherido a Coopelectric.<\/p>\n<p>Barrio en el que viv\u00eda: San Vicente<\/p>\n<p>Lugar de nacimiento: Hinojo<\/p>\n<p>Actividad que desarrollaba: Jubilado de F\u00e1brica Loma Negra<\/p>\n","protected":false},"excerpt":{"rendered":"<p>Falleci\u00f3 en Olavarr\u00eda el d\u00eda 23 de diciembre de 2020 a los 69 a\u00f1os de edad. Su compa\u00f1era Stella Maris<\/p>\n","protected":false},"author":4,"featured_media":0,"comment_status":"closed","ping_status":"closed","sticky":false,"template":"","format":"standard","meta":{"_jetpack_memberships_contains_paid_content":false,"footnotes":""},"categories":[10],"tags":[],"class_list":["post-9730","post","type-post","status-publish","format-standard","hentry","category-necrologicas"],"jetpack_featured_media_url":"","jetpack_sharing_enabled":true,"_links":{"self":[{"href":"https:\/\/cdnoticias.com\/index.php\/wp-json\/wp\/v2\/posts\/9730","targetHints":{"allow":["GET"]}}],"collection":[{"href":"https:\/\/cdnoticias.com\/index.php\/wp-json\/wp\/v2\/posts"}],"about":[{"href":"https:\/\/cdnoticias.com\/index.php\/wp-json\/wp\/v2\/types\/post"}],"author":[{"embeddable":true,"href":"https:\/\/cdnoticias.com\/index.php\/wp-json\/wp\/v2\/users\/4"}],"replies":[{"embeddable":true,"href":"https:\/\/cdnoticias.com\/index.php\/wp-json\/wp\/v2\/comments?post=9730"}],"version-history":[{"count":0,"href":"https:\/\/cdnoticias.com\/index.php\/wp-json\/wp\/v2\/posts\/9730\/revisions"}],"wp:attachment":[{"href":"https:\/\/cdnoticias.com\/index.php\/wp-json\/wp\/v2\/media?parent=9730"}],"wp:term":[{"taxonomy":"category","embeddable":true,"href":"https:\/\/cdnoticias.com\/index.php\/wp-json\/wp\/v2\/categories?post=9730"},{"taxonomy":"post_tag","embeddable":true,"href":"https:\/\/cdnoticias.com\/index.php\/wp-json\/wp\/v2\/tags?post=9730"}],"curies":[{"name":"wp","href":"https:\/\/api.w.org\/{rel}","templated":true}]}}