{"id":9728,"date":"2020-12-23T08:10:42","date_gmt":"2020-12-23T11:10:42","guid":{"rendered":"http:\/\/www.centraldenoticias.com.ar\/?p=9728"},"modified":"2020-12-23T08:10:42","modified_gmt":"2020-12-23T11:10:42","slug":"maria-soledad-sanchez-sole-q-e-p-d","status":"publish","type":"post","link":"https:\/\/cdnoticias.com\/index.php\/2020\/12\/23\/maria-soledad-sanchez-sole-q-e-p-d\/","title":{"rendered":"Mar\u00eda Soledad S\u00e1nchez \u201cSole\u201d (Q.E.P.D.)"},"content":{"rendered":"<p>Falleci\u00f3 en CABA el d\u00eda 22 de diciembre de 2020 a los 39 a\u00f1os de edad. Su hijo Hilario Su\u00e1rez; su pap\u00e1 Eduardo S\u00e1nchez; su mam\u00e1 del coraz\u00f3n Claudia S\u00e1bato; sus hermanos: Mar\u00eda Noel y Germ\u00e1n; sus hermanos del coraz\u00f3n: Mar\u00eda P\u00eda, Mar\u00eda Celeste y Francisco Cravero; sus hermanos pol\u00edticos: Santiago Verdenelli, Juan Pablo Endere y Tom\u00e1s Nicolino; el pap\u00e1 de su hijo: Cristian Su\u00e1rez; sus t\u00edos; sus primos; sus sobrinos; sus amigos y dem\u00e1s deudos participan su fallecimiento.<\/p>\n<p>Velatorio: Sala de Espa\u00f1a 2942 dto. D de 12:30 a 14:30 hs. Responso: Cementerio Loma de Paz.<\/p>\n<p>Inhumaci\u00f3n: Cementerio Loma de Paz mi\u00e9rcoles 23\/12 a las 14:30 hs. Servicio adherido a Coopelectric.<\/p>\n<p>Barrio en el que viv\u00eda: Microcentro.<\/p>\n<p>Lugar de nacimiento: C\u00f3rdoba Capital.<\/p>\n<p>Actividad que desarrollaba: contadora p\u00fablica nacional.<\/p>\n","protected":false},"excerpt":{"rendered":"<p>Falleci\u00f3 en CABA el d\u00eda 22 de diciembre de 2020 a los 39 a\u00f1os de edad. Su hijo Hilario Su\u00e1rez;<\/p>\n","protected":false},"author":4,"featured_media":0,"comment_status":"closed","ping_status":"closed","sticky":false,"template":"","format":"standard","meta":{"_jetpack_memberships_contains_paid_content":false,"footnotes":""},"categories":[10],"tags":[],"class_list":["post-9728","post","type-post","status-publish","format-standard","hentry","category-necrologicas"],"jetpack_featured_media_url":"","jetpack_sharing_enabled":true,"_links":{"self":[{"href":"https:\/\/cdnoticias.com\/index.php\/wp-json\/wp\/v2\/posts\/9728","targetHints":{"allow":["GET"]}}],"collection":[{"href":"https:\/\/cdnoticias.com\/index.php\/wp-json\/wp\/v2\/posts"}],"about":[{"href":"https:\/\/cdnoticias.com\/index.php\/wp-json\/wp\/v2\/types\/post"}],"author":[{"embeddable":true,"href":"https:\/\/cdnoticias.com\/index.php\/wp-json\/wp\/v2\/users\/4"}],"replies":[{"embeddable":true,"href":"https:\/\/cdnoticias.com\/index.php\/wp-json\/wp\/v2\/comments?post=9728"}],"version-history":[{"count":0,"href":"https:\/\/cdnoticias.com\/index.php\/wp-json\/wp\/v2\/posts\/9728\/revisions"}],"wp:attachment":[{"href":"https:\/\/cdnoticias.com\/index.php\/wp-json\/wp\/v2\/media?parent=9728"}],"wp:term":[{"taxonomy":"category","embeddable":true,"href":"https:\/\/cdnoticias.com\/index.php\/wp-json\/wp\/v2\/categories?post=9728"},{"taxonomy":"post_tag","embeddable":true,"href":"https:\/\/cdnoticias.com\/index.php\/wp-json\/wp\/v2\/tags?post=9728"}],"curies":[{"name":"wp","href":"https:\/\/api.w.org\/{rel}","templated":true}]}}