{"id":97245,"date":"2023-09-23T18:00:17","date_gmt":"2023-09-23T21:00:17","guid":{"rendered":"https:\/\/www.centraldenoticias.com.ar\/?p=97245"},"modified":"2023-09-25T07:47:41","modified_gmt":"2023-09-25T10:47:41","slug":"que-cada-barrio-tenga-una-biblioteca-es-una-gran-ventaja-para-todos-los-lectores","status":"publish","type":"post","link":"https:\/\/cdnoticias.com\/index.php\/2023\/09\/23\/que-cada-barrio-tenga-una-biblioteca-es-una-gran-ventaja-para-todos-los-lectores\/","title":{"rendered":"&#8220;Que cada barrio tenga una biblioteca es una gran ventaja para todos los lectores&#8221;"},"content":{"rendered":"<p>En el marco del D\u00eda de las Bibliotecas Populares que se celebra cada 23 de septiembre, Central de Noticias dialog\u00f3 con Cristina Aguirre, bibliotecaria de la biblioteca &#8220;Coty Laborde&#8221; ubicada en Pueblo Nuevo. En total, entre Olavarr\u00eda y las localidades, actualmente se pueden encontrar 14 bibliotecas populares. <!--more--><\/p>\n<hr \/>\n<p>Cada <strong>23 de septiembre<\/strong> en Argentina se celebra el <strong>D\u00eda de las Bibliotecas Populares<\/strong> y en nuestra ciudad se cre\u00f3 una<strong> red de todas las bibliotecas<\/strong> que se encuentran activas actualmente.<\/p>\n<p>&nbsp;<\/p>\n<p><em>Central de Noticias<\/em> dialog\u00f3 con <strong>Cristina Aguirre,<\/strong> bibliotecaria de la <strong>biblioteca &#8220;Coty Laborde&#8221;<\/strong> ubicada en <strong>Pueblo Nuevo<\/strong>, m\u00e1s espec\u00edficamente en Coronel Su\u00e1rez 1795.<\/p>\n<p>&nbsp;<\/p>\n<p>La biblioteca &#8220;Coty Laborde&#8221; trabaja en los horarios de 9 a 12 y de 15 a 19. Cuenta con una gran variedad de talleres y trabaja articuladamente con instituciones y escuelas.<\/p>\n<p>&nbsp;<\/p>\n<p><img data-recalc-dims=\"1\" loading=\"lazy\" decoding=\"async\" class=\"aligncenter wp-image-97157 size-full\" src=\"https:\/\/i0.wp.com\/cdnoticias.com\/wp-content\/uploads\/2023\/09\/bibliotecas-populares-coty-laborde-3.jpeg?resize=800%2C600&#038;ssl=1\" alt=\"\" width=\"800\" height=\"600\" srcset=\"https:\/\/i0.wp.com\/cdnoticias.com\/wp-content\/uploads\/2023\/09\/bibliotecas-populares-coty-laborde-3.jpeg?w=1600&amp;ssl=1 1600w, https:\/\/i0.wp.com\/cdnoticias.com\/wp-content\/uploads\/2023\/09\/bibliotecas-populares-coty-laborde-3.jpeg?resize=300%2C225&amp;ssl=1 300w, https:\/\/i0.wp.com\/cdnoticias.com\/wp-content\/uploads\/2023\/09\/bibliotecas-populares-coty-laborde-3.jpeg?resize=1024%2C768&amp;ssl=1 1024w, https:\/\/i0.wp.com\/cdnoticias.com\/wp-content\/uploads\/2023\/09\/bibliotecas-populares-coty-laborde-3.jpeg?resize=768%2C576&amp;ssl=1 768w, https:\/\/i0.wp.com\/cdnoticias.com\/wp-content\/uploads\/2023\/09\/bibliotecas-populares-coty-laborde-3.jpeg?resize=1536%2C1152&amp;ssl=1 1536w\" sizes=\"auto, (max-width: 800px) 100vw, 800px\" \/><\/p>\n<p>&nbsp;<\/p>\n<p>&#8220;Soy una <strong>fan\u00e1tica de las bibliotecas populares<\/strong>. Pienso que para el lector es una gran ventaja tener bibliotecas disponibles porque por un precio econ\u00f3mico las bibliotecas estamos cobrando entre $600 pesos mensuales, $400 cobramos nosotros. Hay otras bibliotecas que cobran menos y el socio tiene acceso al n\u00famero que quiera de libros por mes&#8221; cont\u00f3 Aguirre.<\/p>\n<p>&nbsp;<\/p>\n<p>Adem\u00e1s se\u00f1al\u00f3 que actualmente &#8220;un libro infantil de tapa blanda est\u00e1 costando m\u00e1s o menos entre $5.000 y $6.000 pesos y de ah\u00ed para arriba. Las novelas est\u00e1n saliendo 10 mil y hasta $18.000 pesos. Para la persona que es lectora le conviene much\u00edsimo econ\u00f3micamente y por el otro lado la variedad que puede encontrar en una biblioteca&#8221;.<\/p>\n<p>&nbsp;<\/p>\n<blockquote><p>&#8220;Nosotros compramos los libros en relaci\u00f3n o en consideraci\u00f3n a la sugerencia de los socios, entonces tenemos una linda variedad de g\u00e9neros. En ese sentido lo considero muy importante y que cada barrio tenga una biblioteca es una gran ventaja para todos los lectores&#8221; remarc\u00f3 la bibliotecaria.<\/p><\/blockquote>\n<p>&nbsp;<\/p>\n<p><img data-recalc-dims=\"1\" loading=\"lazy\" decoding=\"async\" class=\"aligncenter wp-image-97158 size-full\" src=\"https:\/\/i0.wp.com\/cdnoticias.com\/wp-content\/uploads\/2023\/09\/bibliotecas-populares-coty-laborde-4.jpeg?resize=800%2C600&#038;ssl=1\" alt=\"\" width=\"800\" height=\"600\" srcset=\"https:\/\/i0.wp.com\/cdnoticias.com\/wp-content\/uploads\/2023\/09\/bibliotecas-populares-coty-laborde-4.jpeg?w=1080&amp;ssl=1 1080w, https:\/\/i0.wp.com\/cdnoticias.com\/wp-content\/uploads\/2023\/09\/bibliotecas-populares-coty-laborde-4.jpeg?resize=300%2C225&amp;ssl=1 300w, https:\/\/i0.wp.com\/cdnoticias.com\/wp-content\/uploads\/2023\/09\/bibliotecas-populares-coty-laborde-4.jpeg?resize=1024%2C768&amp;ssl=1 1024w, https:\/\/i0.wp.com\/cdnoticias.com\/wp-content\/uploads\/2023\/09\/bibliotecas-populares-coty-laborde-4.jpeg?resize=768%2C576&amp;ssl=1 768w\" sizes=\"auto, (max-width: 800px) 100vw, 800px\" \/><\/p>\n<p>&nbsp;<\/p>\n<p>Actualmente la biblioteca &#8220;Coty Laborde&#8221; cuenta con alrededor de <strong>270 socios activos de todas las edades:<\/strong> &#8220;<em>El perfil en este momento de la mayor\u00eda de los lectores es buscar una lectura recreativa en la biblioteca. Tambi\u00e9n tenemos socios que vienen a estudiar y a los talleres<\/em>&#8221; indic\u00f3 Aguirre.<\/p>\n<p>&nbsp;<\/p>\n<p>En tanto, Aguirre asegur\u00f3 que &#8220;trabajamos bastante con las instituciones y escuelas. Trabajamos con la escuela 4, tambi\u00e9n con el Instituto 22 y despu\u00e9s cualquier jard\u00edn o escuela sea del barrio o no que nos pidan visitas no hay ning\u00fan problema&#8221;.<\/p>\n<p>&nbsp;<\/p>\n<p>Los <strong>talleres que se pueden encontrar en esta biblioteca<\/strong> son: taller de italiano con diferentes niveles, yoga, los talleres de la Municipalidad literarios que son de narrativa y poes\u00eda, el taller de la memoria y el taller de ajedrez, tambi\u00e9n de la Municipalidad.<\/p>\n<p>&nbsp;<\/p>\n<p><img data-recalc-dims=\"1\" loading=\"lazy\" decoding=\"async\" class=\"aligncenter wp-image-97160 size-full\" src=\"https:\/\/i0.wp.com\/cdnoticias.com\/wp-content\/uploads\/2023\/09\/bibliotecas-populares-coty-laborde-1.jpeg?resize=800%2C600&#038;ssl=1\" alt=\"\" width=\"800\" height=\"600\" srcset=\"https:\/\/i0.wp.com\/cdnoticias.com\/wp-content\/uploads\/2023\/09\/bibliotecas-populares-coty-laborde-1.jpeg?w=1600&amp;ssl=1 1600w, https:\/\/i0.wp.com\/cdnoticias.com\/wp-content\/uploads\/2023\/09\/bibliotecas-populares-coty-laborde-1.jpeg?resize=300%2C225&amp;ssl=1 300w, https:\/\/i0.wp.com\/cdnoticias.com\/wp-content\/uploads\/2023\/09\/bibliotecas-populares-coty-laborde-1.jpeg?resize=1024%2C768&amp;ssl=1 1024w, https:\/\/i0.wp.com\/cdnoticias.com\/wp-content\/uploads\/2023\/09\/bibliotecas-populares-coty-laborde-1.jpeg?resize=768%2C576&amp;ssl=1 768w, https:\/\/i0.wp.com\/cdnoticias.com\/wp-content\/uploads\/2023\/09\/bibliotecas-populares-coty-laborde-1.jpeg?resize=1536%2C1152&amp;ssl=1 1536w\" sizes=\"auto, (max-width: 800px) 100vw, 800px\" \/><\/p>\n<p>&nbsp;<\/p>\n<p><strong>Red de bibliotecas populares<\/strong><\/p>\n<p>&nbsp;<\/p>\n<p>Aguirre cont\u00f3 que <strong>empezaron a trabajar en red con las bibliotecas populares el a\u00f1o pasado<\/strong> a partir del \u00e1rea de comunicaci\u00f3n de la Facultad de Ciencias Sociales: &#8220;Armamos un grupo de bibliotecas en el Whatsapp, as\u00ed que nos vemos manejado pr\u00e1cticamente con el grupo y despu\u00e9s algunas reuniones que se hacen en las distintas sedes&#8221;.<\/p>\n<p>&nbsp;<\/p>\n<p>El a\u00f1o pasado realizaron un &#8220;festival donde llevamos stands, folletos, ofrecimiento de libros repetidos para vender, otras bibliotecas presentaron m\u00fasica. Este a\u00f1o hicimos la &#8220;<strong>Noche de las Bibliotecas<\/strong>&#8221; que fue una actividad especial todas el mismo d\u00eda y se realiz\u00f3 a la noche&#8221;.<\/p>\n<p>&nbsp;<\/p>\n<p><img data-recalc-dims=\"1\" loading=\"lazy\" decoding=\"async\" class=\"alignnone size-full wp-image-97246\" src=\"https:\/\/i0.wp.com\/cdnoticias.com\/wp-content\/uploads\/2023\/09\/bibliotecas-populares-olavarria.jpeg?resize=800%2C450&#038;ssl=1\" alt=\"\" width=\"800\" height=\"450\" srcset=\"https:\/\/i0.wp.com\/cdnoticias.com\/wp-content\/uploads\/2023\/09\/bibliotecas-populares-olavarria.jpeg?w=1280&amp;ssl=1 1280w, https:\/\/i0.wp.com\/cdnoticias.com\/wp-content\/uploads\/2023\/09\/bibliotecas-populares-olavarria.jpeg?resize=300%2C169&amp;ssl=1 300w, https:\/\/i0.wp.com\/cdnoticias.com\/wp-content\/uploads\/2023\/09\/bibliotecas-populares-olavarria.jpeg?resize=1024%2C576&amp;ssl=1 1024w, https:\/\/i0.wp.com\/cdnoticias.com\/wp-content\/uploads\/2023\/09\/bibliotecas-populares-olavarria.jpeg?resize=768%2C432&amp;ssl=1 768w\" sizes=\"auto, (max-width: 800px) 100vw, 800px\" \/><\/p>\n<p>&nbsp;<\/p>\n<p>&#8220;El \u00faltimo encuentro que tuvimos como red fue ahora en la <strong>Feria del Libro<\/strong>, donde compartimos informaci\u00f3n a trav\u00e9s de un folleto con la ubicaci\u00f3n de todas las bibliotecas populares. Creo que cumplimos un rol social que es muy importante en este momento&#8221; cerr\u00f3 Aguirre.<\/p>\n<p>&nbsp;<\/p>\n<p><img data-recalc-dims=\"1\" loading=\"lazy\" decoding=\"async\" class=\"alignnone size-full wp-image-97159\" src=\"https:\/\/i0.wp.com\/cdnoticias.com\/wp-content\/uploads\/2023\/09\/bibliotecas-populares-coty-laborde-5.jpeg?resize=800%2C450&#038;ssl=1\" alt=\"\" width=\"800\" height=\"450\" srcset=\"https:\/\/i0.wp.com\/cdnoticias.com\/wp-content\/uploads\/2023\/09\/bibliotecas-populares-coty-laborde-5.jpeg?w=1080&amp;ssl=1 1080w, https:\/\/i0.wp.com\/cdnoticias.com\/wp-content\/uploads\/2023\/09\/bibliotecas-populares-coty-laborde-5.jpeg?resize=300%2C169&amp;ssl=1 300w, https:\/\/i0.wp.com\/cdnoticias.com\/wp-content\/uploads\/2023\/09\/bibliotecas-populares-coty-laborde-5.jpeg?resize=1024%2C576&amp;ssl=1 1024w, https:\/\/i0.wp.com\/cdnoticias.com\/wp-content\/uploads\/2023\/09\/bibliotecas-populares-coty-laborde-5.jpeg?resize=768%2C432&amp;ssl=1 768w\" sizes=\"auto, (max-width: 800px) 100vw, 800px\" \/><\/p>\n<p>&nbsp;<\/p>\n","protected":false},"excerpt":{"rendered":"<p>En el marco del D\u00eda de las Bibliotecas Populares que se celebra cada 23 de septiembre, Central de Noticias dialog\u00f3<\/p>\n","protected":false},"author":6,"featured_media":97156,"comment_status":"closed","ping_status":"closed","sticky":false,"template":"","format":"standard","meta":{"_jetpack_memberships_contains_paid_content":false,"footnotes":""},"categories":[9,1],"tags":[],"class_list":["post-97245","post","type-post","status-publish","format-standard","has-post-thumbnail","hentry","category-cultura","category-portada"],"jetpack_featured_media_url":"https:\/\/i0.wp.com\/cdnoticias.com\/wp-content\/uploads\/2023\/09\/bibliotecas-populares-coty-laborde-2.jpeg?fit=1600%2C1200&ssl=1","jetpack_sharing_enabled":true,"_links":{"self":[{"href":"https:\/\/cdnoticias.com\/index.php\/wp-json\/wp\/v2\/posts\/97245","targetHints":{"allow":["GET"]}}],"collection":[{"href":"https:\/\/cdnoticias.com\/index.php\/wp-json\/wp\/v2\/posts"}],"about":[{"href":"https:\/\/cdnoticias.com\/index.php\/wp-json\/wp\/v2\/types\/post"}],"author":[{"embeddable":true,"href":"https:\/\/cdnoticias.com\/index.php\/wp-json\/wp\/v2\/users\/6"}],"replies":[{"embeddable":true,"href":"https:\/\/cdnoticias.com\/index.php\/wp-json\/wp\/v2\/comments?post=97245"}],"version-history":[{"count":0,"href":"https:\/\/cdnoticias.com\/index.php\/wp-json\/wp\/v2\/posts\/97245\/revisions"}],"wp:featuredmedia":[{"embeddable":true,"href":"https:\/\/cdnoticias.com\/index.php\/wp-json\/wp\/v2\/media\/97156"}],"wp:attachment":[{"href":"https:\/\/cdnoticias.com\/index.php\/wp-json\/wp\/v2\/media?parent=97245"}],"wp:term":[{"taxonomy":"category","embeddable":true,"href":"https:\/\/cdnoticias.com\/index.php\/wp-json\/wp\/v2\/categories?post=97245"},{"taxonomy":"post_tag","embeddable":true,"href":"https:\/\/cdnoticias.com\/index.php\/wp-json\/wp\/v2\/tags?post=97245"}],"curies":[{"name":"wp","href":"https:\/\/api.w.org\/{rel}","templated":true}]}}