{"id":97230,"date":"2023-09-23T12:58:42","date_gmt":"2023-09-23T15:58:42","guid":{"rendered":"https:\/\/www.centraldenoticias.com.ar\/?p=97230"},"modified":"2023-09-23T12:58:42","modified_gmt":"2023-09-23T15:58:42","slug":"el-consejo-de-seguridad-abordo-la-situacion-rural-y-de-robos-a-comercios-centricos","status":"publish","type":"post","link":"https:\/\/cdnoticias.com\/index.php\/2023\/09\/23\/el-consejo-de-seguridad-abordo-la-situacion-rural-y-de-robos-a-comercios-centricos\/","title":{"rendered":"El Consejo de Seguridad abord\u00f3 la situaci\u00f3n rural y de robos a comercios c\u00e9ntricos"},"content":{"rendered":"<p>Fue en la \u00faltima reuni\u00f3n. Desde el Ministerio P\u00fablico se indic\u00f3 que hubo una baja en la cantidad de delitos rurales. Tambi\u00e9n se plantearon los hechos registrados en el centro de Olavarr\u00eda.<\/p>\n<p><!--more--><\/p>\n<hr \/>\n<p>En el cierre de la tarde del \u00faltimo mi\u00e9rcoles el Sal\u00f3n Blanco del Palacio Municipal fue sede de una <strong>nueva reuni\u00f3n del Consejo Municipal de Seguridad<\/strong>, que cont\u00f3 con la participaci\u00f3n activa de referentes e integrantes de distintas instituciones del Partido de Olavarr\u00eda.<\/p>\n<p>&nbsp;<\/p>\n<p>La actividad fue <strong>encabezada por el Subsecretario de Seguridad Mario Busto<\/strong>. En representaci\u00f3n del Concejo Deliberante concurri\u00f3<strong> Sebasti\u00e1n Matrella<\/strong>, quien adem\u00e1s se integra la <strong>Comisi\u00f3n de Seguridad del cuerpo deliberativo de nuestra ciudad<\/strong>.<\/p>\n<p>&nbsp;<\/p>\n<p>Por el<strong> Ministerio P\u00fablico Fiscal<\/strong> concurri\u00f3 el doctor Juan Ma\u00f1ero, mientras que por la <strong>polic\u00eda Bonaerense<\/strong> lo hizo <em>el comisario Leandro Scavuzzo, titular de la Estaci\u00f3n de Polic\u00eda Departamental Olavarr\u00eda, quien asisti\u00f3 acompa\u00f1ado de los jefes del Comando de Patrullas Olavarr\u00eda, de la Comisaria Segunda, de la Comisaria Primera, y de la Unidad de Polic\u00eda de Prevenci\u00f3n Local<\/em>.<\/p>\n<p>&nbsp;<\/p>\n<p>Adem\u00e1s, del \u00e1mbito de seguridad rural de la polic\u00eda Bonaerenses se hicieron presentes el<strong> Jefe Zonal de la Coordinaci\u00f3n Olavarr\u00eda comisario Andr\u00e9s Dore<\/strong>, adem\u00e1s del jefe de la Patrulla Rural de Olavarr\u00eda.<\/p>\n<p>&nbsp;<\/p>\n<p>Tambi\u00e9n se cont\u00f3 con referentes de la <strong>C\u00e1mara Empresaria, la Sociedad Rural, Cooperativa Agraria, productores autoconvocados y referentes barriales<\/strong> de distintos puntos de la ciudad.<\/p>\n<p>&nbsp;<\/p>\n<p>Como sucede al inicio de cada encuentro,<strong> el Subsecretario Busto brind\u00f3 un detalle acerca de los recursos destinados<\/strong> desde la Municipalidad de Olavarr\u00eda para acompa\u00f1ar los esfuerzos preventivos y de seguridad en todo el Partido, a trav\u00e9s de -por ejemplo- combustible, reparaciones o pagos de horas adicionales al personal.<\/p>\n<p>&nbsp;<\/p>\n<blockquote><p>Uno de los temas m\u00e1s destacados fue la seguridad rural, en lo cual se advirti\u00f3 una baja en la cifra de hechos. En ese marco se abord\u00f3 adem\u00e1s la situaci\u00f3n particular de los denominados \u201cgalgueros\u201d, ocasi\u00f3n en la que el doctor Ma\u00f1ero detall\u00f3 c\u00f3mo se combate esa problem\u00e1tica y explic\u00f3 tambi\u00e9n el marco legal correspondiente. All\u00ed se ejemplific\u00f3 adem\u00e1s con hechos recientes en los que fueron infraccionadas las personas implicadas.<\/p><\/blockquote>\n<p>&nbsp;<\/p>\n<p>Tambi\u00e9n se mencionaron los <strong>hechos registrados en el centro local, que tuvieron como damnificados a comercios<\/strong>. De similar forma, se explic\u00f3 c\u00f3mo fue la identificaci\u00f3n de los autores, en lo que las c\u00e1maras de seguridad del Centro de Monitoreo Municipal cumplieron un rol clave. Cada una de esas personas ya fueron puestas a disposici\u00f3n de la justicia.<\/p>\n<p>&nbsp;<\/p>\n<p>En ese sentido, tambi\u00e9n se explic\u00f3 a los presentes c\u00f3mo avanza el <strong>proceso de incorporaci\u00f3n de nuevos dispositivos a la red de monitoreo municipal<\/strong>, que de esta manera dice presente cada vez en m\u00e1s barrios de la ciudad<\/p>\n<p>&nbsp;<\/p>\n","protected":false},"excerpt":{"rendered":"<p>Fue en la \u00faltima reuni\u00f3n. Desde el Ministerio P\u00fablico se indic\u00f3 que hubo una baja en la cantidad de delitos<\/p>\n","protected":false},"author":4,"featured_media":97224,"comment_status":"closed","ping_status":"closed","sticky":false,"template":"","format":"standard","meta":{"_jetpack_memberships_contains_paid_content":false,"footnotes":""},"categories":[14,1],"tags":[],"class_list":["post-97230","post","type-post","status-publish","format-standard","has-post-thumbnail","hentry","category-policiales","category-portada"],"jetpack_featured_media_url":"https:\/\/i0.wp.com\/cdnoticias.com\/wp-content\/uploads\/2023\/09\/consejo-de-seguridad-municipal-00.jpg?fit=800%2C445&ssl=1","jetpack_sharing_enabled":true,"_links":{"self":[{"href":"https:\/\/cdnoticias.com\/index.php\/wp-json\/wp\/v2\/posts\/97230","targetHints":{"allow":["GET"]}}],"collection":[{"href":"https:\/\/cdnoticias.com\/index.php\/wp-json\/wp\/v2\/posts"}],"about":[{"href":"https:\/\/cdnoticias.com\/index.php\/wp-json\/wp\/v2\/types\/post"}],"author":[{"embeddable":true,"href":"https:\/\/cdnoticias.com\/index.php\/wp-json\/wp\/v2\/users\/4"}],"replies":[{"embeddable":true,"href":"https:\/\/cdnoticias.com\/index.php\/wp-json\/wp\/v2\/comments?post=97230"}],"version-history":[{"count":0,"href":"https:\/\/cdnoticias.com\/index.php\/wp-json\/wp\/v2\/posts\/97230\/revisions"}],"wp:featuredmedia":[{"embeddable":true,"href":"https:\/\/cdnoticias.com\/index.php\/wp-json\/wp\/v2\/media\/97224"}],"wp:attachment":[{"href":"https:\/\/cdnoticias.com\/index.php\/wp-json\/wp\/v2\/media?parent=97230"}],"wp:term":[{"taxonomy":"category","embeddable":true,"href":"https:\/\/cdnoticias.com\/index.php\/wp-json\/wp\/v2\/categories?post=97230"},{"taxonomy":"post_tag","embeddable":true,"href":"https:\/\/cdnoticias.com\/index.php\/wp-json\/wp\/v2\/tags?post=97230"}],"curies":[{"name":"wp","href":"https:\/\/api.w.org\/{rel}","templated":true}]}}