{"id":97222,"date":"2023-09-23T12:12:18","date_gmt":"2023-09-23T15:12:18","guid":{"rendered":"https:\/\/www.centraldenoticias.com.ar\/?p=97222"},"modified":"2023-09-23T17:59:35","modified_gmt":"2023-09-23T20:59:35","slug":"allanamiento-en-barrio-la-arana-por-difusion-de-material-de-abuso-sexual-infantil","status":"publish","type":"post","link":"https:\/\/cdnoticias.com\/index.php\/2023\/09\/23\/allanamiento-en-barrio-la-arana-por-difusion-de-material-de-abuso-sexual-infantil\/","title":{"rendered":"Allanamiento en barrio La Ara\u00f1a por difusi\u00f3n de material de abuso sexual infantil"},"content":{"rendered":"<p>El procedimiento ordenado por la UFI N\u00ba 22 y a cargo de la Sub DDI de Olavarr\u00eda se realiz\u00f3 este viernes. Tuvo resultado positivo.<\/p>\n<p><!--more--><\/p>\n<hr \/>\n<p>Se concret\u00f3 <strong>un allanamiento en barrio La Ara\u00f1a<\/strong> de Olavarr\u00eda en el marco de <strong>una investigaci\u00f3n por difusi\u00f3n de material de abuso sexual infantil<\/strong>.<\/p>\n<p>&nbsp;<\/p>\n<p>Personal de la <strong>Sub DDI de Olavarr\u00eda<\/strong> procedi\u00f3 a efectivizar la <strong>orden de allanamiento<\/strong> emanada por el <strong>Juzgado de Garant\u00edas Nro. 1<\/strong> a cargo de la jueza Fabiana San Roman, en <strong>un domicilio ubicado en el barrio La Ara\u00f1a este viernes por la ma\u00f1ana<\/strong>.<\/p>\n<p>&nbsp;<\/p>\n<blockquote><p>Se explic\u00f3 que la diligencia tuvo su g\u00e9nesis en reportes emitidos por NCMEC (National Center for Missing and Exploited Children) en el cual constaba que desde un domicilio de nuestra localidad se habr\u00edan emitido videos con contenido de material de abuso sexual infantil.<\/p><\/blockquote>\n<p>&nbsp;<\/p>\n<p>Con ello se iniciaron las<strong> labores investigativas<\/strong> llevada a cabo por <strong>personal policial<\/strong> bajo <strong>instrucci\u00f3n del fiscal Lucas Moyano\u00a0 de la UFI N\u00b0 22<\/strong> de \u201cEstupefacientes- Trata de Personas &#8211; Cibercrimen Grooming y Pornograf\u00eda Infantil\u201d. Las actuaciones se caratularon \u201ctenencia de representaciones sexuales de menores de 18 a\u00f1os con fines de distribuci\u00f3n o comercializaci\u00f3n\u201d.<\/p>\n<p>&nbsp;<\/p>\n<blockquote><p>Respecto al resultado del procedimiento, se inform\u00f3 que fue positivo ya que se efectiviz\u00f3 el secuestro de varios elementos que posteriormente ser\u00e1n periciados. En concreto, fueron incautados un CPU y varios tel\u00e9fonos celulares los cuales podr\u00edan tener almacenada informaci\u00f3n relevante para la investigaci\u00f3n.<\/p><\/blockquote>\n<p>&nbsp;<\/p>\n","protected":false},"excerpt":{"rendered":"<p>El procedimiento ordenado por la UFI N\u00ba 22 y a cargo de la Sub DDI de Olavarr\u00eda se realiz\u00f3 este<\/p>\n","protected":false},"author":4,"featured_media":56391,"comment_status":"closed","ping_status":"closed","sticky":false,"template":"","format":"standard","meta":{"_jetpack_memberships_contains_paid_content":false,"footnotes":""},"categories":[14,1],"tags":[],"class_list":["post-97222","post","type-post","status-publish","format-standard","has-post-thumbnail","hentry","category-policiales","category-portada"],"jetpack_featured_media_url":"https:\/\/i0.wp.com\/cdnoticias.com\/wp-content\/uploads\/2022\/06\/SubDDI.jpeg?fit=1040%2C780&ssl=1","jetpack_sharing_enabled":true,"_links":{"self":[{"href":"https:\/\/cdnoticias.com\/index.php\/wp-json\/wp\/v2\/posts\/97222","targetHints":{"allow":["GET"]}}],"collection":[{"href":"https:\/\/cdnoticias.com\/index.php\/wp-json\/wp\/v2\/posts"}],"about":[{"href":"https:\/\/cdnoticias.com\/index.php\/wp-json\/wp\/v2\/types\/post"}],"author":[{"embeddable":true,"href":"https:\/\/cdnoticias.com\/index.php\/wp-json\/wp\/v2\/users\/4"}],"replies":[{"embeddable":true,"href":"https:\/\/cdnoticias.com\/index.php\/wp-json\/wp\/v2\/comments?post=97222"}],"version-history":[{"count":0,"href":"https:\/\/cdnoticias.com\/index.php\/wp-json\/wp\/v2\/posts\/97222\/revisions"}],"wp:featuredmedia":[{"embeddable":true,"href":"https:\/\/cdnoticias.com\/index.php\/wp-json\/wp\/v2\/media\/56391"}],"wp:attachment":[{"href":"https:\/\/cdnoticias.com\/index.php\/wp-json\/wp\/v2\/media?parent=97222"}],"wp:term":[{"taxonomy":"category","embeddable":true,"href":"https:\/\/cdnoticias.com\/index.php\/wp-json\/wp\/v2\/categories?post=97222"},{"taxonomy":"post_tag","embeddable":true,"href":"https:\/\/cdnoticias.com\/index.php\/wp-json\/wp\/v2\/tags?post=97222"}],"curies":[{"name":"wp","href":"https:\/\/api.w.org\/{rel}","templated":true}]}}