{"id":97206,"date":"2023-09-23T16:07:40","date_gmt":"2023-09-23T19:07:40","guid":{"rendered":"https:\/\/www.centraldenoticias.com.ar\/?p=97206"},"modified":"2023-09-25T07:53:57","modified_gmt":"2023-09-25T10:53:57","slug":"un-joven-fue-detenido-acusado-de-intento-de-homicidio","status":"publish","type":"post","link":"https:\/\/cdnoticias.com\/index.php\/2023\/09\/23\/un-joven-fue-detenido-acusado-de-intento-de-homicidio\/","title":{"rendered":"Un joven fue detenido acusado de intento de homicidio"},"content":{"rendered":"<p>Los hechos se dieron el lunes en San Vicente Sur. Un hombre result\u00f3 herido con dos puntazos. El acusado fue arrestado en Alsina entre Rend\u00f3n y Cort\u00e9s.<\/p>\n<p><!--more--><\/p>\n<hr \/>\n<p><strong>Un joven fue detenido este viernes<\/strong> acusado de<strong> intento de homicidio<\/strong> en relaci\u00f3n a hechos que se dieron el lunes en <strong>barrio San Vicente Sur<\/strong>.<\/p>\n<p>&nbsp;<\/p>\n<blockquote><p>Seg\u00fan se inform\u00f3, personal de la Comisar\u00eda Primera procedi\u00f3 este viernes a arrestar a Mateo Uriel Borda, de 18 a\u00f1os, en la v\u00eda p\u00fablica en Alsina entre Rend\u00f3n y Cort\u00e9s.<\/p><\/blockquote>\n<p>&nbsp;<\/p>\n<p>Pesaba sobre Borda una <strong>orden de detenci\u00f3n por \u201chomicidio simple en grado de tentativa\u201d<\/strong> emitida por la Justicia de Garant\u00edas a solicitud de la UFI N\u00ba 7 a cargo del fiscal Christian Url\u00e9zaga.<\/p>\n<p>&nbsp;<\/p>\n<p>Efectivos policiales llevaron a cabo un <strong>operativo encubierto<\/strong> para interceptar al joven. Tras el arresto fue alojado en la sede de Comisar\u00eda Primera y <strong>este s\u00e1bado Borda fue citado para su declaraci\u00f3n en la UFI N\u00ba 7.<\/strong><\/p>\n<p>&nbsp;<\/p>\n<p><strong>Central de Noticias<\/strong> pudo saber que <strong>Borda est\u00e1 acusado de haber apu\u00f1alado a un joven<\/strong> el lunes 18 de septiembre en <strong>Avellaneda al 3100<\/strong>, casi 25 de Mayo. <strong>La v\u00edctima result\u00f3 con dos heridas de arma blanca en el pecho y en una pierna<\/strong>.<\/p>\n<p>&nbsp;<\/p>\n<p>Tras el ataque, <strong>el agresor huy\u00f3 de la escena del delito<\/strong>. Las tareas investigativas a cargo de la Comisar\u00eda Primera y de la UFI N\u00ba 7 lograron establecer la autor\u00eda. Con ello se solicit\u00f3 la orden de detenci\u00f3n, medida que se hizo efectiva el viernes.<\/p>\n<p>&nbsp;<\/p>\n","protected":false},"excerpt":{"rendered":"<p>Los hechos se dieron el lunes en San Vicente Sur. Un hombre result\u00f3 herido con dos puntazos. El acusado fue<\/p>\n","protected":false},"author":4,"featured_media":97207,"comment_status":"closed","ping_status":"closed","sticky":false,"template":"","format":"standard","meta":{"_jetpack_memberships_contains_paid_content":false,"footnotes":""},"categories":[14,1],"tags":[],"class_list":["post-97206","post","type-post","status-publish","format-standard","has-post-thumbnail","hentry","category-policiales","category-portada"],"jetpack_featured_media_url":"https:\/\/i0.wp.com\/cdnoticias.com\/wp-content\/uploads\/2023\/09\/detenido-intento-de-homicidio-00.jpg?fit=800%2C445&ssl=1","jetpack_sharing_enabled":true,"_links":{"self":[{"href":"https:\/\/cdnoticias.com\/index.php\/wp-json\/wp\/v2\/posts\/97206","targetHints":{"allow":["GET"]}}],"collection":[{"href":"https:\/\/cdnoticias.com\/index.php\/wp-json\/wp\/v2\/posts"}],"about":[{"href":"https:\/\/cdnoticias.com\/index.php\/wp-json\/wp\/v2\/types\/post"}],"author":[{"embeddable":true,"href":"https:\/\/cdnoticias.com\/index.php\/wp-json\/wp\/v2\/users\/4"}],"replies":[{"embeddable":true,"href":"https:\/\/cdnoticias.com\/index.php\/wp-json\/wp\/v2\/comments?post=97206"}],"version-history":[{"count":0,"href":"https:\/\/cdnoticias.com\/index.php\/wp-json\/wp\/v2\/posts\/97206\/revisions"}],"wp:featuredmedia":[{"embeddable":true,"href":"https:\/\/cdnoticias.com\/index.php\/wp-json\/wp\/v2\/media\/97207"}],"wp:attachment":[{"href":"https:\/\/cdnoticias.com\/index.php\/wp-json\/wp\/v2\/media?parent=97206"}],"wp:term":[{"taxonomy":"category","embeddable":true,"href":"https:\/\/cdnoticias.com\/index.php\/wp-json\/wp\/v2\/categories?post=97206"},{"taxonomy":"post_tag","embeddable":true,"href":"https:\/\/cdnoticias.com\/index.php\/wp-json\/wp\/v2\/tags?post=97206"}],"curies":[{"name":"wp","href":"https:\/\/api.w.org\/{rel}","templated":true}]}}