{"id":972,"date":"2020-09-07T16:01:41","date_gmt":"2020-09-07T19:01:41","guid":{"rendered":"http:\/\/www.centraldenoticias.com.ar\/?p=972"},"modified":"2020-09-07T16:04:08","modified_gmt":"2020-09-07T19:04:08","slug":"infracciones-secuestros-y-demorados-en-operativos-de-la-patrulla-rural","status":"publish","type":"post","link":"https:\/\/cdnoticias.com\/index.php\/2020\/09\/07\/infracciones-secuestros-y-demorados-en-operativos-de-la-patrulla-rural\/","title":{"rendered":"Infracciones, secuestros y demorados en operativos de la Patrulla Rural"},"content":{"rendered":"<p>Las tareas preventivas se desarrollaron durante los \u00faltimos d\u00edas en rutas y caminos vecinales del partido, logr\u00e1ndose el secuestro de varios veh\u00edculos y la identificaci\u00f3n de m\u00e1s de medio centenar de personas. En ese marco, varias de ellas fueron<strong> infraccionadas por no cumplir con el aislamiento social, preventivo y obligatorio y por la pr\u00e1ctica de la caza furtiva<\/strong><\/p>\n<hr \/>\n<p>&nbsp;<\/p>\n<p>En los \u00faltimos d\u00edas tanto en Olavarr\u00eda como en cada uno de los distritos que componen la Coordinaci\u00f3n Zonal de Seguridad Rural que tiene su cabecera en nuestra ciudad se despleg\u00f3 <strong>un importante operativo y despliegue de seguridad y prevenci\u00f3n, con el objetivo de controlar el cumplimiento del aislamiento social, preventivo y obligatorio, adem\u00e1s de evitar casos de caza furtiva y faltas en general en el \u00e1mbito rural.<\/strong><\/p>\n<p>&nbsp;<\/p>\n<p>En ese marco en el partido de Olavarr\u00eda se lograron importantes resultados, tal es as\u00ed que <strong>se labraron 15 infracciones por incumplimiento de la cuarentena y otras 14 por la pr\u00e1ctica de la caza ilegal<\/strong>, en su mayor\u00eda con la utilizaci\u00f3n de perros galgos, al punto que fueron decomisados m\u00e1s de 20 de esos canes.<\/p>\n<p>&nbsp;<\/p>\n<p>A la par, se labraron un centenar de causas por diversas infracciones a la Ley de Tr\u00e1nsito, secuestr\u00e1ndose 5 veh\u00edculos. En total <strong>se identificaron 67 personas, 16 transportes y alrededor de 300 animales<\/strong>. Resultados similares se dieron en el resto de las ciudades que componen la Coordinaci\u00f3n Zonal que tiene como titular al comisario inspector Hern\u00e1n Aranz\u00e1bal.<\/p>\n","protected":false},"excerpt":{"rendered":"<p>Las tareas preventivas se desarrollaron durante los \u00faltimos d\u00edas en rutas y caminos vecinales del partido, logr\u00e1ndose el secuestro de<\/p>\n","protected":false},"author":3,"featured_media":973,"comment_status":"closed","ping_status":"closed","sticky":false,"template":"","format":"standard","meta":{"_jetpack_memberships_contains_paid_content":false,"footnotes":""},"categories":[5,1],"tags":[],"class_list":["post-972","post","type-post","status-publish","format-standard","has-post-thumbnail","hentry","category-informacion-general","category-portada"],"jetpack_featured_media_url":"https:\/\/i0.wp.com\/cdnoticias.com\/wp-content\/uploads\/2020\/09\/patrulla-rural.jpg?fit=1179%2C577&ssl=1","jetpack_sharing_enabled":true,"_links":{"self":[{"href":"https:\/\/cdnoticias.com\/index.php\/wp-json\/wp\/v2\/posts\/972","targetHints":{"allow":["GET"]}}],"collection":[{"href":"https:\/\/cdnoticias.com\/index.php\/wp-json\/wp\/v2\/posts"}],"about":[{"href":"https:\/\/cdnoticias.com\/index.php\/wp-json\/wp\/v2\/types\/post"}],"author":[{"embeddable":true,"href":"https:\/\/cdnoticias.com\/index.php\/wp-json\/wp\/v2\/users\/3"}],"replies":[{"embeddable":true,"href":"https:\/\/cdnoticias.com\/index.php\/wp-json\/wp\/v2\/comments?post=972"}],"version-history":[{"count":0,"href":"https:\/\/cdnoticias.com\/index.php\/wp-json\/wp\/v2\/posts\/972\/revisions"}],"wp:featuredmedia":[{"embeddable":true,"href":"https:\/\/cdnoticias.com\/index.php\/wp-json\/wp\/v2\/media\/973"}],"wp:attachment":[{"href":"https:\/\/cdnoticias.com\/index.php\/wp-json\/wp\/v2\/media?parent=972"}],"wp:term":[{"taxonomy":"category","embeddable":true,"href":"https:\/\/cdnoticias.com\/index.php\/wp-json\/wp\/v2\/categories?post=972"},{"taxonomy":"post_tag","embeddable":true,"href":"https:\/\/cdnoticias.com\/index.php\/wp-json\/wp\/v2\/tags?post=972"}],"curies":[{"name":"wp","href":"https:\/\/api.w.org\/{rel}","templated":true}]}}