{"id":97181,"date":"2023-09-22T19:38:32","date_gmt":"2023-09-22T22:38:32","guid":{"rendered":"https:\/\/www.centraldenoticias.com.ar\/?p=97181"},"modified":"2023-09-22T19:38:32","modified_gmt":"2023-09-22T22:38:32","slug":"coscia-dijo-que-con-wesner-vuelven-aguilera-santellan-y-schwindt","status":"publish","type":"post","link":"https:\/\/cdnoticias.com\/index.php\/2023\/09\/22\/coscia-dijo-que-con-wesner-vuelven-aguilera-santellan-y-schwindt\/","title":{"rendered":"Coscia dijo que &#8220;con Wesner vuelven Aguilera, Santell\u00e1n y Schwindt\u201d"},"content":{"rendered":"<p>El concejal oficialista insisti\u00f3 en relacionar al candidato de Uni\u00f3n por la Patria con La C\u00e1mpora y dijo que el Intendente Galli \u201ctrabaja todos los d\u00edas para poner a Olavarr\u00eda entre las mejores ciudades de la provincia\u201d.<!--more--><\/p>\n<hr \/>\n<p>Mediante un comunicado emitido este viernes por la tarde, <strong>el concejal de Juntos, Carlos Coscia<\/strong>, dijo que \u201clos olavarrienses no van a entregar el manejo del Municipio a La C\u00e1mpora, representada por el candidato Maximiliano Wesner\u201d.<\/p>\n<p>&nbsp;<\/p>\n<p>En este sentido, <strong>Carlos Coscia ponder\u00f3 la figura del jefe comunal local<\/strong> y expres\u00f3 que <strong><em>\u201cdesde hace casi ocho a\u00f1os que Ezequiel Galli est\u00e1 transformando Olavarr\u00eda. Ezequiel trabaja todos los d\u00edas para poner a Olavarr\u00eda entre las mejores ciudades de la provincia\u201d.<\/em><\/strong><\/p>\n<p>&nbsp;<\/p>\n<p>Volviendo a su primera frase, insisti\u00f3 \u2013tal como otros dirigentes en los \u00faltimos d\u00edas- que <em>\u201cdesde el kirchnerismo niegan a Maximiliano Wesner como candidato de La Campora y lo quieren presentar como algo novedoso. Todos sabemos que Wesner es un hombre de La C\u00e1mpora y con \u00e9l vuelven dirigentes como Federico Aguilera, Guillermo Santell\u00e1n y Liliana Schwindt\u201d.<\/em><\/p>\n<p>&nbsp;<\/p>\n<p>Por \u00faltimo, Carlos Coscia volvi\u00f3 a insistir que, desde su espacio, Juntos por el Cambio<em>, \u201cqueremos que Maximiliano Wesner, Aguilera, Santell\u00e1n y Schwindt se hagan cargo del terrible da\u00f1o que el gobierno nacional de Massa y Cristina le est\u00e1n haciendo a los olavarrienses. Pero eso no pasa, Wesner lo \u00fanico que hace es ocultar de donde viene\u201d.<\/em><\/p>\n","protected":false},"excerpt":{"rendered":"<p>El concejal oficialista insisti\u00f3 en relacionar al candidato de Uni\u00f3n por la Patria con La C\u00e1mpora y dijo que el<\/p>\n","protected":false},"author":2,"featured_media":84725,"comment_status":"closed","ping_status":"closed","sticky":false,"template":"","format":"standard","meta":{"_jetpack_memberships_contains_paid_content":false,"footnotes":""},"categories":[4],"tags":[],"class_list":["post-97181","post","type-post","status-publish","format-standard","has-post-thumbnail","hentry","category-politica"],"jetpack_featured_media_url":"https:\/\/i0.wp.com\/cdnoticias.com\/wp-content\/uploads\/2023\/05\/HCD-carlos-coscia.jpg?fit=800%2C445&ssl=1","jetpack_sharing_enabled":true,"_links":{"self":[{"href":"https:\/\/cdnoticias.com\/index.php\/wp-json\/wp\/v2\/posts\/97181","targetHints":{"allow":["GET"]}}],"collection":[{"href":"https:\/\/cdnoticias.com\/index.php\/wp-json\/wp\/v2\/posts"}],"about":[{"href":"https:\/\/cdnoticias.com\/index.php\/wp-json\/wp\/v2\/types\/post"}],"author":[{"embeddable":true,"href":"https:\/\/cdnoticias.com\/index.php\/wp-json\/wp\/v2\/users\/2"}],"replies":[{"embeddable":true,"href":"https:\/\/cdnoticias.com\/index.php\/wp-json\/wp\/v2\/comments?post=97181"}],"version-history":[{"count":0,"href":"https:\/\/cdnoticias.com\/index.php\/wp-json\/wp\/v2\/posts\/97181\/revisions"}],"wp:featuredmedia":[{"embeddable":true,"href":"https:\/\/cdnoticias.com\/index.php\/wp-json\/wp\/v2\/media\/84725"}],"wp:attachment":[{"href":"https:\/\/cdnoticias.com\/index.php\/wp-json\/wp\/v2\/media?parent=97181"}],"wp:term":[{"taxonomy":"category","embeddable":true,"href":"https:\/\/cdnoticias.com\/index.php\/wp-json\/wp\/v2\/categories?post=97181"},{"taxonomy":"post_tag","embeddable":true,"href":"https:\/\/cdnoticias.com\/index.php\/wp-json\/wp\/v2\/tags?post=97181"}],"curies":[{"name":"wp","href":"https:\/\/api.w.org\/{rel}","templated":true}]}}