{"id":97174,"date":"2023-09-22T19:01:44","date_gmt":"2023-09-22T22:01:44","guid":{"rendered":"https:\/\/www.centraldenoticias.com.ar\/?p=97174"},"modified":"2023-09-23T11:48:32","modified_gmt":"2023-09-23T14:48:32","slug":"viernesdeadopciones-maia-y-pepi-buscan-un-hogar","status":"publish","type":"post","link":"https:\/\/cdnoticias.com\/index.php\/2023\/09\/22\/viernesdeadopciones-maia-y-pepi-buscan-un-hogar\/","title":{"rendered":"#Viernesdeadopciones: Maia y Pepi buscan un hogar"},"content":{"rendered":"<p>Tienen tres meses, su plan sanitario casi completo y se encuentran en perfecto estado de salud. Hace m\u00e1s de tres meses que est\u00e1n en un tr\u00e1nsito, por lo que necesitan de una familia.<!--more--><\/p>\n<hr \/>\n<p>&nbsp;<\/p>\n<p>Los <strong>perros negros son menos adoptados que sus pares<\/strong>, y muchas veces terminan sus d\u00edas dentro de un canil. Por ello, Bromatolog\u00eda refuerza la campa\u00f1a de <strong>adopci\u00f3n a perros negros<\/strong>, bajo el hashtag #ViernesDeAdopciones.<\/p>\n<p>&nbsp;<\/p>\n<p>En esta oportunidad, se pretende dar visibilidad a estos dos cachorritos, hijos de Miranda. \u201c<em>Ya hace m\u00e1s de tres meses que est\u00e1n en un tr\u00e1nsito, quien de forma muy amorosa los educa, alimenta y cuida con tanto amor para que la adaptaci\u00f3n a una familia y otros perros sea mucho m\u00e1s f\u00e1cil y r\u00e1pida\u201d,<\/em> explican desde el \u00e1rea.<\/p>\n<p>&nbsp;<\/p>\n<p><img data-recalc-dims=\"1\" loading=\"lazy\" decoding=\"async\" class=\"aligncenter wp-image-97175 size-large\" src=\"https:\/\/i0.wp.com\/cdnoticias.com\/wp-content\/uploads\/2023\/09\/maia-y-pepi-2.jpg?resize=800%2C533&#038;ssl=1\" alt=\"\" width=\"800\" height=\"533\" srcset=\"https:\/\/i0.wp.com\/cdnoticias.com\/wp-content\/uploads\/2023\/09\/maia-y-pepi-2.jpg?resize=1024%2C682&amp;ssl=1 1024w, https:\/\/i0.wp.com\/cdnoticias.com\/wp-content\/uploads\/2023\/09\/maia-y-pepi-2.jpg?resize=300%2C200&amp;ssl=1 300w, https:\/\/i0.wp.com\/cdnoticias.com\/wp-content\/uploads\/2023\/09\/maia-y-pepi-2.jpg?resize=768%2C512&amp;ssl=1 768w, https:\/\/i0.wp.com\/cdnoticias.com\/wp-content\/uploads\/2023\/09\/maia-y-pepi-2.jpg?resize=1536%2C1024&amp;ssl=1 1536w, https:\/\/i0.wp.com\/cdnoticias.com\/wp-content\/uploads\/2023\/09\/maia-y-pepi-2.jpg?resize=272%2C182&amp;ssl=1 272w, https:\/\/i0.wp.com\/cdnoticias.com\/wp-content\/uploads\/2023\/09\/maia-y-pepi-2.jpg?w=1772&amp;ssl=1 1772w, https:\/\/i0.wp.com\/cdnoticias.com\/wp-content\/uploads\/2023\/09\/maia-y-pepi-2.jpg?w=1600&amp;ssl=1 1600w\" sizes=\"auto, (max-width: 800px) 100vw, 800px\" \/><\/p>\n<p>&nbsp;<\/p>\n<p>Los cachorros son <strong>Maia y Pepi<\/strong> (o Rom\u00e1n como lo llaman en su tr\u00e1nsito). <strong>Tienen tres meses, su plan sanitario casi completo, se encuentran en perfecto estado de salud.<\/strong> Se entregan con el <strong>compromiso de su castraci\u00f3n a los seis meses<\/strong> y de brindar todos los cuidados que necesitan y merecen.<\/p>\n<p>&nbsp;<\/p>\n<p>Las personas interesadas en conocer a los cachorros pueden comunicarse con Bromatolog\u00eda a trav\u00e9s de las redes sociales: IG:@adoptameolavarria o FB: Centro de Atenci\u00f3n Veterinario Olavarr\u00eda. O bien, acercarse a conocerlos de lunes a viernes de 9 a 13 horas al predio de Bromatolog\u00eda, en avenida Urquiza 5493.<\/p>\n<p>&nbsp;<\/p>\n","protected":false},"excerpt":{"rendered":"<p>Tienen tres meses, su plan sanitario casi completo y se encuentran en perfecto estado de salud. Hace m\u00e1s de tres<\/p>\n","protected":false},"author":6,"featured_media":97176,"comment_status":"closed","ping_status":"closed","sticky":false,"template":"","format":"standard","meta":{"_jetpack_memberships_contains_paid_content":false,"footnotes":""},"categories":[5,1],"tags":[],"class_list":["post-97174","post","type-post","status-publish","format-standard","has-post-thumbnail","hentry","category-informacion-general","category-portada"],"jetpack_featured_media_url":"https:\/\/i0.wp.com\/cdnoticias.com\/wp-content\/uploads\/2023\/09\/maia-y-pepi-1.jpg?fit=1772%2C1181&ssl=1","jetpack_sharing_enabled":true,"_links":{"self":[{"href":"https:\/\/cdnoticias.com\/index.php\/wp-json\/wp\/v2\/posts\/97174","targetHints":{"allow":["GET"]}}],"collection":[{"href":"https:\/\/cdnoticias.com\/index.php\/wp-json\/wp\/v2\/posts"}],"about":[{"href":"https:\/\/cdnoticias.com\/index.php\/wp-json\/wp\/v2\/types\/post"}],"author":[{"embeddable":true,"href":"https:\/\/cdnoticias.com\/index.php\/wp-json\/wp\/v2\/users\/6"}],"replies":[{"embeddable":true,"href":"https:\/\/cdnoticias.com\/index.php\/wp-json\/wp\/v2\/comments?post=97174"}],"version-history":[{"count":0,"href":"https:\/\/cdnoticias.com\/index.php\/wp-json\/wp\/v2\/posts\/97174\/revisions"}],"wp:featuredmedia":[{"embeddable":true,"href":"https:\/\/cdnoticias.com\/index.php\/wp-json\/wp\/v2\/media\/97176"}],"wp:attachment":[{"href":"https:\/\/cdnoticias.com\/index.php\/wp-json\/wp\/v2\/media?parent=97174"}],"wp:term":[{"taxonomy":"category","embeddable":true,"href":"https:\/\/cdnoticias.com\/index.php\/wp-json\/wp\/v2\/categories?post=97174"},{"taxonomy":"post_tag","embeddable":true,"href":"https:\/\/cdnoticias.com\/index.php\/wp-json\/wp\/v2\/tags?post=97174"}],"curies":[{"name":"wp","href":"https:\/\/api.w.org\/{rel}","templated":true}]}}