{"id":97165,"date":"2023-09-23T11:51:43","date_gmt":"2023-09-23T14:51:43","guid":{"rendered":"https:\/\/www.centraldenoticias.com.ar\/?p=97165"},"modified":"2023-09-23T11:51:44","modified_gmt":"2023-09-23T14:51:44","slug":"modificaciones-en-el-transporte-urbano-e-interurbano","status":"publish","type":"post","link":"https:\/\/cdnoticias.com\/index.php\/2023\/09\/23\/modificaciones-en-el-transporte-urbano-e-interurbano\/","title":{"rendered":"Modificaciones en el transporte urbano e interurbano"},"content":{"rendered":"<p>Los cambios de horario se dan en el marco del D\u00eda del Colectivero que se celebra este domingo 24 de septiembre. <!--more--><\/p>\n<hr \/>\n<p>Con motivo de conmemorarse el <strong>D\u00eda del Colectivero este domingo 24 de septiembre<\/strong>, se estableci\u00f3 una medida conjunta entre las empresas de transporte y la UTA, mediante la cual se establece que el <strong>transporte p\u00fablico urbano circular\u00e1 el s\u00e1bado hasta las 21 horas.<\/strong><\/p>\n<p>&nbsp;<\/p>\n<blockquote><p>Respecto al servicio interurbano, transitar\u00e1 desde Olavarr\u00eda hacia las localidades hasta las 21:00 horas, y desde las localidades hacia Olavarr\u00eda a las 22:00 horas.<\/p><\/blockquote>\n<p>&nbsp;<\/p>\n<p><img data-recalc-dims=\"1\" loading=\"lazy\" decoding=\"async\" class=\"size-full wp-image-85719 aligncenter\" src=\"https:\/\/i0.wp.com\/cdnoticias.com\/wp-content\/uploads\/2023\/05\/colectivo-las-sierras-interurbano-0.jpg?resize=800%2C445&#038;ssl=1\" alt=\"\" width=\"800\" height=\"445\" srcset=\"https:\/\/i0.wp.com\/cdnoticias.com\/wp-content\/uploads\/2023\/05\/colectivo-las-sierras-interurbano-0.jpg?w=800&amp;ssl=1 800w, https:\/\/i0.wp.com\/cdnoticias.com\/wp-content\/uploads\/2023\/05\/colectivo-las-sierras-interurbano-0.jpg?resize=300%2C167&amp;ssl=1 300w, https:\/\/i0.wp.com\/cdnoticias.com\/wp-content\/uploads\/2023\/05\/colectivo-las-sierras-interurbano-0.jpg?resize=768%2C427&amp;ssl=1 768w\" sizes=\"auto, (max-width: 800px) 100vw, 800px\" \/><\/p>\n<p>&nbsp;<\/p>\n<p>Para el d\u00eda<strong> domingo<\/strong> se prev\u00e9n<strong> cambios en ambos servicios<\/strong>.<\/p>\n<p>&nbsp;<\/p>\n<blockquote><p>Tanto la l\u00ednea urbana como la interurbana, comenzar\u00e1n a prestar servicios a partir de las 09:00 horas.<\/p><\/blockquote>\n<p>&nbsp;<\/p>\n","protected":false},"excerpt":{"rendered":"<p>Los cambios de horario se dan en el marco del D\u00eda del Colectivero que se celebra este domingo 24 de<\/p>\n","protected":false},"author":6,"featured_media":51077,"comment_status":"closed","ping_status":"closed","sticky":false,"template":"","format":"standard","meta":{"_jetpack_memberships_contains_paid_content":false,"footnotes":""},"categories":[5,1],"tags":[],"class_list":["post-97165","post","type-post","status-publish","format-standard","has-post-thumbnail","hentry","category-informacion-general","category-portada"],"jetpack_featured_media_url":"https:\/\/i0.wp.com\/cdnoticias.com\/wp-content\/uploads\/2022\/04\/colectivo-boleto-tu-bus-1.jpg?fit=800%2C445&ssl=1","jetpack_sharing_enabled":true,"_links":{"self":[{"href":"https:\/\/cdnoticias.com\/index.php\/wp-json\/wp\/v2\/posts\/97165","targetHints":{"allow":["GET"]}}],"collection":[{"href":"https:\/\/cdnoticias.com\/index.php\/wp-json\/wp\/v2\/posts"}],"about":[{"href":"https:\/\/cdnoticias.com\/index.php\/wp-json\/wp\/v2\/types\/post"}],"author":[{"embeddable":true,"href":"https:\/\/cdnoticias.com\/index.php\/wp-json\/wp\/v2\/users\/6"}],"replies":[{"embeddable":true,"href":"https:\/\/cdnoticias.com\/index.php\/wp-json\/wp\/v2\/comments?post=97165"}],"version-history":[{"count":0,"href":"https:\/\/cdnoticias.com\/index.php\/wp-json\/wp\/v2\/posts\/97165\/revisions"}],"wp:featuredmedia":[{"embeddable":true,"href":"https:\/\/cdnoticias.com\/index.php\/wp-json\/wp\/v2\/media\/51077"}],"wp:attachment":[{"href":"https:\/\/cdnoticias.com\/index.php\/wp-json\/wp\/v2\/media?parent=97165"}],"wp:term":[{"taxonomy":"category","embeddable":true,"href":"https:\/\/cdnoticias.com\/index.php\/wp-json\/wp\/v2\/categories?post=97165"},{"taxonomy":"post_tag","embeddable":true,"href":"https:\/\/cdnoticias.com\/index.php\/wp-json\/wp\/v2\/tags?post=97165"}],"curies":[{"name":"wp","href":"https:\/\/api.w.org\/{rel}","templated":true}]}}