{"id":97125,"date":"2023-09-22T11:39:56","date_gmt":"2023-09-22T14:39:56","guid":{"rendered":"https:\/\/www.centraldenoticias.com.ar\/?p=97125"},"modified":"2023-09-22T17:34:20","modified_gmt":"2023-09-22T20:34:20","slug":"a-un-mes-de-las-elecciones-presidenciales-ya-se-puede-consultar-el-padron-definitivo","status":"publish","type":"post","link":"https:\/\/cdnoticias.com\/index.php\/2023\/09\/22\/a-un-mes-de-las-elecciones-presidenciales-ya-se-puede-consultar-el-padron-definitivo\/","title":{"rendered":"A un mes de las elecciones presidenciales ya se puede consultar el padr\u00f3n definitivo"},"content":{"rendered":"<p>Sugieren hacer una nueva consulta porque si bien el lugar de votaci\u00f3n de las elecciones generales suele ser el mismo que el de las PASO, puede haber cambios.<!--more--><\/p>\n<hr \/>\n<p>A un mes exacto de las elecciones presidenciales del 22 de octubre, ya se puede consultar el <strong>padr\u00f3n definitivo.<\/strong> El listado de los electores fue publicado este viernes, seg\u00fan inform\u00f3 la C\u00e1mara Nacional Electoral (CNE).<\/p>\n<p>&nbsp;<\/p>\n<p>El cronograma electoral dispone, cuando faltan 30 d\u00edas para los comicios, la impresi\u00f3n y publicaci\u00f3n del padr\u00f3n definitivo, donde figura el establecimiento donde se debe sufragar y el n\u00famero de mesa, con el objetivo de ofrecerlos a las autoridades en el momento del voto y agilizar el tr\u00e1mite durante los comicios.<\/p>\n<p>&nbsp;<\/p>\n<p>Los datos se pueden consultar en <a href=\"https:\/\/www.padron.gob.ar\/\" target=\"_blank\" rel=\"noopener\">www.padron.gob.ar.<\/a> Para ello es necesario ingresar el n\u00famero de documento, g\u00e9nero y el c\u00f3digo de validaci\u00f3n. Luego, el sistema arrojar\u00e1 el nombre y la direcci\u00f3n del establecimiento, el n\u00famero de mesa y el n\u00famero de orden.<\/p>\n<p>&nbsp;<\/p>\n<h2>Posibles cambios<\/h2>\n<p>&nbsp;<\/p>\n<p>Desde la CNE recordaron que, si bien el lugar de votaci\u00f3n de las elecciones generales suele ser el mismo que el de las PASO, puede ocurrir que haya cambios, por lo que <strong>es conveniente hacer una nueva consulta antes de los comicios del domingo 22 de octubre.<\/strong><\/p>\n<p>&nbsp;<\/p>\n<blockquote><p>En tanto, los documentos v\u00e1lidos para votar son la libreta c\u00edvica, libreta de Enrolamiento, DNI libreta verde, DNI libreta celeste y DNI tarjeta.<\/p><\/blockquote>\n<p>&nbsp;<\/p>\n<p>Adem\u00e1s, los documentos que contienen la leyenda \u201cNo v\u00e1lido para votar\u201d son v\u00e1lidos para votar, al tiempo que advirtieron que no se podr\u00e1 votar con un certificado de DNI en tr\u00e1mite, ni tampoco con el DNI en el celular, como el que aparece en la aplicaci\u00f3n Mi Argentina.<\/p>\n<p>&nbsp;<\/p>\n<h2>Plazos<\/h2>\n<p>&nbsp;<\/p>\n<p>Seg\u00fan el cronograma electoral, este 22 de septiembre tambi\u00e9n vence el plazo para la presentaci\u00f3n de boletas ante las juntas electorales nacionales, y para la ratificaci\u00f3n y ubicaci\u00f3n de las autoridades de mesa.<\/p>\n<p>&nbsp;<\/p>\n<p>La pr\u00f3xima fecha del cronograma es el <strong>mi\u00e9rcoles 27<\/strong> cuando se inicie la prohibici\u00f3n de la publicidad de los actos de gobierno susceptibles de promover la captaci\u00f3n del voto.<\/p>\n<p>&nbsp;<\/p>\n<p>Ese mismo d\u00eda tambi\u00e9n vence el plazo para que los jefes de las Fuerzas de Seguridad comuniquen a los jueces electorales la n\u00f3mina de agentes afectados a los comicios.<\/p>\n<p>&nbsp;<\/p>\n<p><em>Fuente: DIB.<\/em><\/p>\n","protected":false},"excerpt":{"rendered":"<p>Sugieren hacer una nueva consulta porque si bien el lugar de votaci\u00f3n de las elecciones generales suele ser el mismo<\/p>\n","protected":false},"author":5,"featured_media":92973,"comment_status":"closed","ping_status":"closed","sticky":false,"template":"","format":"standard","meta":{"_jetpack_memberships_contains_paid_content":false,"footnotes":""},"categories":[6,1],"tags":[],"class_list":["post-97125","post","type-post","status-publish","format-standard","has-post-thumbnail","hentry","category-nacionales","category-portada"],"jetpack_featured_media_url":"https:\/\/i0.wp.com\/cdnoticias.com\/wp-content\/uploads\/2023\/08\/DIB-PASO-urna-elecciones.jpg?fit=800%2C445&ssl=1","jetpack_sharing_enabled":true,"_links":{"self":[{"href":"https:\/\/cdnoticias.com\/index.php\/wp-json\/wp\/v2\/posts\/97125","targetHints":{"allow":["GET"]}}],"collection":[{"href":"https:\/\/cdnoticias.com\/index.php\/wp-json\/wp\/v2\/posts"}],"about":[{"href":"https:\/\/cdnoticias.com\/index.php\/wp-json\/wp\/v2\/types\/post"}],"author":[{"embeddable":true,"href":"https:\/\/cdnoticias.com\/index.php\/wp-json\/wp\/v2\/users\/5"}],"replies":[{"embeddable":true,"href":"https:\/\/cdnoticias.com\/index.php\/wp-json\/wp\/v2\/comments?post=97125"}],"version-history":[{"count":0,"href":"https:\/\/cdnoticias.com\/index.php\/wp-json\/wp\/v2\/posts\/97125\/revisions"}],"wp:featuredmedia":[{"embeddable":true,"href":"https:\/\/cdnoticias.com\/index.php\/wp-json\/wp\/v2\/media\/92973"}],"wp:attachment":[{"href":"https:\/\/cdnoticias.com\/index.php\/wp-json\/wp\/v2\/media?parent=97125"}],"wp:term":[{"taxonomy":"category","embeddable":true,"href":"https:\/\/cdnoticias.com\/index.php\/wp-json\/wp\/v2\/categories?post=97125"},{"taxonomy":"post_tag","embeddable":true,"href":"https:\/\/cdnoticias.com\/index.php\/wp-json\/wp\/v2\/tags?post=97125"}],"curies":[{"name":"wp","href":"https:\/\/api.w.org\/{rel}","templated":true}]}}