{"id":97091,"date":"2023-09-22T11:58:25","date_gmt":"2023-09-22T14:58:25","guid":{"rendered":"https:\/\/www.centraldenoticias.com.ar\/?p=97091"},"modified":"2023-09-22T11:58:26","modified_gmt":"2023-09-22T14:58:26","slug":"entrega-de-escrituras-gonzalez-apunto-contra-wesner-y-denuncio-un-trato-diferenciado","status":"publish","type":"post","link":"https:\/\/cdnoticias.com\/index.php\/2023\/09\/22\/entrega-de-escrituras-gonzalez-apunto-contra-wesner-y-denuncio-un-trato-diferenciado\/","title":{"rendered":"Entrega de escrituras: Gonz\u00e1lez apunt\u00f3 contra Wesner y denunci\u00f3 \u201cun trato diferenciado\u201d"},"content":{"rendered":"\n<div class=\"wp-block-group is-layout-constrained wp-block-group-is-layout-constrained\">\n<div class=\"wp-block-group is-layout-constrained wp-block-group-is-layout-constrained\">\n<p>La Directora de Casa de Tierras municipal calific\u00f3 de \u201cingrata\u201d la actitud del candidato a Intendente. Este mi\u00e9rcoles, Wesner entreg\u00f3 escrituras en el Barrio Minero y desde el Municipio se\u00f1alaron que no fueron notificados.<!--more--><\/p>\n<hr \/>\n<p>La Directora de Casa de Tierras municipal y Regularizaci\u00f3n Dominial, Mar\u00eda Jos\u00e9 Gonz\u00e1lez, se manifest\u00f3 sobre el acto de entrega de escrituras realizado este mi\u00e9rcoles por Maximiliano Wesner. En una entrevista para <strong>Radio Sapiens 102.7<\/strong>, Gonz\u00e1lez afirm\u00f3 que desde la Direcci\u00f3n no estaban al tanto de la entrega que el candidato a Intendente realiz\u00f3 en el <strong>Barrio Minero,\u00a0<\/strong>a pesar de ser el &#8220;el \u00e1rea que tiene la incumbencia&#8221;.<\/p>\n<p>En el programa \u201cLevantante\u201d conducido por Mario Coppola, la responsable del \u00e1rea reconoci\u00f3 que se enter\u00f3 de lo sucedido a partir de una publicaci\u00f3n de Instagram de <strong>Wesner.<\/strong> Adem\u00e1s, apoy\u00f3 la reacci\u00f3n de la concejal oficialista <strong>Maite Salerno, <\/strong>que se hab\u00eda expresado en desacuerdo sobre el hecho.<\/p>\n<p>En la publicaci\u00f3n original, el candidato a Intendente por <strong>Uni\u00f3n por la Patria<\/strong> celebr\u00f3 la entrega de 60 escrituras de viviendas para ser construidas en el Barrio Minero.\u00a0 Acompa\u00f1ado por el representante del sindicato de AOMA <strong>Alejandro Santill\u00e1n<\/strong>, Wesner subray\u00f3 el \u201ctrabajo articulado con la provincia\u201d.<\/p>\n<p><img data-recalc-dims=\"1\" loading=\"lazy\" decoding=\"async\" class=\"size-full wp-image-97096 aligncenter\" src=\"https:\/\/i0.wp.com\/cdnoticias.com\/wp-content\/uploads\/2023\/09\/Wesner-barrio-minero.png?resize=511%2C277&#038;ssl=1\" alt=\"\" width=\"511\" height=\"277\" srcset=\"https:\/\/i0.wp.com\/cdnoticias.com\/wp-content\/uploads\/2023\/09\/Wesner-barrio-minero.png?w=511&amp;ssl=1 511w, https:\/\/i0.wp.com\/cdnoticias.com\/wp-content\/uploads\/2023\/09\/Wesner-barrio-minero.png?resize=300%2C163&amp;ssl=1 300w\" sizes=\"auto, (max-width: 511px) 100vw, 511px\" \/><\/p>\n<p>Por su parte, la concejal de <strong>Juntos por el Cambio<\/strong>, Maite Salerno, comparti\u00f3 la publicaci\u00f3n en Twitter y, despu\u00e9s de felicitar el trabajo de la Direcci\u00f3n de Casa de Tierra, afirm\u00f3 que <strong>&#8220;la ingratitud de Wesner demuestra lo que son. Se sacan la foto con el trabajo de los municipales\u201d.<\/strong><\/p>\n<p>\u201cMirando la foto veo el banner de la <strong>Escriban\u00eda General de Gobierno<\/strong>, pero no hab\u00eda ninguna autoridad de la Escriban\u00eda\u201d expres\u00f3 Gonz\u00e1lez.<\/p>\n<blockquote>\n<p>\u201cMe llam\u00f3 la atenci\u00f3n un acto realizado en estas caracter\u00edsticas. La Escriban\u00eda General de Gobierno no tiene atenci\u00f3n en Olavarr\u00eda. En consecuencia, las consultas, el contacto, el asesoramiento, la revisi\u00f3n de la documentaci\u00f3n y dem\u00e1s; se hace desde el \u00e1rea a mi cargo. Trabajamos en conjunto, o trabaj\u00e1bamos\u201d se lament\u00f3.<\/p>\n<\/blockquote>\n<p>Con respecto a la firma de las escrituras que se entregaron este mi\u00e9rcoles, Gonz\u00e1lez manifest\u00f3 que<em> \u201cse firmaron el 20 de marzo, junto a otras 350 escrituras m\u00e1s, en total 400. <strong>Pero ayer hubo un acto y 60 recibieron una escritura en un acto sin escribano<\/strong> de la Escriban\u00eda General de Gobierno. Y son 340 los que no recibieron ayer la escritura\u201d.<\/em><\/p>\n<p>Adem\u00e1s, coment\u00f3 la situaci\u00f3n de los otros casos que est\u00e1n a la espera de que los llamen: <em>\u201c250 familias fueron citadas antes de las PASO para un acto que se iba a llevar a cabo el 15 de agosto. Son 250 que son ubicadas por la Direcci\u00f3n, las llamamos por tel\u00e9fono o vamos a la casa a notificarlas. Y nos enteramos un d\u00eda antes de que el acto se suspend\u00eda. La Escriban\u00eda es quien pone la fecha y fue quien la suspendi\u00f3. Entonces, hay 250 familias que hace un mes y pico est\u00e1n esperando la reprogramaci\u00f3n de esa fecha<\/em>\u201d agreg\u00f3 y resalt\u00f3 que <strong>\u201cesas familias siguen esperando\u201d<\/strong>.<\/p>\n<blockquote>\n<p>La Directora destac\u00f3 que <strong>\u201chay un trato diferenciado\u201d<\/strong> entre la firma de escrituras de planes provinciales y municipales, y que las diferencias entre Galli y Kicillof se debe a que este a\u00f1o \u201chay candidatura a Intendente. Es obvio\u201d.<\/p>\n<\/blockquote>\n<p>Finalmente anticip\u00f3 que \u201chabr\u00e1 una comunicaci\u00f3n a partir del acto acontecido el d\u00eda de ayer\u201d.<\/p>\n<p>\u201cCada persona sacar\u00e1 su propia conclusi\u00f3n, pero espero que el intercambio en redes sirva para que se ponga la fecha para la firma de las 250 escrituras que est\u00e1n pendientes. \u00a0<strong>Ser\u00eda una gran alegr\u00eda para muchas familias de Olavarr\u00eda<\/strong>\u201d cerr\u00f3.<\/p>\n<\/div>\n<\/div>\n","protected":false},"excerpt":{"rendered":"<p>La Directora de Casa de Tierras municipal calific\u00f3 de \u201cingrata\u201d la actitud del candidato a Intendente. Este mi\u00e9rcoles, Wesner entreg\u00f3<\/p>\n","protected":false},"author":2,"featured_media":97094,"comment_status":"closed","ping_status":"closed","sticky":false,"template":"","format":"standard","meta":{"_jetpack_memberships_contains_paid_content":false,"footnotes":""},"categories":[4,1],"tags":[],"class_list":["post-97091","post","type-post","status-publish","format-standard","has-post-thumbnail","hentry","category-politica","category-portada"],"jetpack_featured_media_url":"https:\/\/i0.wp.com\/cdnoticias.com\/wp-content\/uploads\/2023\/09\/mjgonzalez1.jpg?fit=800%2C535&ssl=1","jetpack_sharing_enabled":true,"_links":{"self":[{"href":"https:\/\/cdnoticias.com\/index.php\/wp-json\/wp\/v2\/posts\/97091","targetHints":{"allow":["GET"]}}],"collection":[{"href":"https:\/\/cdnoticias.com\/index.php\/wp-json\/wp\/v2\/posts"}],"about":[{"href":"https:\/\/cdnoticias.com\/index.php\/wp-json\/wp\/v2\/types\/post"}],"author":[{"embeddable":true,"href":"https:\/\/cdnoticias.com\/index.php\/wp-json\/wp\/v2\/users\/2"}],"replies":[{"embeddable":true,"href":"https:\/\/cdnoticias.com\/index.php\/wp-json\/wp\/v2\/comments?post=97091"}],"version-history":[{"count":0,"href":"https:\/\/cdnoticias.com\/index.php\/wp-json\/wp\/v2\/posts\/97091\/revisions"}],"wp:featuredmedia":[{"embeddable":true,"href":"https:\/\/cdnoticias.com\/index.php\/wp-json\/wp\/v2\/media\/97094"}],"wp:attachment":[{"href":"https:\/\/cdnoticias.com\/index.php\/wp-json\/wp\/v2\/media?parent=97091"}],"wp:term":[{"taxonomy":"category","embeddable":true,"href":"https:\/\/cdnoticias.com\/index.php\/wp-json\/wp\/v2\/categories?post=97091"},{"taxonomy":"post_tag","embeddable":true,"href":"https:\/\/cdnoticias.com\/index.php\/wp-json\/wp\/v2\/tags?post=97091"}],"curies":[{"name":"wp","href":"https:\/\/api.w.org\/{rel}","templated":true}]}}