{"id":97045,"date":"2023-09-21T17:32:20","date_gmt":"2023-09-21T20:32:20","guid":{"rendered":"https:\/\/www.centraldenoticias.com.ar\/?p=97045"},"modified":"2023-09-21T17:32:20","modified_gmt":"2023-09-21T20:32:20","slug":"rodriguez-la-planta-politica-de-galli-es-la-mas-grande-de-la-historia-de-olavarria","status":"publish","type":"post","link":"https:\/\/cdnoticias.com\/index.php\/2023\/09\/21\/rodriguez-la-planta-politica-de-galli-es-la-mas-grande-de-la-historia-de-olavarria\/","title":{"rendered":"Rodr\u00edguez: \u201cLa planta pol\u00edtica de Galli es la m\u00e1s grande de la historia de Olavarr\u00eda\u201d"},"content":{"rendered":"<p>El dirigente advirti\u00f3 sobre el &#8220;d\u00e9ficit descontrolado&#8221; del gobierno municipal y apunt\u00f3 contra Galli por &#8220;el sostenido aumento de la planta pol\u00edtica&#8221;. Adem\u00e1s, destac\u00f3 el trabajo en conjunto con Maximiliano Wesner. <!--more--><\/p>\n<hr \/>\n<p>El <strong>referente del Frente Renovador, Eduardo Rodr\u00edguez, expres\u00f3 preocupaci\u00f3n por la situaci\u00f3n econ\u00f3mica de la Municipalidad de Olavarr\u00eda<\/strong> y advirti\u00f3: <em>&#8220;En el acumulado del a\u00f1o, el municipio tiene un d\u00e9ficit muy importante de m\u00e1s 1120 millones de pesos. Escuch\u00e9 las explicaciones del intendente, pero falt\u00f3 a la verdad&#8221;.<\/em><\/p>\n<p>&nbsp;<\/p>\n<blockquote><p>&#8220;Ese desequilibrio no es por inversi\u00f3n en obras o por la situaci\u00f3n nacional. Cuando uno se compara con municipios del mismo nivel como Tandil o Pergamino vemos que esos gobiernos, tambi\u00e9n de Juntos, presentan equilibrio fiscal&#8221;, asegur\u00f3.<\/p><\/blockquote>\n<p>&nbsp;<\/p>\n<p>Rodr\u00edguez consider\u00f3 que<strong> la actual gesti\u00f3n<em> &#8220;deja condicionado el futuro del municipio&#8221;<\/em><\/strong>, y se\u00f1al\u00f3 que Olavarr\u00eda tiene<em> &#8220;un recurso extraordinario como el Impuesto a la Piedra que hoy est\u00e1 solventando el descontrol del gobierno municipal&#8221;.<\/em><\/p>\n<p>&nbsp;<\/p>\n<p>En ese marco, el integrante del Foro Olavarr\u00eda cuestion\u00f3<strong><em> &#8220;el sostenido aumento de la planta pol\u00edtica&#8221;<\/em><\/strong>, dijo que es<strong><em> &#8220;la m\u00e1s grande de la historia del Municipio\u201d.<\/em><\/strong><\/p>\n<p>&nbsp;<\/p>\n<p>A esta realidad, Rodr\u00edguez contrapuso que<strong><em> &#8220;con Maximiliano Wesner coincidimos en la importancia de tener una gesti\u00f3n ordenada que pueda resolver con los recursos propios&#8221;.<\/em><\/strong><\/p>\n<p>&nbsp;<\/p>\n<blockquote><p>&#8220;Hay trabajadores de planta muy bien capacitados que podr\u00edan cumplir las funciones que ahora realizan los famosos asesores, una figura que puso de moda Galli. Eso no se hab\u00eda visto nunca en la administraci\u00f3n local&#8221;, reproch\u00f3.<\/p><\/blockquote>\n<p>&nbsp;<\/p>\n<p>Sobre su integraci\u00f3n a la campa\u00f1a de Wesner luego de las PASO, el ex precandidato subray\u00f3: <strong><em>&#8220;Nos pusimos a total disposici\u00f3n y trabajamos en unidad por la candidatura de Maxi quien tomo varias de las propuestas que ven\u00edamos planteando. Es muy importante tener un nuevo intendente que ordene la gesti\u00f3n municipal&#8221;.<\/em><\/strong><\/p>\n<p>&nbsp;<\/p>\n<p><em>&#8220;Es hora de tener una gesti\u00f3n distinta y a un intendente que de respuestas. Maxi est\u00e1 muy metido en los temas de la gesti\u00f3n y en c\u00f3mo dar respuestas a los problemas concretos de los vecinos&#8221;<\/em>, concluy\u00f3.<\/p>\n","protected":false},"excerpt":{"rendered":"<p>El dirigente advirti\u00f3 sobre el &#8220;d\u00e9ficit descontrolado&#8221; del gobierno municipal y apunt\u00f3 contra Galli por &#8220;el sostenido aumento de la<\/p>\n","protected":false},"author":2,"featured_media":97046,"comment_status":"closed","ping_status":"closed","sticky":false,"template":"","format":"standard","meta":{"_jetpack_memberships_contains_paid_content":false,"footnotes":""},"categories":[4,1],"tags":[],"class_list":["post-97045","post","type-post","status-publish","format-standard","has-post-thumbnail","hentry","category-politica","category-portada"],"jetpack_featured_media_url":"https:\/\/i0.wp.com\/cdnoticias.com\/wp-content\/uploads\/2023\/09\/WhatsApp-Image-2023-09-21-at-14.09.37.jpeg?fit=1280%2C884&ssl=1","jetpack_sharing_enabled":true,"_links":{"self":[{"href":"https:\/\/cdnoticias.com\/index.php\/wp-json\/wp\/v2\/posts\/97045","targetHints":{"allow":["GET"]}}],"collection":[{"href":"https:\/\/cdnoticias.com\/index.php\/wp-json\/wp\/v2\/posts"}],"about":[{"href":"https:\/\/cdnoticias.com\/index.php\/wp-json\/wp\/v2\/types\/post"}],"author":[{"embeddable":true,"href":"https:\/\/cdnoticias.com\/index.php\/wp-json\/wp\/v2\/users\/2"}],"replies":[{"embeddable":true,"href":"https:\/\/cdnoticias.com\/index.php\/wp-json\/wp\/v2\/comments?post=97045"}],"version-history":[{"count":0,"href":"https:\/\/cdnoticias.com\/index.php\/wp-json\/wp\/v2\/posts\/97045\/revisions"}],"wp:featuredmedia":[{"embeddable":true,"href":"https:\/\/cdnoticias.com\/index.php\/wp-json\/wp\/v2\/media\/97046"}],"wp:attachment":[{"href":"https:\/\/cdnoticias.com\/index.php\/wp-json\/wp\/v2\/media?parent=97045"}],"wp:term":[{"taxonomy":"category","embeddable":true,"href":"https:\/\/cdnoticias.com\/index.php\/wp-json\/wp\/v2\/categories?post=97045"},{"taxonomy":"post_tag","embeddable":true,"href":"https:\/\/cdnoticias.com\/index.php\/wp-json\/wp\/v2\/tags?post=97045"}],"curies":[{"name":"wp","href":"https:\/\/api.w.org\/{rel}","templated":true}]}}