{"id":96995,"date":"2023-09-21T14:01:58","date_gmt":"2023-09-21T17:01:58","guid":{"rendered":"https:\/\/www.centraldenoticias.com.ar\/?p=96995"},"modified":"2023-09-21T16:19:33","modified_gmt":"2023-09-21T19:19:33","slug":"tuvi-realizaron-el-sorteo-de-6-viviendas-de-construccion-industrializada","status":"publish","type":"post","link":"https:\/\/cdnoticias.com\/index.php\/2023\/09\/21\/tuvi-realizaron-el-sorteo-de-6-viviendas-de-construccion-industrializada\/","title":{"rendered":"TuVi: Realizaron el sorteo de 6 viviendas de construcci\u00f3n industrializada"},"content":{"rendered":"<p>\u201cA partir de ahora van a ser propietarios, van a ser due\u00f1os de su casa\u201d, destac\u00f3 el intendente Ezequiel Galli durante el acto que se concret\u00f3 en el Centro Cultural San Jos\u00e9.<!--more--><\/p>\n<hr \/>\n<p>Este jueves por la ma\u00f1ana se realiz\u00f3 el <strong>sorteo de 6 viviendas<\/strong> enmarcado en el Programa Municipal TuVi, en este caso de construcci\u00f3n industrializada, mediante la modalidad<em> steel framing.<\/em><\/p>\n<p>&nbsp;<\/p>\n<p>El acto se desarroll\u00f3 en el Centro Cultural Municipal San Jos\u00e9, donde el intendente Ezequiel Galli estuvo acompa\u00f1ado por el subsecretario de Legal y T\u00e9cnica Marcelo Fabbi y la coordinadora del Plan TuVi Daniela De Martino, adem\u00e1s de la escribana que certific\u00f3 el sorteo.<\/p>\n<p>&nbsp;<\/p>\n<p><img data-recalc-dims=\"1\" loading=\"lazy\" decoding=\"async\" class=\"aligncenter size-full wp-image-96999\" src=\"https:\/\/i0.wp.com\/cdnoticias.com\/wp-content\/uploads\/2023\/09\/Obras-Sorteo-TUVI-4-scaled-1.jpg?resize=800%2C445&#038;ssl=1\" alt=\"\" width=\"800\" height=\"445\" srcset=\"https:\/\/i0.wp.com\/cdnoticias.com\/wp-content\/uploads\/2023\/09\/Obras-Sorteo-TUVI-4-scaled-1.jpg?w=800&amp;ssl=1 800w, https:\/\/i0.wp.com\/cdnoticias.com\/wp-content\/uploads\/2023\/09\/Obras-Sorteo-TUVI-4-scaled-1.jpg?resize=300%2C167&amp;ssl=1 300w, https:\/\/i0.wp.com\/cdnoticias.com\/wp-content\/uploads\/2023\/09\/Obras-Sorteo-TUVI-4-scaled-1.jpg?resize=768%2C427&amp;ssl=1 768w\" sizes=\"auto, (max-width: 800px) 100vw, 800px\" \/><\/p>\n<p>&nbsp;<\/p>\n<p>\u201cEs lo que vienen so\u00f1ando hace mucho tiempo y para nosotros es un plan de vivienda que queremos continuar, que <strong>estamos convencidos de que la gente que se esfuerza y que trabaja tiene que tener la posibilidad de pagar la cuota de su casa<\/strong>\u201d, enfatiz\u00f3 Galli momentos antes de iniciar con el sorteo. \u201cEs un desaf\u00edo enorme el que hemos encarado y hoy estamos a punto de entregarles la llave de la casa\u201d, agreg\u00f3 el jefe comunal.<\/p>\n<p>&nbsp;<\/p>\n<p>En ese sentido, a\u00f1adi\u00f3 que \u201c<strong>nuestra idea es continuar, seguir adelante<\/strong>. Obviamente corrigiendo errores, como corresponde, teniendo presente de que a partir de ahora ustedes van a ser propietarios. Van a ser due\u00f1os de su casa y todos los meses pagar la cuota de algo que es suyo\u201d.<\/p>\n<p>&nbsp;<\/p>\n<p><img data-recalc-dims=\"1\" loading=\"lazy\" decoding=\"async\" class=\"aligncenter size-full wp-image-96998\" src=\"https:\/\/i0.wp.com\/cdnoticias.com\/wp-content\/uploads\/2023\/09\/Obras-Sorteo-TUVI-2-scaled-1.jpg?resize=800%2C445&#038;ssl=1\" alt=\"\" width=\"800\" height=\"445\" srcset=\"https:\/\/i0.wp.com\/cdnoticias.com\/wp-content\/uploads\/2023\/09\/Obras-Sorteo-TUVI-2-scaled-1.jpg?w=800&amp;ssl=1 800w, https:\/\/i0.wp.com\/cdnoticias.com\/wp-content\/uploads\/2023\/09\/Obras-Sorteo-TUVI-2-scaled-1.jpg?resize=300%2C167&amp;ssl=1 300w, https:\/\/i0.wp.com\/cdnoticias.com\/wp-content\/uploads\/2023\/09\/Obras-Sorteo-TUVI-2-scaled-1.jpg?resize=768%2C427&amp;ssl=1 768w\" sizes=\"auto, (max-width: 800px) 100vw, 800px\" \/><\/p>\n<blockquote><p>&nbsp;<\/p>\n<p>\u201cHoy es un d\u00eda de mucha emoci\u00f3n, no van a festejar solo el d\u00eda de la primavera, sino ya saber cu\u00e1l va a ser su casa, d\u00f3nde van a vivir y d\u00f3nde van a llevar adelante algo que es de lo m\u00e1s lindo, que es su hogar\u201d, continu\u00f3 el intendente de Olavarr\u00eda.<\/p><\/blockquote>\n<p>&nbsp;<\/p>\n<p>Por \u00faltimo, expres\u00f3 que \u201csabemos lo que significa pagar alquiler y que la plata se vaya todos los meses, ustedes<strong> van a tener la posibilidad de pagar algo que es de ustedes y que va a quedar para sus hijos<\/strong>\u201d.<\/p>\n","protected":false},"excerpt":{"rendered":"<p>\u201cA partir de ahora van a ser propietarios, van a ser due\u00f1os de su casa\u201d, destac\u00f3 el intendente Ezequiel Galli<\/p>\n","protected":false},"author":5,"featured_media":96997,"comment_status":"closed","ping_status":"closed","sticky":false,"template":"","format":"standard","meta":{"_jetpack_memberships_contains_paid_content":false,"footnotes":""},"categories":[5,1],"tags":[],"class_list":["post-96995","post","type-post","status-publish","format-standard","has-post-thumbnail","hentry","category-informacion-general","category-portada"],"jetpack_featured_media_url":"https:\/\/i0.wp.com\/cdnoticias.com\/wp-content\/uploads\/2023\/09\/Obras-Sorteo-TUVI-5-scaled-1.jpg?fit=800%2C445&ssl=1","jetpack_sharing_enabled":true,"_links":{"self":[{"href":"https:\/\/cdnoticias.com\/index.php\/wp-json\/wp\/v2\/posts\/96995","targetHints":{"allow":["GET"]}}],"collection":[{"href":"https:\/\/cdnoticias.com\/index.php\/wp-json\/wp\/v2\/posts"}],"about":[{"href":"https:\/\/cdnoticias.com\/index.php\/wp-json\/wp\/v2\/types\/post"}],"author":[{"embeddable":true,"href":"https:\/\/cdnoticias.com\/index.php\/wp-json\/wp\/v2\/users\/5"}],"replies":[{"embeddable":true,"href":"https:\/\/cdnoticias.com\/index.php\/wp-json\/wp\/v2\/comments?post=96995"}],"version-history":[{"count":0,"href":"https:\/\/cdnoticias.com\/index.php\/wp-json\/wp\/v2\/posts\/96995\/revisions"}],"wp:featuredmedia":[{"embeddable":true,"href":"https:\/\/cdnoticias.com\/index.php\/wp-json\/wp\/v2\/media\/96997"}],"wp:attachment":[{"href":"https:\/\/cdnoticias.com\/index.php\/wp-json\/wp\/v2\/media?parent=96995"}],"wp:term":[{"taxonomy":"category","embeddable":true,"href":"https:\/\/cdnoticias.com\/index.php\/wp-json\/wp\/v2\/categories?post=96995"},{"taxonomy":"post_tag","embeddable":true,"href":"https:\/\/cdnoticias.com\/index.php\/wp-json\/wp\/v2\/tags?post=96995"}],"curies":[{"name":"wp","href":"https:\/\/api.w.org\/{rel}","templated":true}]}}