{"id":96994,"date":"2023-09-21T19:10:19","date_gmt":"2023-09-21T22:10:19","guid":{"rendered":"https:\/\/www.centraldenoticias.com.ar\/?p=96994"},"modified":"2023-09-22T08:46:29","modified_gmt":"2023-09-22T11:46:29","slug":"se-dicto-la-detencion-para-el-acusado-de-un-robo-en-un-comercio-centrico","status":"publish","type":"post","link":"https:\/\/cdnoticias.com\/index.php\/2023\/09\/21\/se-dicto-la-detencion-para-el-acusado-de-un-robo-en-un-comercio-centrico\/","title":{"rendered":"Se dict\u00f3 la detenci\u00f3n para el acusado de un robo en un comercio c\u00e9ntrico"},"content":{"rendered":"<p>El hombre, de 42 a\u00f1os, tiene numerosos antecedentes por delitos del mismo tipo. Hab\u00eda sustra\u00eddo un tel\u00e9fono celular y una suma de dinero.<\/p>\n<p><!--more--><\/p>\n<hr \/>\n<p>Un hombre hab\u00eda sido <strong>arrestado el s\u00e1bado tras una corta persecuci\u00f3n<\/strong>. Fue acusado del <strong>robo a un comercio c\u00e9ntrico<\/strong> del que se llev\u00f3 un tel\u00e9fono celular y una suma de dinero, <a href=\"https:\/\/cdnoticias.com\/index.php\/2023\/09\/18\/robo-dinero-y-un-celular-de-un-comercio-centrico-y-fue-atrapado\/\" target=\"_blank\" rel=\"noopener\">tal como expuso <strong>Central de Noticias<\/strong><\/a>.<\/p>\n<p>&nbsp;<\/p>\n<p>Las averiguaciones estuvieron a cargo de la <strong>Comisar\u00eda Primera y de la UFI N\u00ba 7 que encabeza el fiscal Christian Url\u00e9zaga<\/strong>. Se caratularon <strong>\u201crobo agravado por escalamiento\u201d<\/strong>.<\/p>\n<p>&nbsp;<\/p>\n<blockquote><p>El fiscal Url\u00e9zaga solicit\u00f3 la detenci\u00f3n del acusado y la medida cont\u00f3 con el aval del Juzgado de Garant\u00edas N\u00ba 1. De esa forma, qued\u00f3 detenido Fernando Ezequiel Attad\u00eda de 42 a\u00f1os.<\/p><\/blockquote>\n<p>&nbsp;<\/p>\n<p>Acerca del caso, se inform\u00f3 que el propietario del comercio, ubicado en <strong>Alsina al 3100<\/strong>, advirti\u00f3 a la Polic\u00eda a trav\u00e9s del 911 que <strong>un hombre hab\u00eda ingresado al local tras romper la ventana<\/strong> que da a un patio. Una vez dentro, revis\u00f3 el lugar y <strong>al advertir la presencia del due\u00f1o huy\u00f3 con unos 4.700 pesos y un tel\u00e9fono celular marca IPhone<\/strong>.<\/p>\n<p>&nbsp;<\/p>\n<p><img data-recalc-dims=\"1\" loading=\"lazy\" decoding=\"async\" class=\"size-full wp-image-96996 aligncenter\" src=\"https:\/\/i0.wp.com\/cdnoticias.com\/wp-content\/uploads\/2023\/09\/robo-celular-alsina-3100.jpg?resize=800%2C445&#038;ssl=1\" alt=\"\" width=\"800\" height=\"445\" srcset=\"https:\/\/i0.wp.com\/cdnoticias.com\/wp-content\/uploads\/2023\/09\/robo-celular-alsina-3100.jpg?w=976&amp;ssl=1 976w, https:\/\/i0.wp.com\/cdnoticias.com\/wp-content\/uploads\/2023\/09\/robo-celular-alsina-3100.jpg?resize=300%2C167&amp;ssl=1 300w, https:\/\/i0.wp.com\/cdnoticias.com\/wp-content\/uploads\/2023\/09\/robo-celular-alsina-3100.jpg?resize=768%2C427&amp;ssl=1 768w, https:\/\/i0.wp.com\/cdnoticias.com\/wp-content\/uploads\/2023\/09\/robo-celular-alsina-3100.jpg?resize=800%2C445&amp;ssl=1 800w\" sizes=\"auto, (max-width: 800px) 100vw, 800px\" \/><\/p>\n<p>&nbsp;<\/p>\n<p>M\u00f3viles del Comando de Prevenci\u00f3n (CPO) y de Polic\u00eda Local dispusieron un operativo cerrojo y a las pocas cuadras, <strong>en \u00c1lvaro Barros y Lavalle logr\u00f3 su aprehensi\u00f3n<\/strong>.<\/p>\n<p>&nbsp;<\/p>\n<blockquote><p>Para el dictado de la detenci\u00f3n, se contemplaron los numerosos antecedentes penales que pesan sobre Attad\u00eda por delito del mismo tipo del que ahora se le endilga.<\/p><\/blockquote>\n<p>&nbsp;<\/p>\n<p>Entre los m\u00e1s resonantes, cabe recordar que<strong> durante 2008<\/strong>, Attad\u00eda -que entonces ten\u00eda 26 a\u00f1os- fue acusado de haber integrado una banda que particip\u00f3 de al menos una decena de <strong>robos y asaltos registrados en Olavarr\u00eda, Bol\u00edvar, Tandil y Bah\u00eda Blanca<\/strong>. En los distintos hechos fue imputado y hasta detenido por diversos delitos.<\/p>\n<p>&nbsp;<\/p>\n<p>Sucesivamente, en los a\u00f1os 2009 y 2010, el Tribunal Oral N\u00ba 2 de Azul y el Juzgado en lo Correccional N\u00ba 2 de Azul respectivamente, dictaron sendas condenas para Attad\u00eda. La primera fue de <strong>tres a\u00f1os de prisi\u00f3n de cumplimiento efectivo, impuesta el 3 de julio de 2009 por un \u201crobo calificado por escalamiento\u201d<\/strong>. La segunda, de <strong>ocho meses de prisi\u00f3n de cumplimiento efectivo por \u201cda\u00f1o y violaci\u00f3n de domicilio\u201d<\/strong>. Fue dispuesta en noviembre de 2010 por un robo registrado en mayo de ese mismo a\u00f1o en una vivienda de Olavarr\u00eda. En esa ocasi\u00f3n hab\u00eda sido detenido in fraganti junto a un c\u00f3mplice.<\/p>\n<p>&nbsp;<\/p>\n<p>En tanto, en agosto de 2013 qued\u00f3<strong> detenido nuevamente<\/strong> por orden del Juzgado Correccional N\u00ba 2 de Azul por<strong> \u201cda\u00f1o y violaci\u00f3n de domicilio\u201d.<\/strong><\/p>\n<p>&nbsp;<\/p>\n<p>Sin embargo, el caso m\u00e1s conocido que llev\u00f3 a <strong>Attad\u00eda a prisi\u00f3n<\/strong> fue el del <strong>asalto y homicidio de Fernando Mart\u00ednez<\/strong>, un farmac\u00e9utico. El hecho ocurri\u00f3 el <strong>8 de octubre de 1999<\/strong> por la tarde en la farmacia ubicada sobre avenida Col\u00f3n. Attad\u00eda fue detenido, al igual que otro joven, y permanecieron en esa condici\u00f3n hasta que<strong> fueron absueltos en el juicio oral realizado en Azul<\/strong>.<\/p>\n<p>&nbsp;<\/p>\n<blockquote class=\"wp-embedded-content\" data-secret=\"dAC02hMcAk\"><p><a href=\"https:\/\/cdnoticias.com\/index.php\/2023\/09\/18\/robo-dinero-y-un-celular-de-un-comercio-centrico-y-fue-atrapado\/\">Rob\u00f3 dinero y un celular de un comercio c\u00e9ntrico y fue atrapado<\/a><\/p><\/blockquote>\n<p><iframe loading=\"lazy\" class=\"wp-embedded-content\" sandbox=\"allow-scripts\" security=\"restricted\" style=\"position: absolute; clip: rect(1px, 1px, 1px, 1px);\" title=\"&#8220;Rob\u00f3 dinero y un celular de un comercio c\u00e9ntrico y fue atrapado&#8221; &#8212; Central de Noticias | Olavarr\u00eda\" src=\"https:\/\/cdnoticias.com\/index.php\/2023\/09\/18\/robo-dinero-y-un-celular-de-un-comercio-centrico-y-fue-atrapado\/embed\/#?secret=VDsR1Fbbk0#?secret=dAC02hMcAk\" data-secret=\"dAC02hMcAk\" width=\"600\" height=\"338\" frameborder=\"0\" marginwidth=\"0\" marginheight=\"0\" scrolling=\"no\"><\/iframe><\/p>\n<p>&nbsp;<\/p>\n","protected":false},"excerpt":{"rendered":"<p>El hombre, de 42 a\u00f1os, tiene numerosos antecedentes por delitos del mismo tipo. Hab\u00eda sustra\u00eddo un tel\u00e9fono celular y una<\/p>\n","protected":false},"author":4,"featured_media":96575,"comment_status":"closed","ping_status":"closed","sticky":false,"template":"","format":"standard","meta":{"_jetpack_memberships_contains_paid_content":false,"footnotes":""},"categories":[14,1],"tags":[],"class_list":["post-96994","post","type-post","status-publish","format-standard","has-post-thumbnail","hentry","category-policiales","category-portada"],"jetpack_featured_media_url":"https:\/\/i0.wp.com\/cdnoticias.com\/wp-content\/uploads\/2023\/09\/aprehendido-comercio-celular.jpg?fit=798%2C444&ssl=1","jetpack_sharing_enabled":true,"_links":{"self":[{"href":"https:\/\/cdnoticias.com\/index.php\/wp-json\/wp\/v2\/posts\/96994","targetHints":{"allow":["GET"]}}],"collection":[{"href":"https:\/\/cdnoticias.com\/index.php\/wp-json\/wp\/v2\/posts"}],"about":[{"href":"https:\/\/cdnoticias.com\/index.php\/wp-json\/wp\/v2\/types\/post"}],"author":[{"embeddable":true,"href":"https:\/\/cdnoticias.com\/index.php\/wp-json\/wp\/v2\/users\/4"}],"replies":[{"embeddable":true,"href":"https:\/\/cdnoticias.com\/index.php\/wp-json\/wp\/v2\/comments?post=96994"}],"version-history":[{"count":0,"href":"https:\/\/cdnoticias.com\/index.php\/wp-json\/wp\/v2\/posts\/96994\/revisions"}],"wp:featuredmedia":[{"embeddable":true,"href":"https:\/\/cdnoticias.com\/index.php\/wp-json\/wp\/v2\/media\/96575"}],"wp:attachment":[{"href":"https:\/\/cdnoticias.com\/index.php\/wp-json\/wp\/v2\/media?parent=96994"}],"wp:term":[{"taxonomy":"category","embeddable":true,"href":"https:\/\/cdnoticias.com\/index.php\/wp-json\/wp\/v2\/categories?post=96994"},{"taxonomy":"post_tag","embeddable":true,"href":"https:\/\/cdnoticias.com\/index.php\/wp-json\/wp\/v2\/tags?post=96994"}],"curies":[{"name":"wp","href":"https:\/\/api.w.org\/{rel}","templated":true}]}}