{"id":96991,"date":"2023-09-21T12:32:22","date_gmt":"2023-09-21T15:32:22","guid":{"rendered":"https:\/\/www.centraldenoticias.com.ar\/?p=96991"},"modified":"2023-09-21T17:46:25","modified_gmt":"2023-09-21T20:46:25","slug":"detuvieron-a-un-hombre-que-tenia-dos-pedidos-de-captura-por-robo-calificado-y-amenazas","status":"publish","type":"post","link":"https:\/\/cdnoticias.com\/index.php\/2023\/09\/21\/detuvieron-a-un-hombre-que-tenia-dos-pedidos-de-captura-por-robo-calificado-y-amenazas\/","title":{"rendered":"Detuvieron a un hombre que ten\u00eda dos pedidos de captura por robo calificado y amenazas"},"content":{"rendered":"<p>Una por un hecho cometido en La Plata y la otra por una causa radicada en CABA. Al momento de la detenci\u00f3n se encontraba acompa\u00f1ado por una persona que intent\u00f3 agredir a los polic\u00edas. Fue aprehendido. <!--more--><\/p>\n<hr \/>\n<p>Un hombre de 30 a\u00f1os que ten\u00eda<strong> dos pedidos de captura activa<\/strong> fue detenido por personal del Comando de Patrullas durante la jornada del mi\u00e9rcoles en avenida Col\u00f3n al 2600.<\/p>\n<p>&nbsp;<\/p>\n<p>Seg\u00fan se especific\u00f3 las solicitudes corresponden al Tribunal Criminal N\u00b0 1 de La Plata en una causa caratulada como<strong> \u201crobo calificado\u201d<\/strong> y la otra, ordenada por el Tribunal Oral Criminal N\u00b0 30 de CABA en una causa de <strong>\u201camenazas coactivas\u201d.<\/strong><\/p>\n<p>&nbsp;<\/p>\n<p>El hombre fue identificado como<strong> Carlos Alejandro Gonz\u00e1lez<\/strong> y al momento de la detenci\u00f3n, <strong>se encontraba acompa\u00f1ado por un joven de 21 a\u00f1os que intent\u00f3 agredir al personal policial<\/strong> por lo que fue aprehendido por \u201cresistencia a la autoridad\u201d.<\/p>\n<p>&nbsp;<\/p>\n<p>Interviene la UFI N\u00b0 7 a cargo de Christian Urlezaga.<\/p>\n","protected":false},"excerpt":{"rendered":"<p>Una por un hecho cometido en La Plata y la otra por una causa radicada en CABA. Al momento de<\/p>\n","protected":false},"author":5,"featured_media":96992,"comment_status":"closed","ping_status":"closed","sticky":false,"template":"","format":"standard","meta":{"_jetpack_memberships_contains_paid_content":false,"footnotes":""},"categories":[14,1],"tags":[],"class_list":["post-96991","post","type-post","status-publish","format-standard","has-post-thumbnail","hentry","category-policiales","category-portada"],"jetpack_featured_media_url":"https:\/\/i0.wp.com\/cdnoticias.com\/wp-content\/uploads\/2023\/09\/detenido-gonzalez-captura-activa.jpg?fit=1020%2C567&ssl=1","jetpack_sharing_enabled":true,"_links":{"self":[{"href":"https:\/\/cdnoticias.com\/index.php\/wp-json\/wp\/v2\/posts\/96991","targetHints":{"allow":["GET"]}}],"collection":[{"href":"https:\/\/cdnoticias.com\/index.php\/wp-json\/wp\/v2\/posts"}],"about":[{"href":"https:\/\/cdnoticias.com\/index.php\/wp-json\/wp\/v2\/types\/post"}],"author":[{"embeddable":true,"href":"https:\/\/cdnoticias.com\/index.php\/wp-json\/wp\/v2\/users\/5"}],"replies":[{"embeddable":true,"href":"https:\/\/cdnoticias.com\/index.php\/wp-json\/wp\/v2\/comments?post=96991"}],"version-history":[{"count":0,"href":"https:\/\/cdnoticias.com\/index.php\/wp-json\/wp\/v2\/posts\/96991\/revisions"}],"wp:featuredmedia":[{"embeddable":true,"href":"https:\/\/cdnoticias.com\/index.php\/wp-json\/wp\/v2\/media\/96992"}],"wp:attachment":[{"href":"https:\/\/cdnoticias.com\/index.php\/wp-json\/wp\/v2\/media?parent=96991"}],"wp:term":[{"taxonomy":"category","embeddable":true,"href":"https:\/\/cdnoticias.com\/index.php\/wp-json\/wp\/v2\/categories?post=96991"},{"taxonomy":"post_tag","embeddable":true,"href":"https:\/\/cdnoticias.com\/index.php\/wp-json\/wp\/v2\/tags?post=96991"}],"curies":[{"name":"wp","href":"https:\/\/api.w.org\/{rel}","templated":true}]}}