{"id":96917,"date":"2023-09-20T19:56:07","date_gmt":"2023-09-20T22:56:07","guid":{"rendered":"https:\/\/www.centraldenoticias.com.ar\/?p=96917"},"modified":"2023-09-21T08:03:48","modified_gmt":"2023-09-21T11:03:48","slug":"la-propuesta-es-acercar-el-cine-a-muchos-lugares-llegar-a-todas-las-personas","status":"publish","type":"post","link":"https:\/\/cdnoticias.com\/index.php\/2023\/09\/20\/la-propuesta-es-acercar-el-cine-a-muchos-lugares-llegar-a-todas-las-personas\/","title":{"rendered":"&#8220;La propuesta es acercar el cine a muchos lugares, llegar a todas las personas&#8221;"},"content":{"rendered":"<p>Este mi\u00e9rcoles en conferencia de prensa se adelantaron detalles del Festival Latinoamericano de Cortos en Olavarr\u00eda. Estuvieron presentes los organizadores Sebasti\u00e1n Magallanes y Roberto Vecchi junto a Ver\u00f3nica Eseberri y Sebasti\u00e1n Lindner, parte del jurado.<!--more--><\/p>\n<hr \/>\n<p>El <strong>Festival Latinoamericano de Cortos<\/strong> <strong>en Olavarr\u00eda<\/strong> tendr\u00e1 lugar este <a href=\"https:\/\/cdnoticias.com\/index.php\/2023\/09\/19\/comienza-el-festival-latinoamericano-de-cortos-de-olavarria\/\" target=\"_blank\" rel=\"noopener\">s\u00e1bado 23 y domingo 24 de septiembre en seis salas de la ciudad<\/a> donde se proyectar\u00e1n <strong>cortometrajes de 7 pa\u00edses<\/strong> de Latinoam\u00e9rica. La apertura ser\u00e1 el s\u00e1bado en el <strong>Teatro Municipal<\/strong> y el acceso a la totalidad de las actividades es <strong>libre y gratuito.\u00a0<\/strong><br \/>\n&nbsp;<br \/>\nEste mi\u00e9rcoles por la tarde, en conferencia de prensa, se adelantaron detalles del Festival. Estuvieron presentes los organizadores <strong>Sebasti\u00e1n Magallanes y Roberto Vecchi<\/strong> junto a <strong>Ver\u00f3nica Eseberri y Sebasti\u00e1n Lindner,<\/strong> parte del jurado.<br \/>\n&nbsp;<br \/>\n<img data-recalc-dims=\"1\" loading=\"lazy\" decoding=\"async\" class=\"aligncenter wp-image-96921 size-full\" src=\"https:\/\/i0.wp.com\/cdnoticias.com\/wp-content\/uploads\/2023\/09\/cortos4-conf.jpg?resize=800%2C446&#038;ssl=1\" alt=\"\" width=\"800\" height=\"446\" srcset=\"https:\/\/i0.wp.com\/cdnoticias.com\/wp-content\/uploads\/2023\/09\/cortos4-conf.jpg?w=1072&amp;ssl=1 1072w, https:\/\/i0.wp.com\/cdnoticias.com\/wp-content\/uploads\/2023\/09\/cortos4-conf.jpg?resize=300%2C167&amp;ssl=1 300w, https:\/\/i0.wp.com\/cdnoticias.com\/wp-content\/uploads\/2023\/09\/cortos4-conf.jpg?resize=1024%2C570&amp;ssl=1 1024w, https:\/\/i0.wp.com\/cdnoticias.com\/wp-content\/uploads\/2023\/09\/cortos4-conf.jpg?resize=768%2C428&amp;ssl=1 768w, https:\/\/i0.wp.com\/cdnoticias.com\/wp-content\/uploads\/2023\/09\/cortos4-conf.jpg?resize=800%2C445&amp;ssl=1 800w\" sizes=\"auto, (max-width: 800px) 100vw, 800px\" \/><br \/>\n&nbsp;<br \/>\nPrimeramente <strong>Roberto Vecchi,<\/strong> uno de los organizadores del Festival expres\u00f3 que &#8220;<em>el cine nos sigue ense\u00f1ando que <strong>la salida siempre va a ser colectiva.<\/strong> Somos amantes rabiosos del cine. <strong>La propuesta es acercar el cine a muchos lugares, llegar a todas las personas.<\/strong> Todos trabajamos para un mismo fin, con la misma intensidad y con la misma pasi\u00f3n. So\u00f1amos con esto y con verlo materializado. Estoy muy feliz de que esto este sucediendo en Olavarr\u00eda&#8221;.<\/em><br \/>\n&nbsp;<br \/>\n<img data-recalc-dims=\"1\" loading=\"lazy\" decoding=\"async\" class=\"aligncenter wp-image-96923 size-full\" src=\"https:\/\/i0.wp.com\/cdnoticias.com\/wp-content\/uploads\/2023\/09\/cortos6-conf.jpg?resize=800%2C445&#038;ssl=1\" alt=\"\" width=\"800\" height=\"445\" srcset=\"https:\/\/i0.wp.com\/cdnoticias.com\/wp-content\/uploads\/2023\/09\/cortos6-conf.jpg?w=1072&amp;ssl=1 1072w, https:\/\/i0.wp.com\/cdnoticias.com\/wp-content\/uploads\/2023\/09\/cortos6-conf.jpg?resize=300%2C167&amp;ssl=1 300w, https:\/\/i0.wp.com\/cdnoticias.com\/wp-content\/uploads\/2023\/09\/cortos6-conf.jpg?resize=1024%2C569&amp;ssl=1 1024w, https:\/\/i0.wp.com\/cdnoticias.com\/wp-content\/uploads\/2023\/09\/cortos6-conf.jpg?resize=768%2C427&amp;ssl=1 768w, https:\/\/i0.wp.com\/cdnoticias.com\/wp-content\/uploads\/2023\/09\/cortos6-conf.jpg?resize=800%2C445&amp;ssl=1 800w\" sizes=\"auto, (max-width: 800px) 100vw, 800px\" \/><br \/>\n&nbsp;<br \/>\nOtro de los organizadores, <strong>Sebasti\u00e1n Magallanes<\/strong>, agreg\u00f3 que \u201c<em>el cine une a todo el mundo. Todos podemos emocionarnos con directores de cine y estar en diferentes lugares, ser parte de esa historia. El festival busca <strong>revivir este espacio<\/strong> que estaba bastante dormido en la ciudad y son festivales que acercan a la gente a producciones que de otra manera no podr\u00edan acceder\u201d.<\/em><br \/>\n&nbsp;<\/p>\n<blockquote><p>Por su parte,\u00a0Ver\u00f3nica Eseberri, directora de CEPEAC 1 y jurado del evento indic\u00f3 que &#8220;las producciones fueron muy buenas y variadas. Rescato que se vuelva a recuperar esto de encontrarnos en una sala con una proyecci\u00f3n en grande y eso es lo lindo del cine\u201d en tanto el periodista y jurado\u00a0Sebasti\u00e1n Lindner sostuvo: \u201cComo jurado me encontr\u00e9 con cortos muy atractivos, con much\u00edsimos no pens\u00e9 que eran tantos. Hay cortos de muchos pa\u00edses de muy buena calidad, los invito a que pasen por las salas\u201d.<\/p><\/blockquote>\n<p>&nbsp;<br \/>\n<img data-recalc-dims=\"1\" loading=\"lazy\" decoding=\"async\" class=\"aligncenter wp-image-96919 size-full\" src=\"https:\/\/i0.wp.com\/cdnoticias.com\/wp-content\/uploads\/2023\/09\/cortos2-conf.jpg?resize=800%2C446&#038;ssl=1\" alt=\"\" width=\"800\" height=\"446\" srcset=\"https:\/\/i0.wp.com\/cdnoticias.com\/wp-content\/uploads\/2023\/09\/cortos2-conf.jpg?w=1072&amp;ssl=1 1072w, https:\/\/i0.wp.com\/cdnoticias.com\/wp-content\/uploads\/2023\/09\/cortos2-conf.jpg?resize=300%2C167&amp;ssl=1 300w, https:\/\/i0.wp.com\/cdnoticias.com\/wp-content\/uploads\/2023\/09\/cortos2-conf.jpg?resize=1024%2C570&amp;ssl=1 1024w, https:\/\/i0.wp.com\/cdnoticias.com\/wp-content\/uploads\/2023\/09\/cortos2-conf.jpg?resize=768%2C428&amp;ssl=1 768w, https:\/\/i0.wp.com\/cdnoticias.com\/wp-content\/uploads\/2023\/09\/cortos2-conf.jpg?resize=800%2C445&amp;ssl=1 800w\" sizes=\"auto, (max-width: 800px) 100vw, 800px\" \/><br \/>\n&nbsp;<br \/>\nPor \u00faltimo, cerraron: \u201c<em><strong>el a\u00f1o que viene queremos que llegue el festival a las localidades. Creemos que va a haber concurrencia, tuvo buena llegada, la gente se va acercar y conocer salas o espacios que por ah\u00ed no conoc\u00edan\u201d<\/strong><\/em><\/p>\n","protected":false},"excerpt":{"rendered":"<p>Este mi\u00e9rcoles en conferencia de prensa se adelantaron detalles del Festival Latinoamericano de Cortos en Olavarr\u00eda. Estuvieron presentes los organizadores<\/p>\n","protected":false},"author":6,"featured_media":96922,"comment_status":"closed","ping_status":"closed","sticky":false,"template":"","format":"standard","meta":{"_jetpack_memberships_contains_paid_content":false,"footnotes":""},"categories":[9,1],"tags":[],"class_list":["post-96917","post","type-post","status-publish","format-standard","has-post-thumbnail","hentry","category-cultura","category-portada"],"jetpack_featured_media_url":"https:\/\/i0.wp.com\/cdnoticias.com\/wp-content\/uploads\/2023\/09\/cortos5-conf.jpg?fit=1072%2C596&ssl=1","jetpack_sharing_enabled":true,"_links":{"self":[{"href":"https:\/\/cdnoticias.com\/index.php\/wp-json\/wp\/v2\/posts\/96917","targetHints":{"allow":["GET"]}}],"collection":[{"href":"https:\/\/cdnoticias.com\/index.php\/wp-json\/wp\/v2\/posts"}],"about":[{"href":"https:\/\/cdnoticias.com\/index.php\/wp-json\/wp\/v2\/types\/post"}],"author":[{"embeddable":true,"href":"https:\/\/cdnoticias.com\/index.php\/wp-json\/wp\/v2\/users\/6"}],"replies":[{"embeddable":true,"href":"https:\/\/cdnoticias.com\/index.php\/wp-json\/wp\/v2\/comments?post=96917"}],"version-history":[{"count":0,"href":"https:\/\/cdnoticias.com\/index.php\/wp-json\/wp\/v2\/posts\/96917\/revisions"}],"wp:featuredmedia":[{"embeddable":true,"href":"https:\/\/cdnoticias.com\/index.php\/wp-json\/wp\/v2\/media\/96922"}],"wp:attachment":[{"href":"https:\/\/cdnoticias.com\/index.php\/wp-json\/wp\/v2\/media?parent=96917"}],"wp:term":[{"taxonomy":"category","embeddable":true,"href":"https:\/\/cdnoticias.com\/index.php\/wp-json\/wp\/v2\/categories?post=96917"},{"taxonomy":"post_tag","embeddable":true,"href":"https:\/\/cdnoticias.com\/index.php\/wp-json\/wp\/v2\/tags?post=96917"}],"curies":[{"name":"wp","href":"https:\/\/api.w.org\/{rel}","templated":true}]}}