{"id":96882,"date":"2023-09-20T13:09:27","date_gmt":"2023-09-20T16:09:27","guid":{"rendered":"https:\/\/www.centraldenoticias.com.ar\/?p=96882"},"modified":"2023-09-20T19:05:15","modified_gmt":"2023-09-20T22:05:15","slug":"violento-accidente-una-motociclista-sufrio-una-fractura-en-una-pierna","status":"publish","type":"post","link":"https:\/\/cdnoticias.com\/index.php\/2023\/09\/20\/violento-accidente-una-motociclista-sufrio-una-fractura-en-una-pierna\/","title":{"rendered":"Violento accidente: una motociclista sufri\u00f3 una fractura en una pierna"},"content":{"rendered":"<p>Fue este mi\u00e9rcoles tras ser embestida por un veh\u00edculo utilitario en avenida Del Valle y Aguilar. Fue trasladada al Hospital Municipal.<!--more--><\/p>\n<hr \/>\n<p>Cerca de las 11:00 de este mi\u00e9rcoles se produjo un <strong>fuerte accidente entre un veh\u00edculo utilitario y una moto.<\/strong><\/p>\n<p>&nbsp;<\/p>\n<p>El incidente se registr\u00f3 en la intersecci\u00f3n de avenida<strong> Del Valle y Aguilar<\/strong>. Seg\u00fan se detall\u00f3,<strong> la moto conducida por una mujer circulaba por la avenida cuando fue embestida por un Fiat Fiorino.<\/strong><\/p>\n<p>&nbsp;<\/p>\n<p><img data-recalc-dims=\"1\" loading=\"lazy\" decoding=\"async\" class=\"aligncenter size-full wp-image-96884\" src=\"https:\/\/i0.wp.com\/cdnoticias.com\/wp-content\/uploads\/2023\/09\/accidente-delvalle-aguilar-02.jpg?resize=800%2C445&#038;ssl=1\" alt=\"\" width=\"800\" height=\"445\" srcset=\"https:\/\/i0.wp.com\/cdnoticias.com\/wp-content\/uploads\/2023\/09\/accidente-delvalle-aguilar-02.jpg?w=800&amp;ssl=1 800w, https:\/\/i0.wp.com\/cdnoticias.com\/wp-content\/uploads\/2023\/09\/accidente-delvalle-aguilar-02.jpg?resize=300%2C167&amp;ssl=1 300w, https:\/\/i0.wp.com\/cdnoticias.com\/wp-content\/uploads\/2023\/09\/accidente-delvalle-aguilar-02.jpg?resize=768%2C427&amp;ssl=1 768w\" sizes=\"auto, (max-width: 800px) 100vw, 800px\" \/><\/p>\n<p>&nbsp;<\/p>\n<p>Personal de salud arrib\u00f3 al lugar para asistir a la mujer y trasladarla al Hospital Municipal \u201cDr. H\u00e9ctor Cura\u201d. Desde el centro de salud local se indic\u00f3 que<strong> la mujer sufri\u00f3 una fractura en una de sus piernas.<\/strong><\/p>\n","protected":false},"excerpt":{"rendered":"<p>Fue este mi\u00e9rcoles tras ser embestida por un veh\u00edculo utilitario en avenida Del Valle y Aguilar. Fue trasladada al Hospital<\/p>\n","protected":false},"author":5,"featured_media":96883,"comment_status":"closed","ping_status":"closed","sticky":false,"template":"","format":"standard","meta":{"_jetpack_memberships_contains_paid_content":false,"footnotes":""},"categories":[14,1],"tags":[],"class_list":["post-96882","post","type-post","status-publish","format-standard","has-post-thumbnail","hentry","category-policiales","category-portada"],"jetpack_featured_media_url":"https:\/\/i0.wp.com\/cdnoticias.com\/wp-content\/uploads\/2023\/09\/accidente-delvalle-aguilar-01.jpg?fit=800%2C445&ssl=1","jetpack_sharing_enabled":true,"_links":{"self":[{"href":"https:\/\/cdnoticias.com\/index.php\/wp-json\/wp\/v2\/posts\/96882","targetHints":{"allow":["GET"]}}],"collection":[{"href":"https:\/\/cdnoticias.com\/index.php\/wp-json\/wp\/v2\/posts"}],"about":[{"href":"https:\/\/cdnoticias.com\/index.php\/wp-json\/wp\/v2\/types\/post"}],"author":[{"embeddable":true,"href":"https:\/\/cdnoticias.com\/index.php\/wp-json\/wp\/v2\/users\/5"}],"replies":[{"embeddable":true,"href":"https:\/\/cdnoticias.com\/index.php\/wp-json\/wp\/v2\/comments?post=96882"}],"version-history":[{"count":0,"href":"https:\/\/cdnoticias.com\/index.php\/wp-json\/wp\/v2\/posts\/96882\/revisions"}],"wp:featuredmedia":[{"embeddable":true,"href":"https:\/\/cdnoticias.com\/index.php\/wp-json\/wp\/v2\/media\/96883"}],"wp:attachment":[{"href":"https:\/\/cdnoticias.com\/index.php\/wp-json\/wp\/v2\/media?parent=96882"}],"wp:term":[{"taxonomy":"category","embeddable":true,"href":"https:\/\/cdnoticias.com\/index.php\/wp-json\/wp\/v2\/categories?post=96882"},{"taxonomy":"post_tag","embeddable":true,"href":"https:\/\/cdnoticias.com\/index.php\/wp-json\/wp\/v2\/tags?post=96882"}],"curies":[{"name":"wp","href":"https:\/\/api.w.org\/{rel}","templated":true}]}}