{"id":96874,"date":"2023-09-20T11:51:58","date_gmt":"2023-09-20T14:51:58","guid":{"rendered":"https:\/\/www.centraldenoticias.com.ar\/?p=96874"},"modified":"2023-09-21T08:00:48","modified_gmt":"2023-09-21T11:00:48","slug":"un-muerto-en-una-subestacion-transformadora-estiman-que-intentaba-robar-cables","status":"publish","type":"post","link":"https:\/\/cdnoticias.com\/index.php\/2023\/09\/20\/un-muerto-en-una-subestacion-transformadora-estiman-que-intentaba-robar-cables\/","title":{"rendered":"Un muerto en una Subestaci\u00f3n Transformadora: estiman que intentaba robar cables"},"content":{"rendered":"<p>Personal de Coopelectric hall\u00f3 a la persona fallecida en Circunvalaci\u00f3n Sur y Frontera Sur. Se desconoce su identidad y ya se iniciaron las actuaciones penales.<\/p>\n<p><!--more--><\/p>\n<hr \/>\n<p><strong>Una persona fallecida fue hallada en una Subestaci\u00f3n Transformadora<\/strong> por personal de Coopelectric. Se iniciaron las actuaciones penales para establecer lo sucedido.<\/p>\n<p>&nbsp;<\/p>\n<p>\u201cEsta ma\u00f1ana el personal de Coopelectric dio aviso a la Polic\u00eda tras<strong> encontrar a una persona fallecida en las instalaciones de la Subestaci\u00f3n Transformadora N\u00ba 913<\/strong>, ubicada en la intersecci\u00f3n de <strong>Circunvalaci\u00f3n Sur y Frontera Sur<\/strong>\u201d comunic\u00f3 la cooperativa.<br \/>\n&nbsp;<\/p>\n<blockquote><p>Se estim\u00f3 que la muerte se produjo cuando el hombre intentaba cometer un il\u00edcito. \u201cPor los datos recabados, se presume que el hombre &#8211; de quien a\u00fan se desconoce la identidad &#8211; habr\u00eda fallecido mientras intentaba sustraer cables de la Subestaci\u00f3n que alimenta a varios pozos de extracci\u00f3n de agua en ese sector\u201d inform\u00f3 Coopelectric a trav\u00e9s de un comunicado.<\/p><\/blockquote>\n<p>&nbsp;<br \/>\nEn este momento trabaja en el lugar <strong>personal de la Polic\u00eda Cient\u00edfica.<\/strong><br \/>\n&nbsp;<\/p>\n","protected":false},"excerpt":{"rendered":"<p>Personal de Coopelectric hall\u00f3 a la persona fallecida en Circunvalaci\u00f3n Sur y Frontera Sur. Se desconoce su identidad y ya<\/p>\n","protected":false},"author":4,"featured_media":96879,"comment_status":"closed","ping_status":"closed","sticky":false,"template":"","format":"standard","meta":{"_jetpack_memberships_contains_paid_content":false,"footnotes":""},"categories":[14,1],"tags":[],"class_list":["post-96874","post","type-post","status-publish","format-standard","has-post-thumbnail","hentry","category-policiales","category-portada"],"jetpack_featured_media_url":"https:\/\/i0.wp.com\/cdnoticias.com\/wp-content\/uploads\/2023\/09\/muerte-subestacion-transformadora-coopelectric.jpg?fit=1200%2C668&ssl=1","jetpack_sharing_enabled":true,"_links":{"self":[{"href":"https:\/\/cdnoticias.com\/index.php\/wp-json\/wp\/v2\/posts\/96874","targetHints":{"allow":["GET"]}}],"collection":[{"href":"https:\/\/cdnoticias.com\/index.php\/wp-json\/wp\/v2\/posts"}],"about":[{"href":"https:\/\/cdnoticias.com\/index.php\/wp-json\/wp\/v2\/types\/post"}],"author":[{"embeddable":true,"href":"https:\/\/cdnoticias.com\/index.php\/wp-json\/wp\/v2\/users\/4"}],"replies":[{"embeddable":true,"href":"https:\/\/cdnoticias.com\/index.php\/wp-json\/wp\/v2\/comments?post=96874"}],"version-history":[{"count":0,"href":"https:\/\/cdnoticias.com\/index.php\/wp-json\/wp\/v2\/posts\/96874\/revisions"}],"wp:featuredmedia":[{"embeddable":true,"href":"https:\/\/cdnoticias.com\/index.php\/wp-json\/wp\/v2\/media\/96879"}],"wp:attachment":[{"href":"https:\/\/cdnoticias.com\/index.php\/wp-json\/wp\/v2\/media?parent=96874"}],"wp:term":[{"taxonomy":"category","embeddable":true,"href":"https:\/\/cdnoticias.com\/index.php\/wp-json\/wp\/v2\/categories?post=96874"},{"taxonomy":"post_tag","embeddable":true,"href":"https:\/\/cdnoticias.com\/index.php\/wp-json\/wp\/v2\/tags?post=96874"}],"curies":[{"name":"wp","href":"https:\/\/api.w.org\/{rel}","templated":true}]}}