{"id":9687,"date":"2020-12-22T19:02:25","date_gmt":"2020-12-22T22:02:25","guid":{"rendered":"http:\/\/www.centraldenoticias.com.ar\/?p=9687"},"modified":"2020-12-22T19:05:07","modified_gmt":"2020-12-22T22:05:07","slug":"vergel-las-mujeres-somos-protagonistas-del-radicalismo","status":"publish","type":"post","link":"https:\/\/cdnoticias.com\/index.php\/2020\/12\/22\/vergel-las-mujeres-somos-protagonistas-del-radicalismo\/","title":{"rendered":"Vergel: \u201cLas mujeres somos protagonistas del radicalismo\u201d"},"content":{"rendered":"<p>&nbsp;<\/p>\n<p>Lo asegur\u00f3 la candidata a vicepresidenta al Comit\u00e9 local de la UCR, por la Lista 114 \u201cProtagonismo Radical\u201d. Respondi\u00f3 las cr\u00edticas realizadas por Alejandra Malamud, integrante de Radicales Olavarr\u00eda.<!--more--><\/p>\n<hr \/>\n<p><strong>Bel\u00e9n Vergel<\/strong> es candidata a vicepresidenta al Comit\u00e9 local de la UCR, por la Lista 114 \u201cProtagonismo Radical\u201d. En un duro comunicado acompa\u00f1ado por numerosas mujeres del partido, le contest\u00f3 las <a href=\"https:\/\/cdnoticias.com\/index.php\/2020\/12\/20\/la-dirigencia-actual-hizo-de-la-ucr-un-espacio-chiquito-y-expulsivo\/\" target=\"_blank\" rel=\"noopener\">cr\u00edticas realizadas por la abogada Alejandra Malamud<\/a>, integrante de Radicales Olavarr\u00eda, la l\u00ednea interna que lleva a \u201cBebe\u201d Lanceta como candidato al Comit\u00e9 local.<\/p>\n<p>&nbsp;<\/p>\n<p>La abogada hab\u00eda cuestionado duramente la dirigencia actual, reflexion\u00f3 sobre el rol de las mujeres dentro de la Uni\u00f3n C\u00edvica Radical y dej\u00f3 consideraciones sobre las internas de marzo.<\/p>\n<p>&nbsp;<\/p>\n<p>Justamente, Vergel se\u00f1al\u00f3 como una de las cuestiones m\u00e1s preocupantes<strong><em> \u201cla mirada que tiene respecto a la participaci\u00f3n de las mujeres en la pol\u00edtica, y principalmente el desconocimiento de la labor de las mujeres radicales\u201d.<\/em><\/strong><\/p>\n<p>&nbsp;<\/p>\n<p>Asegur\u00f3 que<em> \u201cno es mi estilo responder a notas donde oportunistas, pseudo radicales, o empleados del gobierno de turno deciden publicar agraviando a nuestro partido. Porque siempre entiendo que lo hacen en la desesperaci\u00f3n de tener repercusi\u00f3n medi\u00e1tica ante la carencia de propuestas, la falta de iniciativa, y la poca calle caminada. <strong>S\u00f3lo los conducen las ansias de ganar una elecci\u00f3n a cualquier costo, ensuciando a un espacio con tanta trayectoria<\/strong>\u201d.<\/em><\/p>\n<p>&nbsp;<\/p>\n<p><em>\u201cPuedo dar fe que Alejandra Malamud no ha participado en el Partido Radical por lo menos en los \u00faltimos 25 a\u00f1os, tiempo en el que empec\u00e9 a colaborar en diferentes grados de representaci\u00f3n local y seccional. Desde entonces, las MUJERES RADICALES hemos realizado diferentes tipos de actividades de formaci\u00f3n y vinculaci\u00f3n pol\u00edtica, actividades sociales y de territorio, c\u00f3mo tambi\u00e9n de fomento y recolecci\u00f3n de fondos para la recuperaci\u00f3n de nuestro Comit\u00e9, entre otras. J<strong>AM\u00c1S he visto la presencia de la mencionada, ni tampoco ning\u00fan intento de acercamiento<\/strong>\u201d<\/em>, indic\u00f3.<\/p>\n<p>&nbsp;<\/p>\n<p>En cuanto a los problemas de <strong>afiliaci\u00f3n que Malamud<\/strong> reflej\u00f3 en sus dichos, aclar\u00f3 que <em>\u201ccomo miembro de la Junta Electoral que fui, y en conocimiento de que la actual Mesa Directiva del partido present\u00f3 a pedido suyo la ficha de afiliaci\u00f3n correspondiente en m\u00e1s de una oportunidad, no siendo aceptada por la Justicia Electoral (que nada tiene que ver con la UCR), por estar afiliada a otro partido pol\u00edtico. Los vaivenes en su ideolog\u00eda y en su representaci\u00f3n partidaria, no son responsabilidad de nadie m\u00e1s que de ella misma\u201d.<\/em><\/p>\n<p>&nbsp;<\/p>\n<blockquote><p>Vergel indic\u00f3 que \u201clo m\u00e1s indignante\u201d es el cuestionamiento de la participaci\u00f3n pol\u00edtica \u201cde las mujeres que guardamos alguna relaci\u00f3n de parentesco como si ello fuera una limitante para nuestra participaci\u00f3n ciudadana\u201d.<\/p><\/blockquote>\n<p>&nbsp;<\/p>\n<p><em>\u201cEste tipo de pensamientos y expresiones vulnera nuestros derechos de participaci\u00f3n plena porque pone sobre nuestra militancia limitantes. <strong>\u00bfLas mujeres deber\u00edamos dejar de militar por nuestros v\u00ednculos con otras personas con las que compartimos espacios de participaci\u00f3n ciudadana? \u00bfsi conformamos un espacio pol\u00edtico eso supone que solo puede ser de relleno?<\/strong>\u201d<\/em> se pregunt\u00f3.<\/p>\n<p>&nbsp;<\/p>\n<p>Y agreg\u00f3 <em>\u201cjustamente Malamud deber\u00eda rever sus palabras porque comparte espacio de participaci\u00f3n pol\u00edtica con familiares directos \u00bfAcaso alguno deber\u00eda dejar de participar? \u00bfacaso deber\u00eda presuponerse que su participaci\u00f3n es por alguno de sus familiares? De ning\u00fan modo debemos proceder guiadas nosotras mismas por<strong> prejuicios de g\u00e9nero que ubican a la mujer en relaciones de poder desiguales.<\/strong> Es un discurso que atrasa mucho, y genera mayor da\u00f1o viniendo de una mujer\u201d.<\/em><\/p>\n<p>&nbsp;<\/p>\n<p>Por \u00faltimo, se\u00f1al\u00f3 que <em>\u201cla UCR es un espacio abierto, las actividades son para la comunidad y los debates se dan en igualdad de g\u00e9nero; las mujeres que pertenecemos a este espacio no llenamos el cupo sino que lo integramos, somos personas libres de pensamiento y acci\u00f3n. Agradecidas de no tener que salir en los medios con notas destructivas para encontrar un tema donde nos den un espacio. <strong>\u00a1Las mujeres somos protagonistas del radicalismo!<\/strong>\u201d.<\/em><\/p>\n","protected":false},"excerpt":{"rendered":"<p>&nbsp; Lo asegur\u00f3 la candidata a vicepresidenta al Comit\u00e9 local de la UCR, por la Lista 114 \u201cProtagonismo Radical\u201d. Respondi\u00f3<\/p>\n","protected":false},"author":5,"featured_media":9698,"comment_status":"closed","ping_status":"closed","sticky":false,"template":"","format":"standard","meta":{"_jetpack_memberships_contains_paid_content":false,"footnotes":""},"categories":[4,1],"tags":[],"class_list":["post-9687","post","type-post","status-publish","format-standard","has-post-thumbnail","hentry","category-politica","category-portada"],"jetpack_featured_media_url":"https:\/\/i0.wp.com\/cdnoticias.com\/wp-content\/uploads\/2020\/12\/vergel2-1.jpg?fit=268%2C211&ssl=1","jetpack_sharing_enabled":true,"_links":{"self":[{"href":"https:\/\/cdnoticias.com\/index.php\/wp-json\/wp\/v2\/posts\/9687","targetHints":{"allow":["GET"]}}],"collection":[{"href":"https:\/\/cdnoticias.com\/index.php\/wp-json\/wp\/v2\/posts"}],"about":[{"href":"https:\/\/cdnoticias.com\/index.php\/wp-json\/wp\/v2\/types\/post"}],"author":[{"embeddable":true,"href":"https:\/\/cdnoticias.com\/index.php\/wp-json\/wp\/v2\/users\/5"}],"replies":[{"embeddable":true,"href":"https:\/\/cdnoticias.com\/index.php\/wp-json\/wp\/v2\/comments?post=9687"}],"version-history":[{"count":0,"href":"https:\/\/cdnoticias.com\/index.php\/wp-json\/wp\/v2\/posts\/9687\/revisions"}],"wp:featuredmedia":[{"embeddable":true,"href":"https:\/\/cdnoticias.com\/index.php\/wp-json\/wp\/v2\/media\/9698"}],"wp:attachment":[{"href":"https:\/\/cdnoticias.com\/index.php\/wp-json\/wp\/v2\/media?parent=9687"}],"wp:term":[{"taxonomy":"category","embeddable":true,"href":"https:\/\/cdnoticias.com\/index.php\/wp-json\/wp\/v2\/categories?post=9687"},{"taxonomy":"post_tag","embeddable":true,"href":"https:\/\/cdnoticias.com\/index.php\/wp-json\/wp\/v2\/tags?post=9687"}],"curies":[{"name":"wp","href":"https:\/\/api.w.org\/{rel}","templated":true}]}}