{"id":96865,"date":"2023-09-20T11:20:55","date_gmt":"2023-09-20T14:20:55","guid":{"rendered":"https:\/\/www.centraldenoticias.com.ar\/?p=96865"},"modified":"2023-09-20T13:09:47","modified_gmt":"2023-09-20T16:09:47","slug":"el-director-de-licencias-de-conducir-sobre-el-ataque-al-policia-este-nivel-de-agresion-jamas","status":"publish","type":"post","link":"https:\/\/cdnoticias.com\/index.php\/2023\/09\/20\/el-director-de-licencias-de-conducir-sobre-el-ataque-al-policia-este-nivel-de-agresion-jamas\/","title":{"rendered":"El director de Licencias de Conducir, sobre el ataque al polic\u00eda: \u201cEste nivel de agresi\u00f3n, jam\u00e1s\u201d"},"content":{"rendered":"<p>Cont\u00f3 que el agresor hab\u00eda estado en la dependencia el lunes y volvi\u00f3 el martes. El polic\u00eda agredido \u201ctiene cuatro piezas dentales de arriba que le estuvieron haciendo un tratamiento. Se hizo una placa. No sabe si no las va a perder\u201d.<\/p>\n<p><!--more--><\/p>\n<hr \/>\n<p><strong>\u201cEste nivel de agresi\u00f3n, jam\u00e1s. Yo hace un a\u00f1o y medio que estoy y jam\u00e1s me pas\u00f3 algo ni parecido\u201d<\/strong> dijo el<strong> director de Licencias de Conducir municipal, Leandro Lanceta<\/strong>, sobre el <a href=\"https:\/\/cdnoticias.com\/index.php\/2023\/09\/19\/fuertes-lesiones-a-un-policia-en-la-direccion-de-licencias-de-conducir\/\" target=\"_blank\" rel=\"noopener\">episodio registrado en la ma\u00f1ana de este martes en el que un efectivo policial result\u00f3 herido<\/a> tras el ataque de una persona.<\/p>\n<p>&nbsp;<\/p>\n<blockquote><p>En una entrevista que cedi\u00f3 al programa Levantate por Radio Sapiens 102.7 defini\u00f3 lo sucedido como \u201clamentable\u201d y quiso inicialmente \u201csolidarizarme con Iv\u00e1n, que es el polic\u00eda que fue atacado. \u00c9l es parte del cuerpo de la polic\u00eda bonaerense, pero es un compa\u00f1ero m\u00e1s porque estaba todos los d\u00edas ac\u00e1 custodiando la Direcci\u00f3n de Licencias de Conducir. Y obviamente repudiar el hecho de la agresi\u00f3n\u201d.<\/p><\/blockquote>\n<p>&nbsp;<\/p>\n<p>Tal como inform\u00f3<strong> Central de Noticias<\/strong>, <strong>un sargento de 42 a\u00f1os<\/strong> que se desempe\u00f1a en el CPO y cumple funciones de custodia en la sede municipal de calle Rivadavia fue <strong>atacado por un hombre que buscaba iniciar el tr\u00e1mite en la dependencia<\/strong>.<\/p>\n<p>&nbsp;<\/p>\n<p><img data-recalc-dims=\"1\" loading=\"lazy\" decoding=\"async\" class=\"size-full wp-image-96743 aligncenter\" src=\"https:\/\/i0.wp.com\/cdnoticias.com\/wp-content\/uploads\/2023\/09\/aprehendido-licencias-conducir.jpg?resize=800%2C445&#038;ssl=1\" alt=\"\" width=\"800\" height=\"445\" srcset=\"https:\/\/i0.wp.com\/cdnoticias.com\/wp-content\/uploads\/2023\/09\/aprehendido-licencias-conducir.jpg?w=800&amp;ssl=1 800w, https:\/\/i0.wp.com\/cdnoticias.com\/wp-content\/uploads\/2023\/09\/aprehendido-licencias-conducir.jpg?resize=300%2C167&amp;ssl=1 300w, https:\/\/i0.wp.com\/cdnoticias.com\/wp-content\/uploads\/2023\/09\/aprehendido-licencias-conducir.jpg?resize=768%2C427&amp;ssl=1 768w\" sizes=\"auto, (max-width: 800px) 100vw, 800px\" \/><\/p>\n<p>&nbsp;<\/p>\n<p>Lanceta cont\u00f3 que <strong>el hombre, un camionero de 55 a\u00f1os, se present\u00f3 el lunes y el martes en la Direcci\u00f3n de Licencias de Conducir<\/strong> con el objetivo de renovar su licencia de conducir profesional. Explic\u00f3 que el inicio de<strong> este tipo de gesti\u00f3n requiere obligatoriamente que el solicitante tenga un certificado de antecedentes penales<\/strong> que otorga de manera personal el Ministerio de Justicia. Ese documento se entrega de forma personal al mail del solicitante.<\/p>\n<p>&nbsp;<\/p>\n<p><strong>El hombre \u201chab\u00eda venido el d\u00eda lunes sin el antecedente.<\/strong> Los chicos de Mesa de Entrada, de buena manera, le explicaron que no se pod\u00eda tramitar sin el antecedente y que viniese sin turno cuando lo tuviera\u201d. <strong>El d\u00eda martes, a las 7.50 regres\u00f3<\/strong>, <em>\u201cle explicaron que la situaci\u00f3n era la misma, que no se pod\u00eda iniciar\u201d<\/em>.<\/p>\n<p>&nbsp;<\/p>\n<blockquote><p>El director municipal indic\u00f3 que \u201cse le explic\u00f3 esto de buena forma dos o tres veces en la parte de Mesa de Entrada. Esto es al inicio del Sal\u00f3n Rivadavia. Empez\u00f3 a gritar. Despu\u00e9s el polic\u00eda Iv\u00e1n lo invita a salir amablemente, como corresponde y como lo hace siempre, porque Iv\u00e1n es un fen\u00f3meno, es un buen tipo siempre nos acompa\u00f1a, nos ayuda y siempre lo hace de buena forma. Sale del Sal\u00f3n Rivadavia y cuando llegaron a la vereda, ah\u00ed es donde le propin\u00f3 un cabezazo y una trompada en la cara a Iv\u00e1n. Iv\u00e1n qued\u00f3 ca\u00eddo en el suelo. Logr\u00f3 reducirlo y por suerte, r\u00e1pidamente, lleg\u00f3 la ambulancia y un patrullero que lo retuvo a este hombre\u201d.<\/p><\/blockquote>\n<p>&nbsp;<\/p>\n<p><img data-recalc-dims=\"1\" loading=\"lazy\" decoding=\"async\" class=\"size-full wp-image-96742 aligncenter\" src=\"https:\/\/i0.wp.com\/cdnoticias.com\/wp-content\/uploads\/2023\/09\/aprehendido-licencias-conducir-01.jpg?resize=800%2C445&#038;ssl=1\" alt=\"\" width=\"800\" height=\"445\" srcset=\"https:\/\/i0.wp.com\/cdnoticias.com\/wp-content\/uploads\/2023\/09\/aprehendido-licencias-conducir-01.jpg?w=800&amp;ssl=1 800w, https:\/\/i0.wp.com\/cdnoticias.com\/wp-content\/uploads\/2023\/09\/aprehendido-licencias-conducir-01.jpg?resize=300%2C167&amp;ssl=1 300w, https:\/\/i0.wp.com\/cdnoticias.com\/wp-content\/uploads\/2023\/09\/aprehendido-licencias-conducir-01.jpg?resize=768%2C427&amp;ssl=1 768w\" sizes=\"auto, (max-width: 800px) 100vw, 800px\" \/><\/p>\n<p>&nbsp;<\/p>\n<blockquote><p>Lanceta estuvo en contacto con el efectivo policial herido. \u201cIv\u00e1n tiene cuatro piezas dentales de arriba que le estuvieron haciendo un tratamiento. Se hizo una placa. No sabe si no las va a perder. Y radic\u00f3 la denuncia por lesiones\u201d dijo.<\/p><\/blockquote>\n<p>&nbsp;<\/p>\n<p>La situaci\u00f3n result\u00f3 llamativa: <strong>la violencia de la respuesta no es habitual en esa dependencia municipal<\/strong>. El director del \u00e1rea plante\u00f3 que<strong> \u201csuele haber alg\u00fan enojo\u201d de los usuarios<\/strong> ante los problemas que se les plantean para completar el tr\u00e1mite, <strong>\u201cpero con este nivel de agresi\u00f3n y de locura, digamos, sinceramente no pasa\u201d<\/strong>. En el cierre, se\u00f1al\u00f3 que \u201cla atenci\u00f3n al p\u00fablico nunca es f\u00e1cil, pero hacemos un trabajo muy grande en eso de la empat\u00eda. Ya que sabemos que es un tr\u00e1mite complejo que a la gente no le gusta hacer\u201d.<\/p>\n<p>&nbsp;<\/p>\n<blockquote class=\"wp-embedded-content\" data-secret=\"TV1plRePs9\"><p><a href=\"https:\/\/cdnoticias.com\/index.php\/2023\/09\/19\/fuertes-lesiones-a-un-policia-en-la-direccion-de-licencias-de-conducir\/\">Fuertes lesiones a un polic\u00eda en la Direcci\u00f3n de Licencias de Conducir<\/a><\/p><\/blockquote>\n<p><iframe loading=\"lazy\" class=\"wp-embedded-content\" sandbox=\"allow-scripts\" security=\"restricted\" style=\"position: absolute; clip: rect(1px, 1px, 1px, 1px);\" title=\"&#8220;Fuertes lesiones a un polic\u00eda en la Direcci\u00f3n de Licencias de Conducir&#8221; &#8212; Central de Noticias | Olavarr\u00eda\" src=\"https:\/\/cdnoticias.com\/index.php\/2023\/09\/19\/fuertes-lesiones-a-un-policia-en-la-direccion-de-licencias-de-conducir\/embed\/#?secret=o81BhBCurx#?secret=TV1plRePs9\" data-secret=\"TV1plRePs9\" width=\"600\" height=\"338\" frameborder=\"0\" marginwidth=\"0\" marginheight=\"0\" scrolling=\"no\"><\/iframe><\/p>\n<p>&nbsp;<\/p>\n","protected":false},"excerpt":{"rendered":"<p>Cont\u00f3 que el agresor hab\u00eda estado en la dependencia el lunes y volvi\u00f3 el martes. El polic\u00eda agredido \u201ctiene cuatro<\/p>\n","protected":false},"author":4,"featured_media":22745,"comment_status":"closed","ping_status":"closed","sticky":false,"template":"","format":"standard","meta":{"_jetpack_memberships_contains_paid_content":false,"footnotes":""},"categories":[5,1],"tags":[],"class_list":["post-96865","post","type-post","status-publish","format-standard","has-post-thumbnail","hentry","category-informacion-general","category-portada"],"jetpack_featured_media_url":"https:\/\/i0.wp.com\/cdnoticias.com\/wp-content\/uploads\/2021\/05\/Leo-Lanceta-e1639521270530.jpg?fit=1799%2C1122&ssl=1","jetpack_sharing_enabled":true,"_links":{"self":[{"href":"https:\/\/cdnoticias.com\/index.php\/wp-json\/wp\/v2\/posts\/96865","targetHints":{"allow":["GET"]}}],"collection":[{"href":"https:\/\/cdnoticias.com\/index.php\/wp-json\/wp\/v2\/posts"}],"about":[{"href":"https:\/\/cdnoticias.com\/index.php\/wp-json\/wp\/v2\/types\/post"}],"author":[{"embeddable":true,"href":"https:\/\/cdnoticias.com\/index.php\/wp-json\/wp\/v2\/users\/4"}],"replies":[{"embeddable":true,"href":"https:\/\/cdnoticias.com\/index.php\/wp-json\/wp\/v2\/comments?post=96865"}],"version-history":[{"count":0,"href":"https:\/\/cdnoticias.com\/index.php\/wp-json\/wp\/v2\/posts\/96865\/revisions"}],"wp:featuredmedia":[{"embeddable":true,"href":"https:\/\/cdnoticias.com\/index.php\/wp-json\/wp\/v2\/media\/22745"}],"wp:attachment":[{"href":"https:\/\/cdnoticias.com\/index.php\/wp-json\/wp\/v2\/media?parent=96865"}],"wp:term":[{"taxonomy":"category","embeddable":true,"href":"https:\/\/cdnoticias.com\/index.php\/wp-json\/wp\/v2\/categories?post=96865"},{"taxonomy":"post_tag","embeddable":true,"href":"https:\/\/cdnoticias.com\/index.php\/wp-json\/wp\/v2\/tags?post=96865"}],"curies":[{"name":"wp","href":"https:\/\/api.w.org\/{rel}","templated":true}]}}