{"id":96861,"date":"2023-09-20T11:32:48","date_gmt":"2023-09-20T14:32:48","guid":{"rendered":"https:\/\/www.centraldenoticias.com.ar\/?p=96861"},"modified":"2023-09-20T11:32:49","modified_gmt":"2023-09-20T14:32:49","slug":"dia-de-la-primavera-habra-asueto-solo-en-los-colegios-de-nivel-secundario","status":"publish","type":"post","link":"https:\/\/cdnoticias.com\/index.php\/2023\/09\/20\/dia-de-la-primavera-habra-asueto-solo-en-los-colegios-de-nivel-secundario\/","title":{"rendered":"D\u00eda de la primavera: habr\u00e1 asueto solo en los colegios de nivel secundario"},"content":{"rendered":"<p>Seg\u00fan dispusieron las autoridades educativas de la provincia, el 21 de septiembre los chicos de primaria e inicial tendr\u00e1n clases.<!--more--><\/p>\n<hr \/>\n<p>El Calendario Escolar del mes de septiembre de la Provincia de Buenos Aires establece que<strong> habr\u00e1 asueto en el nivel secundario, incluyendo a los establecimientos t\u00e9cnicos y las modalidades de Adultos y la rama de Art\u00edstica.<\/strong><\/p>\n<p>&nbsp;<\/p>\n<p>La celebraci\u00f3n del D\u00eda de la primavera coincide con los festejos por el <strong>D\u00eda del Estudiante.<\/strong><\/p>\n<p>&nbsp;<\/p>\n<p>De esta forma, <strong>en los niveles de inicial, primaria y educaci\u00f3n especial los estudiantes deber\u00e1n concurrir a las aulas<\/strong>, en donde se definir\u00e1 el tipo de actividades a realizar por tratarse de una jornada \u201crecreativa\u201d.<\/p>\n<p>&nbsp;<\/p>\n<p>De acuerdo con la cartera educativa de la Provincia, la definici\u00f3n del asueto del D\u00eda de los y las Estudiante tiene como objetivo \u201c<strong>estimular conductas que favorezcan la uni\u00f3n y solidaridad desde una din\u00e1mica social y afectiva para que realmente se incorpore el concepto de estudiante\u201d.<\/strong><\/p>\n","protected":false},"excerpt":{"rendered":"<p>Seg\u00fan dispusieron las autoridades educativas de la provincia, el 21 de septiembre los chicos de primaria e inicial tendr\u00e1n clases.<\/p>\n","protected":false},"author":5,"featured_media":2088,"comment_status":"closed","ping_status":"closed","sticky":false,"template":"","format":"standard","meta":{"_jetpack_memberships_contains_paid_content":false,"footnotes":""},"categories":[6,1],"tags":[],"class_list":["post-96861","post","type-post","status-publish","format-standard","has-post-thumbnail","hentry","category-nacionales","category-portada"],"jetpack_featured_media_url":"https:\/\/i0.wp.com\/cdnoticias.com\/wp-content\/uploads\/2020\/09\/Primavera12.jpg?fit=4608%2C3072&ssl=1","jetpack_sharing_enabled":true,"_links":{"self":[{"href":"https:\/\/cdnoticias.com\/index.php\/wp-json\/wp\/v2\/posts\/96861","targetHints":{"allow":["GET"]}}],"collection":[{"href":"https:\/\/cdnoticias.com\/index.php\/wp-json\/wp\/v2\/posts"}],"about":[{"href":"https:\/\/cdnoticias.com\/index.php\/wp-json\/wp\/v2\/types\/post"}],"author":[{"embeddable":true,"href":"https:\/\/cdnoticias.com\/index.php\/wp-json\/wp\/v2\/users\/5"}],"replies":[{"embeddable":true,"href":"https:\/\/cdnoticias.com\/index.php\/wp-json\/wp\/v2\/comments?post=96861"}],"version-history":[{"count":0,"href":"https:\/\/cdnoticias.com\/index.php\/wp-json\/wp\/v2\/posts\/96861\/revisions"}],"wp:featuredmedia":[{"embeddable":true,"href":"https:\/\/cdnoticias.com\/index.php\/wp-json\/wp\/v2\/media\/2088"}],"wp:attachment":[{"href":"https:\/\/cdnoticias.com\/index.php\/wp-json\/wp\/v2\/media?parent=96861"}],"wp:term":[{"taxonomy":"category","embeddable":true,"href":"https:\/\/cdnoticias.com\/index.php\/wp-json\/wp\/v2\/categories?post=96861"},{"taxonomy":"post_tag","embeddable":true,"href":"https:\/\/cdnoticias.com\/index.php\/wp-json\/wp\/v2\/tags?post=96861"}],"curies":[{"name":"wp","href":"https:\/\/api.w.org\/{rel}","templated":true}]}}