{"id":9685,"date":"2020-12-22T17:48:36","date_gmt":"2020-12-22T20:48:36","guid":{"rendered":"http:\/\/www.centraldenoticias.com.ar\/?p=9685"},"modified":"2020-12-22T19:38:15","modified_gmt":"2020-12-22T22:38:15","slug":"aguilera-la-provincia-en-2021-destinara-mas-de-400-millones-de-obras-a-olavarria","status":"publish","type":"post","link":"https:\/\/cdnoticias.com\/index.php\/2020\/12\/22\/aguilera-la-provincia-en-2021-destinara-mas-de-400-millones-de-obras-a-olavarria\/","title":{"rendered":"Aguilera: \u201cla Provincia en 2021 destinar\u00e1 m\u00e1s de $400 millones de obras\u201d a Olavarr\u00eda"},"content":{"rendered":"<p>&nbsp;<\/p>\n<p>Lo asegur\u00f3 el subsecretario de Miner\u00eda bonaerense luego de la disconformidad del Intendente respecto a la no asignaci\u00f3n de fondos para mantenimiento de caminos rurales.<!--more--><\/p>\n<hr \/>\n<p>D\u00edas atr\u00e1s, la Direcci\u00f3n de Vialidad de la Provincia de Buenos Aires, dependiente de la Subsecretar\u00eda de Obras P\u00fablicas, <a href=\"https:\/\/cdnoticias.com\/index.php\/2020\/12\/21\/caminos-rurales-olavarria-no-esta-incluida-en-el-plan-de-obras-provincial\/\" target=\"_blank\" rel=\"noopener\">licit\u00f3 obras de estabilizaci\u00f3n de Caminos Rurales.<\/a> Se confirm\u00f3, en tanto, que Olavarr\u00eda no est\u00e1 incluida en esta etapa de obras, con una inversi\u00f3n superior a los 570 millones de pesos.<\/p>\n<p>&nbsp;<\/p>\n<p>Ante esto,<strong> el intendente Ezequiel Galli mostr\u00f3 su disconformidad y \u201cenojo\u201d en medios locales<\/strong>, se\u00f1alando como motivo principal que Olavarr\u00eda es <em>\u201cprincipal productora de cabezas de ganado de la Provincia\u201d.<\/em><\/p>\n<p>&nbsp;<\/p>\n<p>Un nuevo cap\u00edtulo se sum\u00f3 a la situaci\u00f3n, cuando <strong>el subsecretario de Miner\u00eda Federico Aguilera, asegur\u00f3 en redes sociales que <em>\u201cla Provincia en 2021 destinar\u00e1 m\u00e1s de $400 millones de obras\u201d<\/em><\/strong> al partido de Olavarr\u00eda.<\/p>\n<p>&nbsp;<\/p>\n<blockquote class=\"twitter-tweet\" data-width=\"550\" data-dnt=\"true\">\n<p lang=\"es\" dir=\"ltr\">La Provincia en 2021 destinara m\u00e1s de $400 millones para obras al ptdo. de Olavarr\u00eda,contra escasos $123 mill de obras con fondos municipales,esto sumado a los $203 mill de asistencia aportados en pandemia.M\u00e1s que bien para un municipio que dec\u00eda ser autosustentable en campa\u00f1a.<\/p>\n<p>&mdash; Federico Aguilera (@FedericoAguile5) <a href=\"https:\/\/twitter.com\/FedericoAguile5\/status\/1341450675314712576?ref_src=twsrc%5Etfw\">December 22, 2020<\/a><\/p><\/blockquote>\n<p><script async src=\"https:\/\/platform.twitter.com\/widgets.js\" charset=\"utf-8\"><\/script><\/p>\n<p>&nbsp;<\/p>\n<p>Adem\u00e1s, compar\u00f3 este monto con los <strong><em>\u201cescasos $123 millones de obras con fondos municipales\u201d<\/em><\/strong>, esto <em>\u201csumado a los $203 millones de asistencia aportados en pandemia\u201d<\/em> y agreg\u00f3 con cr\u00edticas: <em>\u201cm\u00e1s que bien para un municipio que dec\u00eda ser autosustentable en campa\u00f1a\u201d. \u00a0<\/em><\/p>\n<p>&nbsp;<\/p>\n<p>El funcionario provincial sigui\u00f3 enumerando aportes realizados durante este a\u00f1o al mencionar <strong><em>\u201cla Asistencia Alimentaria, Fondo de Cultura y Polo Judicial ($347 millones)\u201d.<\/em><\/strong><\/p>\n<p>&nbsp;<\/p>\n<p>Por \u00faltimo, <strong>agradeci\u00f3 al gobernador de la provincia de Buenos Aires Axel Kicillof<\/strong> <em>\u201cpor tener siempre presente Olavarr\u00eda\u201d.<\/em><\/p>\n<p>&nbsp;<\/p>\n<p><strong>\u00bfHabr\u00e1 m\u00e1s r\u00e9plicas?<\/strong><\/p>\n","protected":false},"excerpt":{"rendered":"<p>&nbsp; Lo asegur\u00f3 el subsecretario de Miner\u00eda bonaerense luego de la disconformidad del Intendente respecto a la no asignaci\u00f3n de<\/p>\n","protected":false},"author":5,"featured_media":5091,"comment_status":"closed","ping_status":"closed","sticky":false,"template":"","format":"standard","meta":{"_jetpack_memberships_contains_paid_content":false,"footnotes":""},"categories":[4,1],"tags":[],"class_list":["post-9685","post","type-post","status-publish","format-standard","has-post-thumbnail","hentry","category-politica","category-portada"],"jetpack_featured_media_url":"https:\/\/i0.wp.com\/cdnoticias.com\/wp-content\/uploads\/2020\/10\/visita4.jpg?fit=720%2C454&ssl=1","jetpack_sharing_enabled":true,"_links":{"self":[{"href":"https:\/\/cdnoticias.com\/index.php\/wp-json\/wp\/v2\/posts\/9685","targetHints":{"allow":["GET"]}}],"collection":[{"href":"https:\/\/cdnoticias.com\/index.php\/wp-json\/wp\/v2\/posts"}],"about":[{"href":"https:\/\/cdnoticias.com\/index.php\/wp-json\/wp\/v2\/types\/post"}],"author":[{"embeddable":true,"href":"https:\/\/cdnoticias.com\/index.php\/wp-json\/wp\/v2\/users\/5"}],"replies":[{"embeddable":true,"href":"https:\/\/cdnoticias.com\/index.php\/wp-json\/wp\/v2\/comments?post=9685"}],"version-history":[{"count":0,"href":"https:\/\/cdnoticias.com\/index.php\/wp-json\/wp\/v2\/posts\/9685\/revisions"}],"wp:featuredmedia":[{"embeddable":true,"href":"https:\/\/cdnoticias.com\/index.php\/wp-json\/wp\/v2\/media\/5091"}],"wp:attachment":[{"href":"https:\/\/cdnoticias.com\/index.php\/wp-json\/wp\/v2\/media?parent=9685"}],"wp:term":[{"taxonomy":"category","embeddable":true,"href":"https:\/\/cdnoticias.com\/index.php\/wp-json\/wp\/v2\/categories?post=9685"},{"taxonomy":"post_tag","embeddable":true,"href":"https:\/\/cdnoticias.com\/index.php\/wp-json\/wp\/v2\/tags?post=9685"}],"curies":[{"name":"wp","href":"https:\/\/api.w.org\/{rel}","templated":true}]}}