{"id":9682,"date":"2020-12-22T17:27:04","date_gmt":"2020-12-22T20:27:04","guid":{"rendered":"http:\/\/www.centraldenoticias.com.ar\/?p=9682"},"modified":"2020-12-22T17:27:04","modified_gmt":"2020-12-22T20:27:04","slug":"el-operativo-de-atencion-de-anses-y-pami-llego-a-hinojo","status":"publish","type":"post","link":"https:\/\/cdnoticias.com\/index.php\/2020\/12\/22\/el-operativo-de-atencion-de-anses-y-pami-llego-a-hinojo\/","title":{"rendered":"El operativo de atenci\u00f3n de  Anses y PAMI lleg\u00f3 a Hinojo"},"content":{"rendered":"<p>Estuvo en el centro de jubilados de la localidad, en una recorrida que incluir\u00e1 en los pr\u00f3ximos d\u00edas a Sierras Bayas, Loma Negra y Sierra Chica.<\/p>\n<p><!--more--><\/p>\n<hr \/>\n<p><a href=\"https:\/\/cdnoticias.com\/index.php\/2020\/12\/20\/cronograma-de-atencion-de-anses-y-pami-en-las-localidades\/\" target=\"_blank\" rel=\"noopener\">Tal cual hab\u00eda sido narrado d\u00edas atr\u00e1s<\/a>, este martes comenz\u00f3 en Hinojo el operativo de atenci\u00f3n organizado de manera conjunta desde Anses y PAMI. <strong>M\u00e1s de 60 vecinos se acercaron\u00a0 a realizar distintos tr\u00e1mites y consultas.<\/strong><\/p>\n<p>&nbsp;<\/p>\n<p>Todo comenz\u00f3 a la 9, con la presencia de los directores locales de ambos organismos. El titular de ANSES, Maximiliano Wesner, destac\u00f3 que <strong>\u201ctuvimos una gran concurrencia de gente esta ma\u00f1ana en Hinojo, los vecinos y vecinas se acercaron para recibir asesoramiento y asistencia sobre diferentes tr\u00e1mites. Algunas de las consultas m\u00e1s frecuentes son acerca de la Asignaci\u00f3n Universal por Hijo, como realizar un poder para que alg\u00fan familiar les pueda cobrar o sobre el estado de las jubilaciones\u201d.<\/strong><\/p>\n<p>&nbsp;<\/p>\n<p><img data-recalc-dims=\"1\" loading=\"lazy\" decoding=\"async\" class=\"alignnone size-full wp-image-9477\" src=\"https:\/\/i0.wp.com\/cdnoticias.com\/wp-content\/uploads\/2020\/12\/pami02.jpg?resize=800%2C456&#038;ssl=1\" alt=\"\" width=\"800\" height=\"456\" srcset=\"https:\/\/i0.wp.com\/cdnoticias.com\/wp-content\/uploads\/2020\/12\/pami02.jpg?w=1015&amp;ssl=1 1015w, https:\/\/i0.wp.com\/cdnoticias.com\/wp-content\/uploads\/2020\/12\/pami02.jpg?resize=300%2C171&amp;ssl=1 300w, https:\/\/i0.wp.com\/cdnoticias.com\/wp-content\/uploads\/2020\/12\/pami02.jpg?resize=768%2C437&amp;ssl=1 768w\" sizes=\"auto, (max-width: 800px) 100vw, 800px\" \/><\/p>\n<p>&nbsp;<\/p>\n<p>En la continuidad de la recorrida <strong>el martes pr\u00f3ximo estar\u00e1n en Sierras Bayas, m\u00e1s precisamente en el centro de jubilados ubicado sobre Rivadavia 2204. Al d\u00eda siguiente lo har\u00e1n en Loma Negra, en el situado en 1\u00b0 de Mayo 1458.<\/strong><\/p>\n<p>&nbsp;<\/p>\n<p><strong>Por \u00faltimo, ya en 2021, el martes 5 de enero llegar\u00e1n a Sierra Chica<\/strong> y atender\u00e1n en avenida Legorburu 1238. Desde PAMI y ANSES destacaron que <strong>&#8220;todas las personas que asistan deber\u00e1n respetar los protocolos sanitarios, distanciamiento social y uso obligatorio de barbijo\u201d.<\/strong><\/p>\n","protected":false},"excerpt":{"rendered":"<p>Estuvo en el centro de jubilados de la localidad, en una recorrida que incluir\u00e1 en los pr\u00f3ximos d\u00edas a Sierras<\/p>\n","protected":false},"author":3,"featured_media":9683,"comment_status":"closed","ping_status":"closed","sticky":false,"template":"","format":"standard","meta":{"_jetpack_memberships_contains_paid_content":false,"footnotes":""},"categories":[5],"tags":[],"class_list":["post-9682","post","type-post","status-publish","format-standard","has-post-thumbnail","hentry","category-informacion-general"],"jetpack_featured_media_url":"https:\/\/i0.wp.com\/cdnoticias.com\/wp-content\/uploads\/2020\/12\/WhatsApp-Image-2020-12-22-at-17.04.27.jpeg?fit=1280%2C772&ssl=1","jetpack_sharing_enabled":true,"_links":{"self":[{"href":"https:\/\/cdnoticias.com\/index.php\/wp-json\/wp\/v2\/posts\/9682","targetHints":{"allow":["GET"]}}],"collection":[{"href":"https:\/\/cdnoticias.com\/index.php\/wp-json\/wp\/v2\/posts"}],"about":[{"href":"https:\/\/cdnoticias.com\/index.php\/wp-json\/wp\/v2\/types\/post"}],"author":[{"embeddable":true,"href":"https:\/\/cdnoticias.com\/index.php\/wp-json\/wp\/v2\/users\/3"}],"replies":[{"embeddable":true,"href":"https:\/\/cdnoticias.com\/index.php\/wp-json\/wp\/v2\/comments?post=9682"}],"version-history":[{"count":0,"href":"https:\/\/cdnoticias.com\/index.php\/wp-json\/wp\/v2\/posts\/9682\/revisions"}],"wp:featuredmedia":[{"embeddable":true,"href":"https:\/\/cdnoticias.com\/index.php\/wp-json\/wp\/v2\/media\/9683"}],"wp:attachment":[{"href":"https:\/\/cdnoticias.com\/index.php\/wp-json\/wp\/v2\/media?parent=9682"}],"wp:term":[{"taxonomy":"category","embeddable":true,"href":"https:\/\/cdnoticias.com\/index.php\/wp-json\/wp\/v2\/categories?post=9682"},{"taxonomy":"post_tag","embeddable":true,"href":"https:\/\/cdnoticias.com\/index.php\/wp-json\/wp\/v2\/tags?post=9682"}],"curies":[{"name":"wp","href":"https:\/\/api.w.org\/{rel}","templated":true}]}}