{"id":96790,"date":"2023-09-19T20:26:21","date_gmt":"2023-09-19T23:26:21","guid":{"rendered":"https:\/\/www.centraldenoticias.com.ar\/?p=96790"},"modified":"2023-09-19T20:26:21","modified_gmt":"2023-09-19T23:26:21","slug":"el-mte-desmintio-a-bullrich-las-personas-pueden-manifestar-su-apoyo-a-quien-quieran","status":"publish","type":"post","link":"https:\/\/cdnoticias.com\/index.php\/2023\/09\/19\/el-mte-desmintio-a-bullrich-las-personas-pueden-manifestar-su-apoyo-a-quien-quieran\/","title":{"rendered":"El MTE desminti\u00f3 a Bullrich: \u201clas personas pueden manifestar su apoyo a quien quieran\u201d"},"content":{"rendered":"<p>Desde la entidad a nivel nacional emitieron un comunicado donde dejaron en claro que \u201clas ideas pol\u00edticas de los trabajadores no tienen nada que ver con su derecho al salario\u201d.<!--more--><\/p>\n<hr \/>\n<p>Luego de que<strong> Patricia Bullrich y Ezequiel Galli denunciaran \u201caprietes\u201d a un trabajador del MTE con quitarle el plan social luego de tomarse im\u00e1genes en la recorrida de la candidata a Presidenta en Olavarr\u00eda, el MTE Nacional emiti\u00f3 un comunicado y desminti\u00f3 a la dirigente.<\/strong><\/p>\n<p>&nbsp;<\/p>\n<blockquote class=\"wp-embedded-content\" data-secret=\"gFMuf5Fw0i\"><p><a href=\"https:\/\/cdnoticias.com\/index.php\/2023\/09\/19\/denunciaron-aprietes-de-quita-de-plan-por-sacarse-una-foto-con-patricia-bullrich\/\">Denunciaron \u201caprietes\u201d de quita de plan por \u201csacarse una foto con Patricia Bullrich\u201d<\/a><\/p><\/blockquote>\n<p><iframe loading=\"lazy\" class=\"wp-embedded-content\" sandbox=\"allow-scripts\" security=\"restricted\" style=\"position: absolute; clip: rect(1px, 1px, 1px, 1px);\" title=\"&#8220;Denunciaron \u201caprietes\u201d de quita de plan por \u201csacarse una foto con Patricia Bullrich\u201d&#8221; &#8212; Central de Noticias | Olavarr\u00eda\" src=\"https:\/\/cdnoticias.com\/index.php\/2023\/09\/19\/denunciaron-aprietes-de-quita-de-plan-por-sacarse-una-foto-con-patricia-bullrich\/embed\/#?secret=3w4F1TulfD#?secret=gFMuf5Fw0i\" data-secret=\"gFMuf5Fw0i\" width=\"600\" height=\"338\" frameborder=\"0\" marginwidth=\"0\" marginheight=\"0\" scrolling=\"no\"><\/iframe><\/p>\n<p>&nbsp;<\/p>\n<p><strong><em>\u201cLas ideas pol\u00edticas de los trabajadores no tienen nada que ver con su derecho al salario\u201d<\/em><\/strong> indicaron en primera instancia y luego explicitaron la desmentida: <em><strong>\u201cNo es verdad que el compa\u00f1ero vaya a dejar de percibirlo.<\/strong> Somos una organizaci\u00f3n gremial sin afiliaci\u00f3n partidaria, que reivindica los derechos de los trabajadores de la econom\u00eda popular\u201d.<\/em><\/p>\n<p>&nbsp;<\/p>\n<blockquote><p>Ratificaron que \u201clas personas pueden manifestar su apoyo a quien quieran y est\u00e1 abierta la discusi\u00f3n pol\u00edtica entre compa\u00f1eros\u201d.<\/p><\/blockquote>\n<p>&nbsp;<\/p>\n<p>Aun as\u00ed, a\u00f1adieron,<strong> recordaron la Carta de Derechos y Obligaciones que tiene la organizaci\u00f3n \u201cpara que todos sean conscientes de sus derechos y evitar abusos\u201d.<\/strong><\/p>\n<p>&nbsp;<\/p>\n<blockquote class=\"twitter-tweet\">\n<p dir=\"ltr\" lang=\"es\">Compartimos los Derechos y las Obligaciones de los trabajadores y las trabajadoras de la Econom\u00eda Popular inscriptos\/as en el Potenciar Trabajo. <a href=\"https:\/\/t.co\/IjDYDklLcG\">pic.twitter.com\/IjDYDklLcG<\/a><\/p>\n<p>\u2014 UTEP (@UTEPoficial) <a href=\"https:\/\/twitter.com\/UTEPoficial\/status\/1548403956707049474?ref_src=twsrc%5Etfw\">July 16, 2022<\/a><\/p><\/blockquote>\n<p><script async src=\"https:\/\/platform.twitter.com\/widgets.js\" charset=\"utf-8\"><\/script><br \/>\nDe esta forma, se\u00f1alaron que no est\u00e1 en riesgo el plan social que percibe el trabajador. En el video, adem\u00e1s, el propio hombre se\u00f1al\u00f3 que se comunicaron desde la organizaci\u00f3n para solicitarle que en caso de tomarse fotos con candidatas como Bullrich, no deb\u00eda usar la indumentaria partidaria del MTE-UTEP.<\/p>\n","protected":false},"excerpt":{"rendered":"<p>Desde la entidad a nivel nacional emitieron un comunicado donde dejaron en claro que \u201clas ideas pol\u00edticas de los trabajadores<\/p>\n","protected":false},"author":2,"featured_media":96783,"comment_status":"closed","ping_status":"closed","sticky":false,"template":"","format":"standard","meta":{"_jetpack_memberships_contains_paid_content":false,"footnotes":""},"categories":[4,1],"tags":[],"class_list":["post-96790","post","type-post","status-publish","format-standard","has-post-thumbnail","hentry","category-politica","category-portada"],"jetpack_featured_media_url":"https:\/\/i0.wp.com\/cdnoticias.com\/wp-content\/uploads\/2023\/09\/bullrich-galli1.jpg?fit=502%2C337&ssl=1","jetpack_sharing_enabled":true,"_links":{"self":[{"href":"https:\/\/cdnoticias.com\/index.php\/wp-json\/wp\/v2\/posts\/96790","targetHints":{"allow":["GET"]}}],"collection":[{"href":"https:\/\/cdnoticias.com\/index.php\/wp-json\/wp\/v2\/posts"}],"about":[{"href":"https:\/\/cdnoticias.com\/index.php\/wp-json\/wp\/v2\/types\/post"}],"author":[{"embeddable":true,"href":"https:\/\/cdnoticias.com\/index.php\/wp-json\/wp\/v2\/users\/2"}],"replies":[{"embeddable":true,"href":"https:\/\/cdnoticias.com\/index.php\/wp-json\/wp\/v2\/comments?post=96790"}],"version-history":[{"count":0,"href":"https:\/\/cdnoticias.com\/index.php\/wp-json\/wp\/v2\/posts\/96790\/revisions"}],"wp:featuredmedia":[{"embeddable":true,"href":"https:\/\/cdnoticias.com\/index.php\/wp-json\/wp\/v2\/media\/96783"}],"wp:attachment":[{"href":"https:\/\/cdnoticias.com\/index.php\/wp-json\/wp\/v2\/media?parent=96790"}],"wp:term":[{"taxonomy":"category","embeddable":true,"href":"https:\/\/cdnoticias.com\/index.php\/wp-json\/wp\/v2\/categories?post=96790"},{"taxonomy":"post_tag","embeddable":true,"href":"https:\/\/cdnoticias.com\/index.php\/wp-json\/wp\/v2\/tags?post=96790"}],"curies":[{"name":"wp","href":"https:\/\/api.w.org\/{rel}","templated":true}]}}