{"id":96777,"date":"2023-09-21T17:10:37","date_gmt":"2023-09-21T20:10:37","guid":{"rendered":"https:\/\/www.centraldenoticias.com.ar\/?p=96777"},"modified":"2023-09-21T17:10:38","modified_gmt":"2023-09-21T20:10:38","slug":"entrega-de-la-mencion-de-honor-al-merito-ciudadano-a-ezequiel-salerno","status":"publish","type":"post","link":"https:\/\/cdnoticias.com\/index.php\/2023\/09\/21\/entrega-de-la-mencion-de-honor-al-merito-ciudadano-a-ezequiel-salerno\/","title":{"rendered":"Entrega de la menci\u00f3n de &#8220;Honor al M\u00e9rito Ciudadano&#8221; a Ezequiel Salerno"},"content":{"rendered":"<p>Se trata de una iniciativa propuesta por la Juventud Radical y Rotarac Club San Vicente, recientemente aprobada por el HCD. De la actividad participaron los concejales Vergel y Matrella.<!--more--><\/p>\n<hr \/>\n<p>El pasado domingo, se hizo entrega de la menci\u00f3n &#8220;<strong>Honor al M\u00e9rito Ciudadano&#8221; a Ezequiel Salerno<\/strong>. Se trata de una iniciativa que fue impulsada por la <strong>Juventud Radical de Olavarr\u00eda y Rotarac Club San Vicente<\/strong> y recientemente aprobada en el Concejo Deliberante.<\/p>\n<p>&nbsp;<\/p>\n<p>De la actividad, que se llev\u00f3 a cabo en la sede de la entidad, participaron los concejales del bloque radical, <strong>Bel\u00e9n Vergel y Sebasti\u00e1n Matrella<\/strong>. &#8220;Salerno es un joven de nuestra ciudad que cuenta con una amplia trayectoria en el Rotarac Club San Vicente y tambi\u00e9n al servicio de la comunidad, con una gran vocaci\u00f3n y compromiso social&#8221; se\u00f1alaron.<\/p>\n<p>&nbsp;<\/p>\n<p><img data-recalc-dims=\"1\" loading=\"lazy\" decoding=\"async\" class=\"aligncenter wp-image-96778 size-full\" src=\"https:\/\/i0.wp.com\/cdnoticias.com\/wp-content\/uploads\/2023\/09\/salerno-distincion-2.jpg?resize=720%2C540&#038;ssl=1\" alt=\"\" width=\"720\" height=\"540\" srcset=\"https:\/\/i0.wp.com\/cdnoticias.com\/wp-content\/uploads\/2023\/09\/salerno-distincion-2.jpg?w=720&amp;ssl=1 720w, https:\/\/i0.wp.com\/cdnoticias.com\/wp-content\/uploads\/2023\/09\/salerno-distincion-2.jpg?resize=300%2C225&amp;ssl=1 300w\" sizes=\"auto, (max-width: 720px) 100vw, 720px\" \/><\/p>\n<p>&nbsp;<\/p>\n<p>Actualmente se desempe\u00f1a como presidente de la Agencia Informativa Argentina Uruguaya Paraguaya (AIRAUP), convirti\u00e9ndose en el primer joven olavarriense en alcanzar este lugar de representaci\u00f3n. La AIRAUP tiene como finalidad difundir informaci\u00f3n y facilitar la comunicaci\u00f3n entre los Clubes Rotarac. A su vez, cuenta con espacios para el desarrollo personal y social de liderazgos.<\/p>\n<p>&nbsp;<\/p>\n<p>Al respecto, la edil Vergel manifest\u00f3 que &#8220;<em>en la tarde del domingo, Ezequiel llega al Rotarac Club San Vicente junto a su familia enga\u00f1ado, ya que la distinci\u00f3n era una sorpresa. Ah\u00ed est\u00e1bamos esper\u00e1ndolo junto a la JR, quienes fueron los autores de esta propuesta. Compartimos una merienda, en donde se convers\u00f3 sobre la importancia de la participaci\u00f3n joven y el compromiso y Ezequiel cont\u00f3 su experiencia, su trayectoria y la agenda que tiene por delante en este nuevo rol que le toca desempe\u00f1ar&#8221;.<\/em><\/p>\n<p>&nbsp;<\/p>\n","protected":false},"excerpt":{"rendered":"<p>Se trata de una iniciativa propuesta por la Juventud Radical y Rotarac Club San Vicente, recientemente aprobada por el HCD.<\/p>\n","protected":false},"author":6,"featured_media":96779,"comment_status":"closed","ping_status":"closed","sticky":false,"template":"","format":"standard","meta":{"_jetpack_memberships_contains_paid_content":false,"footnotes":""},"categories":[4,1],"tags":[],"class_list":["post-96777","post","type-post","status-publish","format-standard","has-post-thumbnail","hentry","category-politica","category-portada"],"jetpack_featured_media_url":"https:\/\/i0.wp.com\/cdnoticias.com\/wp-content\/uploads\/2023\/09\/salerno-distincion-1.jpg?fit=720%2C540&ssl=1","jetpack_sharing_enabled":true,"_links":{"self":[{"href":"https:\/\/cdnoticias.com\/index.php\/wp-json\/wp\/v2\/posts\/96777","targetHints":{"allow":["GET"]}}],"collection":[{"href":"https:\/\/cdnoticias.com\/index.php\/wp-json\/wp\/v2\/posts"}],"about":[{"href":"https:\/\/cdnoticias.com\/index.php\/wp-json\/wp\/v2\/types\/post"}],"author":[{"embeddable":true,"href":"https:\/\/cdnoticias.com\/index.php\/wp-json\/wp\/v2\/users\/6"}],"replies":[{"embeddable":true,"href":"https:\/\/cdnoticias.com\/index.php\/wp-json\/wp\/v2\/comments?post=96777"}],"version-history":[{"count":0,"href":"https:\/\/cdnoticias.com\/index.php\/wp-json\/wp\/v2\/posts\/96777\/revisions"}],"wp:featuredmedia":[{"embeddable":true,"href":"https:\/\/cdnoticias.com\/index.php\/wp-json\/wp\/v2\/media\/96779"}],"wp:attachment":[{"href":"https:\/\/cdnoticias.com\/index.php\/wp-json\/wp\/v2\/media?parent=96777"}],"wp:term":[{"taxonomy":"category","embeddable":true,"href":"https:\/\/cdnoticias.com\/index.php\/wp-json\/wp\/v2\/categories?post=96777"},{"taxonomy":"post_tag","embeddable":true,"href":"https:\/\/cdnoticias.com\/index.php\/wp-json\/wp\/v2\/tags?post=96777"}],"curies":[{"name":"wp","href":"https:\/\/api.w.org\/{rel}","templated":true}]}}