{"id":96772,"date":"2023-09-19T20:31:52","date_gmt":"2023-09-19T23:31:52","guid":{"rendered":"https:\/\/www.centraldenoticias.com.ar\/?p=96772"},"modified":"2023-09-19T20:31:52","modified_gmt":"2023-09-19T23:31:52","slug":"ellas-no-fueron-contadas-importante-distincion-para-yanela-alves-y-victoria-altavista","status":"publish","type":"post","link":"https:\/\/cdnoticias.com\/index.php\/2023\/09\/19\/ellas-no-fueron-contadas-importante-distincion-para-yanela-alves-y-victoria-altavista\/","title":{"rendered":"&#8220;Ellas no fueron contadas&#8221;: importante distinci\u00f3n para Yanela Alves y Victoria Altavista"},"content":{"rendered":"<p>\u201cLa Madame que canta Victoria\u201d es el t\u00edtulo de la obra de Yanela Alves que fue reconocida por el prestigioso jurado con la Primera Menci\u00f3n.<!--more--><\/p>\n<hr \/>\n<p>La ministra <strong>Estela D\u00edaz<\/strong> present\u00f3 este lunes en La Plata la tercera edici\u00f3n del <strong>tercer libro del Programa \u201cEllas no fueron contadas<\/strong>\u201d junto a la directora de provincial de Comunicaci\u00f3n Soraya Polonara y las juradas Marta Vasallo, Sandra Russo, Paloma Sanchez y Claudia Bernazza.<\/p>\n<p>&nbsp;<\/p>\n<p>El libro incluye la <strong>historia de vida de Victoria Altavista, militante trans<\/strong> que conduce el Espacio de Diversidad Sexual y Disidencias del Sindicato de Trabajadores Municipales de Olavarr\u00eda. La obra de la periodista olavarriense <strong>Yanela Alves,<\/strong> repasa distintos momentos de la vida de Victoria y fue distinguido con Primera Menci\u00f3n en el concurso bonaerense.<\/p>\n<p>&nbsp;<\/p>\n<p>Ambas estuvieron presentes en la emotiva ceremonia realizada en la capital provincial. Este a\u00f1o la convocatoria cont\u00f3 con tres categor\u00edas: <strong>Historias de vida de mujeres y LGTBI+; Relatos en primera persona, el Estado en tu vida; Ficci\u00f3n sobre tem\u00e1tica de g\u00e9nero,<\/strong> situada en el territorio bonaerense.<\/p>\n<p>&nbsp;<\/p>\n<p><img data-recalc-dims=\"1\" loading=\"lazy\" decoding=\"async\" class=\"aligncenter wp-image-96774 size-large\" src=\"https:\/\/i0.wp.com\/cdnoticias.com\/wp-content\/uploads\/2023\/09\/ellas-no-fueron-contadas-madame-lu-2.jpeg?resize=800%2C533&#038;ssl=1\" alt=\"\" width=\"800\" height=\"533\" srcset=\"https:\/\/i0.wp.com\/cdnoticias.com\/wp-content\/uploads\/2023\/09\/ellas-no-fueron-contadas-madame-lu-2.jpeg?resize=1024%2C682&amp;ssl=1 1024w, https:\/\/i0.wp.com\/cdnoticias.com\/wp-content\/uploads\/2023\/09\/ellas-no-fueron-contadas-madame-lu-2.jpeg?resize=300%2C200&amp;ssl=1 300w, https:\/\/i0.wp.com\/cdnoticias.com\/wp-content\/uploads\/2023\/09\/ellas-no-fueron-contadas-madame-lu-2.jpeg?resize=768%2C512&amp;ssl=1 768w, https:\/\/i0.wp.com\/cdnoticias.com\/wp-content\/uploads\/2023\/09\/ellas-no-fueron-contadas-madame-lu-2.jpeg?resize=1536%2C1023&amp;ssl=1 1536w, https:\/\/i0.wp.com\/cdnoticias.com\/wp-content\/uploads\/2023\/09\/ellas-no-fueron-contadas-madame-lu-2.jpeg?resize=272%2C182&amp;ssl=1 272w, https:\/\/i0.wp.com\/cdnoticias.com\/wp-content\/uploads\/2023\/09\/ellas-no-fueron-contadas-madame-lu-2.jpeg?w=1600&amp;ssl=1 1600w\" sizes=\"auto, (max-width: 800px) 100vw, 800px\" \/><\/p>\n<p>&nbsp;<\/p>\n<blockquote><p>\u201cLa Madame que canta Victoria\u201d es el t\u00edtulo de la obra de Yanela Alves que fue reconocida por el prestigioso jurado con la Primera Menci\u00f3n.<\/p><\/blockquote>\n<p>&nbsp;<\/p>\n<p>\u201cSi hay algo que el feminismo nos ha ense\u00f1ado, que parte de los mandatos pol\u00edticos que tenemos que llevar adelante es reconstruir las historias, reconstruir las genealog\u00edas, traer las voces a lo p\u00fablico\u201d afirm\u00f3 Estela D\u00edaz y agreg\u00f3: \u201c<em><strong>Ellas no fueron contadas, est\u00e1 lleno de escritoras que es la primera vez que escriben. Es la pol\u00edtica que te llama a vos en tu comunidad, en tu lugar de trabajo, para que te animes, para que hagas visible esa capacidad, ese talento, esa creatividad que tenemos la inmensa mayor\u00eda de las personas\u201d.<\/strong><\/em><\/p>\n<p>&nbsp;<\/p>\n<p>Por su parte, Soraya Polonara realiz\u00f3 una s\u00edntesis del concurso desde el 2020 cuando se realiz\u00f3 la primera edici\u00f3n y remarc\u00f3 la importancia de que los tres libros fueron impresos por completo en la imprenta del Estado Bonaerense. Adem\u00e1s afirm\u00f3: \u201c<em>Este concurso no se va a detener, vamos a seguir visibilizando historias de mujeres bonaerenses y diversidades\u201d.<\/em><\/p>\n<p>&nbsp;<\/p>\n<p>Por \u00faltimo, durante el encuentro se leyeron fragmentos de los relatos ganadores de las autoras Sheila Anah\u00ed Acosta Anzalona de Ostende; Silvia Giglia de Temperley y Mar\u00eda Cecilia Corda de La Plata. Adem\u00e1s se entregaron diplomas a las autoras e ilustradoras de esta tercera edici\u00f3n y menciones a las ganadoras del cuarto concurso.<\/p>\n","protected":false},"excerpt":{"rendered":"<p>\u201cLa Madame que canta Victoria\u201d es el t\u00edtulo de la obra de Yanela Alves que fue reconocida por el prestigioso<\/p>\n","protected":false},"author":6,"featured_media":96775,"comment_status":"closed","ping_status":"closed","sticky":false,"template":"","format":"standard","meta":{"_jetpack_memberships_contains_paid_content":false,"footnotes":""},"categories":[3,1],"tags":[],"class_list":["post-96772","post","type-post","status-publish","format-standard","has-post-thumbnail","hentry","category-genero","category-portada"],"jetpack_featured_media_url":"https:\/\/i0.wp.com\/cdnoticias.com\/wp-content\/uploads\/2023\/09\/ellas-no-fueron-contadas-madame-lu-1.jpeg?fit=1024%2C683&ssl=1","jetpack_sharing_enabled":true,"_links":{"self":[{"href":"https:\/\/cdnoticias.com\/index.php\/wp-json\/wp\/v2\/posts\/96772","targetHints":{"allow":["GET"]}}],"collection":[{"href":"https:\/\/cdnoticias.com\/index.php\/wp-json\/wp\/v2\/posts"}],"about":[{"href":"https:\/\/cdnoticias.com\/index.php\/wp-json\/wp\/v2\/types\/post"}],"author":[{"embeddable":true,"href":"https:\/\/cdnoticias.com\/index.php\/wp-json\/wp\/v2\/users\/6"}],"replies":[{"embeddable":true,"href":"https:\/\/cdnoticias.com\/index.php\/wp-json\/wp\/v2\/comments?post=96772"}],"version-history":[{"count":0,"href":"https:\/\/cdnoticias.com\/index.php\/wp-json\/wp\/v2\/posts\/96772\/revisions"}],"wp:featuredmedia":[{"embeddable":true,"href":"https:\/\/cdnoticias.com\/index.php\/wp-json\/wp\/v2\/media\/96775"}],"wp:attachment":[{"href":"https:\/\/cdnoticias.com\/index.php\/wp-json\/wp\/v2\/media?parent=96772"}],"wp:term":[{"taxonomy":"category","embeddable":true,"href":"https:\/\/cdnoticias.com\/index.php\/wp-json\/wp\/v2\/categories?post=96772"},{"taxonomy":"post_tag","embeddable":true,"href":"https:\/\/cdnoticias.com\/index.php\/wp-json\/wp\/v2\/tags?post=96772"}],"curies":[{"name":"wp","href":"https:\/\/api.w.org\/{rel}","templated":true}]}}